{"id":20619,"date":"2020-02-09T19:03:23","date_gmt":"2020-02-09T17:03:23","guid":{"rendered":"http:\/\/blogit.meillakotona.fi\/pihkala\/?p=20619"},"modified":"2020-02-09T19:04:08","modified_gmt":"2020-02-09T17:04:08","slug":"kaksioni-remontti-ennen-jalkeen-kuvat","status":"publish","type":"post","link":"https:\/\/blogit.meillakotona.fi\/pihkala\/kaksioni-remontti-ennen-jalkeen-kuvat\/","title":{"rendered":"Kaksioni remontti: ennen-j\u00e4lkeen kuvat"},"content":{"rendered":"<p><img decoding=\"async\" loading=\"lazy\" class=\"aligncenter size-full wp-image-18799\" src=\"https:\/\/blogit-cdn.a-lehdet.fi\/uploads\/sites\/20\/2019\/06\/kesacc88olkkari11-1200.jpg\" alt=\"\" width=\"1200\" height=\"1200\"><\/p>\n<p>T\u00e4ss\u00e4 pohdiskellessani remonttijuttuja tajusin, ett\u00e4 en ole tainnut koskaan tehd\u00e4 varsinaista ennen-j\u00e4lkeen postausta kotini remontista. Toki olen kirjoitellut aiheesta erillisiss\u00e4 huonekohtaisissa postauksissa, mutta kattava koonti koko asunnon remontista on j\u00e4\u00e4nyt tekem\u00e4tt\u00e4. Ja koska kaikki rakastavat ennen-j\u00e4lkeen kuvia, p\u00e4\u00e4tin viel\u00e4 kasata t\u00e4llaisen koosteen. Seuraavaksi siis hyp\u00e4t\u00e4\u00e4n viel\u00e4 takaisin puolentoista vuoden takaiseen l\u00e4ht\u00f6tilanteeseen ja kurkataan, millainen muutos t\u00e4\u00e4ll\u00e4 onkaan tapahtunut.<\/p>\n<p>Remontissa koko asunto k\u00e4ytiin l\u00e4pi. Ehdottomasti suurit\u00f6isin ja kallein osa-alue oli kylpyhuoneen remontti, my\u00f6s keitti\u00f6 remontoitiin kokonaan, jonka parissa riitti puuhaa. Lis\u00e4ksi s\u00e4hk\u00f6j\u00e4 vedettiin uusiksi, pistorasioiden m\u00e4\u00e4r\u00e4\u00e4 lis\u00e4ttiin ja s\u00e4hk\u00f6kalusteet vaihdettiin vanhan ajan henkeen sopiviksi Renova-kalusteiksi. K\u00e4vin my\u00f6s l\u00e4pi kaikkien tilojen pinnat katosta lattiaan l\u00e4pi eli maalausta ja tasoitushommia on riitt\u00e4nyt. Mutta kyll\u00e4 muutostakin tapahtui, vaikka l\u00e4ht\u00f6tilanne suht siistikuntoinen jo olikin.<\/p>\n<figure id=\"attachment_20627\" aria-describedby=\"caption-attachment-20627\" style=\"width: 1200px\" class=\"wp-caption aligncenter\"><img decoding=\"async\" loading=\"lazy\" class=\"wp-image-20627 size-full\" src=\"https:\/\/blogit-cdn.a-lehdet.fi\/uploads\/sites\/20\/2020\/02\/olkkariennen2-1200.jpg\" alt=\"\" width=\"1200\" height=\"800\" srcset=\"https:\/\/blogit-cdn.a-lehdet.fi\/uploads\/sites\/20\/2020\/02\/olkkariennen2-1200.jpg 1200w, https:\/\/blogit-cdn.a-lehdet.fi\/uploads\/sites\/20\/2020\/02\/olkkariennen2-1200-300x200.jpg 300w, https:\/\/blogit-cdn.a-lehdet.fi\/uploads\/sites\/20\/2020\/02\/olkkariennen2-1200-768x512.jpg 768w, https:\/\/blogit-cdn.a-lehdet.fi\/uploads\/sites\/20\/2020\/02\/olkkariennen2-1200-1024x683.jpg 1024w\" sizes=\"(max-width: 1200px) 100vw, 1200px\" \/><figcaption id=\"caption-attachment-20627\" class=\"wp-caption-text\">olohuone ennen<\/figcaption><\/figure>\n<figure id=\"attachment_18644\" aria-describedby=\"caption-attachment-18644\" style=\"width: 1200px\" class=\"wp-caption alignnone\"><img decoding=\"async\" loading=\"lazy\" class=\"wp-image-18644 size-full\" src=\"https:\/\/blogit-cdn.a-lehdet.fi\/uploads\/sites\/20\/2019\/06\/keltaista4-1200.jpg\" alt=\"\" width=\"1200\" height=\"1200\"><figcaption id=\"caption-attachment-18644\" class=\"wp-caption-text\">olohuone j\u00e4lkeen<\/figcaption><\/figure>\n<figure id=\"attachment_20626\" aria-describedby=\"caption-attachment-20626\" style=\"width: 1200px\" class=\"wp-caption aligncenter\"><img decoding=\"async\" loading=\"lazy\" class=\"wp-image-20626 size-full\" src=\"https:\/\/blogit-cdn.a-lehdet.fi\/uploads\/sites\/20\/2020\/02\/olkkariennen1-1200.jpg\" alt=\"\" width=\"1200\" height=\"800\" srcset=\"https:\/\/blogit-cdn.a-lehdet.fi\/uploads\/sites\/20\/2020\/02\/olkkariennen1-1200.jpg 1200w, https:\/\/blogit-cdn.a-lehdet.fi\/uploads\/sites\/20\/2020\/02\/olkkariennen1-1200-300x200.jpg 300w, https:\/\/blogit-cdn.a-lehdet.fi\/uploads\/sites\/20\/2020\/02\/olkkariennen1-1200-768x512.jpg 768w, https:\/\/blogit-cdn.a-lehdet.fi\/uploads\/sites\/20\/2020\/02\/olkkariennen1-1200-1024x683.jpg 1024w\" sizes=\"(max-width: 1200px) 100vw, 1200px\" \/><figcaption id=\"caption-attachment-20626\" class=\"wp-caption-text\">olohuone ennen<\/figcaption><\/figure>\n<figure id=\"attachment_18450\" aria-describedby=\"caption-attachment-18450\" style=\"width: 800px\" class=\"wp-caption aligncenter\"><img decoding=\"async\" loading=\"lazy\" class=\"wp-image-18450 size-full\" src=\"https:\/\/blogit-cdn.a-lehdet.fi\/uploads\/sites\/20\/2019\/05\/kattaus1-800-1.jpg\" alt=\"\" width=\"800\" height=\"1200\" srcset=\"https:\/\/blogit-cdn.a-lehdet.fi\/uploads\/sites\/20\/2019\/05\/kattaus1-800-1.jpg 800w, https:\/\/blogit-cdn.a-lehdet.fi\/uploads\/sites\/20\/2019\/05\/kattaus1-800-1-200x300.jpg 200w, https:\/\/blogit-cdn.a-lehdet.fi\/uploads\/sites\/20\/2019\/05\/kattaus1-800-1-768x1152.jpg 768w, https:\/\/blogit-cdn.a-lehdet.fi\/uploads\/sites\/20\/2019\/05\/kattaus1-800-1-683x1024.jpg 683w\" sizes=\"(max-width: 800px) 100vw, 800px\" \/><figcaption id=\"caption-attachment-18450\" class=\"wp-caption-text\">olohuone j\u00e4lkeen<\/figcaption><\/figure>\n<h3>Olohuone<\/h3>\n<p>Olohuoneen suhteen p\u00e4\u00e4stiin pitk\u00e4lle pelk\u00e4ll\u00e4 maalaamisella ja tasoittamisella, ja suurin muutos onkin ollut tilan s\u00e4vymaailmassa. Yhdell\u00e4 sein\u00e4ll\u00e4 ollut tapetti poistettiin, huoneeseen vedettiin muutama pistorasia lis\u00e4\u00e4 ja roilotettiin paikat kiviseiniin, ja pinnat k\u00e4ytiin l\u00e4pi maalaamalla: lattia, sein\u00e4t, patteri, ikkunasyvennys, ovet ja listat. Listat maalasin samaan s\u00e4vyyn seinien kanssa, jolloin ne uppoavat kokonaisuuteen sulavammin. Pariovet puolestaan halusin nostaa erityisesti esille, ja n\u00e4iden tummansininen s\u00e4vy on edelleen lempijuttujani asunnossa &#8211; t\u00e4t\u00e4 valintaa en tosiaan ole katunut. Olohuone oli tiloista v\u00e4h\u00e4t\u00f6isin, mutta kyll\u00e4 senkin kanssa sai tuhraantumaan aikaa, sill\u00e4 tein kaiken itse s\u00e4hk\u00f6t\u00f6it\u00e4 lukuunottamatta. Hiominen, tasoitus ja maalauskin ottaa aina oman aikansa.<\/p>\n<figure id=\"attachment_20622\" aria-describedby=\"caption-attachment-20622\" style=\"width: 1200px\" class=\"wp-caption aligncenter\"><img decoding=\"async\" loading=\"lazy\" class=\"wp-image-20622 size-full\" src=\"https:\/\/blogit-cdn.a-lehdet.fi\/uploads\/sites\/20\/2020\/02\/keittiocc88ennen1-1200.jpg\" alt=\"\" width=\"1200\" height=\"1200\"><figcaption id=\"caption-attachment-20622\" class=\"wp-caption-text\">keitti\u00f6 ennen<\/figcaption><\/figure>\n<figure id=\"attachment_19333\" aria-describedby=\"caption-attachment-19333\" style=\"width: 1200px\" class=\"wp-caption aligncenter\"><img decoding=\"async\" loading=\"lazy\" class=\"wp-image-19333 size-full\" src=\"https:\/\/blogit-cdn.a-lehdet.fi\/uploads\/sites\/20\/2019\/08\/keititocc88matto1-1200.jpg\" alt=\"\" width=\"1200\" height=\"1200\"><figcaption id=\"caption-attachment-19333\" class=\"wp-caption-text\">keitti\u00f6 j\u00e4lkeen<\/figcaption><\/figure>\n<figure id=\"attachment_20623\" aria-describedby=\"caption-attachment-20623\" style=\"width: 1200px\" class=\"wp-caption aligncenter\"><img decoding=\"async\" loading=\"lazy\" class=\"wp-image-20623 size-full\" src=\"https:\/\/blogit-cdn.a-lehdet.fi\/uploads\/sites\/20\/2020\/02\/keittiocc88ennen2-1200.jpg\" alt=\"\" width=\"1200\" height=\"1200\"><figcaption id=\"caption-attachment-20623\" class=\"wp-caption-text\">keitti\u00f6 ennen<\/figcaption><\/figure>\n<figure id=\"attachment_18476\" aria-describedby=\"caption-attachment-18476\" style=\"width: 800px\" class=\"wp-caption aligncenter\"><img decoding=\"async\" loading=\"lazy\" class=\"wp-image-18476 size-full\" src=\"https:\/\/blogit-cdn.a-lehdet.fi\/uploads\/sites\/20\/2019\/05\/keittiocc88npocc88ytacc882-800-1.jpg\" alt=\"\" width=\"800\" height=\"1200\" srcset=\"https:\/\/blogit-cdn.a-lehdet.fi\/uploads\/sites\/20\/2019\/05\/keittiocc88npocc88ytacc882-800-1.jpg 800w, https:\/\/blogit-cdn.a-lehdet.fi\/uploads\/sites\/20\/2019\/05\/keittiocc88npocc88ytacc882-800-1-200x300.jpg 200w, https:\/\/blogit-cdn.a-lehdet.fi\/uploads\/sites\/20\/2019\/05\/keittiocc88npocc88ytacc882-800-1-768x1152.jpg 768w, https:\/\/blogit-cdn.a-lehdet.fi\/uploads\/sites\/20\/2019\/05\/keittiocc88npocc88ytacc882-800-1-683x1024.jpg 683w\" sizes=\"(max-width: 800px) 100vw, 800px\" \/><figcaption id=\"caption-attachment-18476\" class=\"wp-caption-text\">keitti\u00f6 j\u00e4lkeen<\/figcaption><\/figure>\n<h3>Keitti\u00f6<\/h3>\n<p>Keitti\u00f6 olikin sitten sellainen tila, jonka parissa tuhraantui aikaa selv\u00e4sti enemm\u00e4n. Keitti\u00f6n asennuksen j\u00e4tin ammattilaisille, mutta muut ty\u00f6t tein itse. Suurit\u00f6isin juttu oli ehdottomasti tuon aamiaisnurkkauksen muurattujen yl\u00e4kaappien purku ja kolon tasoitus, sen kanssa meinasi jo v\u00e4h\u00e4n usko loppua. T\u00e4st\u00e4 kohdasta alakaapit oli jo aiemmin purettu, enk\u00e4 halunnut j\u00e4tt\u00e4\u00e4 yl\u00e4kaappeja roikkumaan p\u00e4\u00e4n p\u00e4\u00e4lle &#8211; ilman niit\u00e4 kokonaisuus on minusta paljon kevyempi. Uusilla ratkaisuilla my\u00f6s keitti\u00f6kaapistot keveniv\u00e4t kivasti ja koko tilasta tuli ilmavampi. Vanhatkin, viel\u00e4 siistit ja hyv\u00e4kuntoiset kaapit p\u00e4\u00e4siv\u00e4t Tori.fi:n kautta uusiok\u00e4ytt\u00f6\u00f6n, joten remontti oli win-win tilanne kummaltakin kannalta.<\/p>\n<figure id=\"attachment_20620\" aria-describedby=\"caption-attachment-20620\" style=\"width: 1200px\" class=\"wp-caption aligncenter\"><img decoding=\"async\" loading=\"lazy\" class=\"wp-image-20620 size-full\" src=\"https:\/\/blogit-cdn.a-lehdet.fi\/uploads\/sites\/20\/2020\/02\/eteinenennen1-1200.jpg\" alt=\"\" width=\"1200\" height=\"1200\"><figcaption id=\"caption-attachment-20620\" class=\"wp-caption-text\">eteinen ennen<\/figcaption><\/figure>\n<figure id=\"attachment_18589\" aria-describedby=\"caption-attachment-18589\" style=\"width: 1200px\" class=\"wp-caption aligncenter\"><img decoding=\"async\" loading=\"lazy\" class=\"wp-image-18589 size-full\" src=\"https:\/\/blogit-cdn.a-lehdet.fi\/uploads\/sites\/20\/2019\/05\/eteisenmatto8-1200-1.jpg\" alt=\"\" width=\"1200\" height=\"1200\"><figcaption id=\"caption-attachment-18589\" class=\"wp-caption-text\">eteinen j\u00e4lkeen<\/figcaption><\/figure>\n<figure id=\"attachment_20621\" aria-describedby=\"caption-attachment-20621\" style=\"width: 1200px\" class=\"wp-caption aligncenter\"><img decoding=\"async\" loading=\"lazy\" class=\"wp-image-20621 size-full\" src=\"https:\/\/blogit-cdn.a-lehdet.fi\/uploads\/sites\/20\/2020\/02\/eteinenennen2-1200.jpg\" alt=\"\" width=\"1200\" height=\"1200\"><figcaption id=\"caption-attachment-20621\" class=\"wp-caption-text\">eteinen ennen<\/figcaption><\/figure>\n<figure id=\"attachment_18586\" aria-describedby=\"caption-attachment-18586\" style=\"width: 1200px\" class=\"wp-caption aligncenter\"><img decoding=\"async\" loading=\"lazy\" class=\"wp-image-18586 size-full\" src=\"https:\/\/blogit-cdn.a-lehdet.fi\/uploads\/sites\/20\/2019\/05\/eteisenmatto3-1200-1.jpg\" alt=\"\" width=\"1200\" height=\"1200\"><figcaption id=\"caption-attachment-18586\" class=\"wp-caption-text\">eteinen j\u00e4lkeen<\/figcaption><\/figure>\n<h3>Eteinen<\/h3>\n<p>Eteisess\u00e4 (kuten muuallakin asunnossa) oli outoja s\u00e4hk\u00f6virityksi\u00e4, kuten oven p\u00e4\u00e4ll\u00e4 kulkenut s\u00e4hkojohto, n\u00e4m\u00e4 saivat remontissa l\u00e4hte\u00e4. My\u00f6s t\u00e4m\u00e4n tilan maalasin lattiasta kattoon uusiksi, lis\u00e4ksi vanha eteiskaapistokin sai uuden maalipinnan. T\u00e4m\u00e4n ymp\u00e4rille rakensin my\u00f6s pienen naulakon paneloituine takaseinineen, ja samalla piilotin my\u00f6s s\u00e4hk\u00f6mittarin pienen kotelon alle. N\u00e4in ilme siistiytyi ja eteiss\u00e4ilytystila lis\u00e4\u00e4ntyi mukavasti.<\/p>\n<figure id=\"attachment_20624\" aria-describedby=\"caption-attachment-20624\" style=\"width: 1200px\" class=\"wp-caption aligncenter\"><img decoding=\"async\" loading=\"lazy\" class=\"wp-image-20624 size-full\" src=\"https:\/\/blogit-cdn.a-lehdet.fi\/uploads\/sites\/20\/2020\/02\/makkariennen1-1200.jpg\" alt=\"\" width=\"1200\" height=\"1200\"><figcaption id=\"caption-attachment-20624\" class=\"wp-caption-text\">makuuhuone ennen<\/figcaption><\/figure>\n<figure id=\"attachment_18881\" aria-describedby=\"caption-attachment-18881\" style=\"width: 1200px\" class=\"wp-caption aligncenter\"><img decoding=\"async\" loading=\"lazy\" class=\"wp-image-18881 size-full\" src=\"https:\/\/blogit-cdn.a-lehdet.fi\/uploads\/sites\/20\/2019\/07\/makkarihylly9-1200.jpg\" alt=\"\" width=\"1200\" height=\"1200\"><figcaption id=\"caption-attachment-18881\" class=\"wp-caption-text\">makuuhuone j\u00e4lkeen<\/figcaption><\/figure>\n<figure id=\"attachment_20625\" aria-describedby=\"caption-attachment-20625\" style=\"width: 1200px\" class=\"wp-caption aligncenter\"><img decoding=\"async\" loading=\"lazy\" class=\"wp-image-20625 size-full\" src=\"https:\/\/blogit-cdn.a-lehdet.fi\/uploads\/sites\/20\/2020\/02\/makkariennen2-1200.jpg\" alt=\"\" width=\"1200\" height=\"1200\"><figcaption id=\"caption-attachment-20625\" class=\"wp-caption-text\">makuuhuone ennen<\/figcaption><\/figure>\n<figure id=\"attachment_20453\" aria-describedby=\"caption-attachment-20453\" style=\"width: 1200px\" class=\"wp-caption aligncenter\"><img decoding=\"async\" loading=\"lazy\" class=\"wp-image-20453 size-full\" src=\"https:\/\/blogit-cdn.a-lehdet.fi\/uploads\/sites\/20\/2020\/01\/vaaleat-samettiverhot-1-of-2.jpg\" alt=\"\" width=\"1200\" height=\"1200\"><figcaption id=\"caption-attachment-20453\" class=\"wp-caption-text\">makuuhuone j\u00e4lkeen<\/figcaption><\/figure>\n<h3>Makuuhuone<\/h3>\n<p>Makkari sai kokonaan uuden v\u00e4rin: maalasin sein\u00e4t, kaapistot, listat ja patterin kauttaaltaan samalla harmaan s\u00e4vyll\u00e4. My\u00f6s t\u00e4ss\u00e4 tilassa tehtiin s\u00e4hk\u00f6t\u00f6it\u00e4, pistorasioita lis\u00e4ttiin s\u00e4ngyn molemmille puolille ja sein\u00e4kiinnitteisille y\u00f6valaisimille roilotettiin s\u00e4hk\u00f6vedot sein\u00e4\u00e4n. N\u00e4iss\u00e4 roilotushommissa oli aika paljon puuhaa, mutta se ehdottomasti kannatti: sein\u00e4kiinnitteiset valaisimet ovat k\u00e4yt\u00f6ss\u00e4 ihanat ja pistorasioita tarvitaan aina. Tuosta patterin maalauksesta kysyt\u00e4\u00e4n aina v\u00e4h\u00e4n v\u00e4li\u00e4, itse k\u00e4ytin siin\u00e4 pient\u00e4 telaa ja pitk\u00e4\u00e4 patterisivellint\u00e4. Hidasta hommaa, mutta maalattavahan nuo oli kauttaaltaan asunnossa, muuten olisivat pist\u00e4neet liiaksi silm\u00e4\u00e4n muuten l\u00e4pik\u00e4ytyjen pintojen keskell\u00e4.<\/p>\n<figure id=\"attachment_20628\" aria-describedby=\"caption-attachment-20628\" style=\"width: 1200px\" class=\"wp-caption aligncenter\"><img decoding=\"async\" loading=\"lazy\" class=\"wp-image-20628 size-full\" src=\"https:\/\/blogit-cdn.a-lehdet.fi\/uploads\/sites\/20\/2020\/02\/kylppacc88riennen1-1200.jpg\" alt=\"\" width=\"1200\" height=\"1200\"><figcaption id=\"caption-attachment-20628\" class=\"wp-caption-text\">kylpyhuone ennen<\/figcaption><\/figure>\n<figure id=\"attachment_17996\" aria-describedby=\"caption-attachment-17996\" style=\"width: 800px\" class=\"wp-caption aligncenter\"><img decoding=\"async\" loading=\"lazy\" class=\"wp-image-17996 size-full\" src=\"https:\/\/blogit-cdn.a-lehdet.fi\/uploads\/sites\/20\/2019\/03\/kylppacc88ri5-800.jpg\" alt=\"\" width=\"800\" height=\"1200\" srcset=\"https:\/\/blogit-cdn.a-lehdet.fi\/uploads\/sites\/20\/2019\/03\/kylppacc88ri5-800.jpg 800w, https:\/\/blogit-cdn.a-lehdet.fi\/uploads\/sites\/20\/2019\/03\/kylppacc88ri5-800-200x300.jpg 200w, https:\/\/blogit-cdn.a-lehdet.fi\/uploads\/sites\/20\/2019\/03\/kylppacc88ri5-800-768x1152.jpg 768w, https:\/\/blogit-cdn.a-lehdet.fi\/uploads\/sites\/20\/2019\/03\/kylppacc88ri5-800-683x1024.jpg 683w\" sizes=\"(max-width: 800px) 100vw, 800px\" \/><figcaption id=\"caption-attachment-17996\" class=\"wp-caption-text\">kylpyhuone j\u00e4lkeen<\/figcaption><\/figure>\n<figure id=\"attachment_20629\" aria-describedby=\"caption-attachment-20629\" style=\"width: 1200px\" class=\"wp-caption aligncenter\"><img decoding=\"async\" loading=\"lazy\" class=\"wp-image-20629 size-full\" src=\"https:\/\/blogit-cdn.a-lehdet.fi\/uploads\/sites\/20\/2020\/02\/kylppacc88riennen2-1200.jpg\" alt=\"\" width=\"1200\" height=\"1200\"><figcaption id=\"caption-attachment-20629\" class=\"wp-caption-text\">kylpyhuone ennen<\/figcaption><\/figure>\n<figure id=\"attachment_19502\" aria-describedby=\"caption-attachment-19502\" style=\"width: 1200px\" class=\"wp-caption aligncenter\"><img decoding=\"async\" loading=\"lazy\" class=\"wp-image-19502 size-full\" src=\"https:\/\/blogit-cdn.a-lehdet.fi\/uploads\/sites\/20\/2019\/09\/kylppacc88ri1-1200.jpg\" alt=\"\" width=\"1200\" height=\"1200\"><figcaption id=\"caption-attachment-19502\" class=\"wp-caption-text\">kylpyhuone j\u00e4lkeen<\/figcaption><\/figure>\n<h3>Kylpyhuone<\/h3>\n<p>Kylpp\u00e4ri oli 90-luvun asussaan, joten se kaipasi kipeiten muutosta, se alkoi olla jo rakennusteknisesti vanhentunut ja mm. vedeneristykset ja s\u00e4hk\u00f6istys ei vastannut en\u00e4\u00e4 t\u00e4m\u00e4n p\u00e4iv\u00e4n kriteereit\u00e4. Toimintojen paikat s\u00e4ilyiv\u00e4t, sill\u00e4 esimerkiksi viem\u00e4rin siirt\u00e4minen olisi ollut liian suurit\u00f6ist\u00e4 &#8211; eik\u00e4 t\u00e4lle oikein ollut tilallisesti perusteitakaan. Yhten\u00e4inen harmaa 10&#215;10 cm laatta yhten\u00e4isti tilaa ja teki siit\u00e4 v\u00e4h\u00e4n kokoaan suuremman oloisen, t\u00e4m\u00e4n kaveriksi valitsin mahdollisimman selkeit\u00e4 ja yksinkertaisia juttuja. Duravitin kulmikkaasta Vero-altaasta olen haaveillut jo pitk\u00e4\u00e4n, ja raitalasisen suihkusein\u00e4n kehittelin yhteisty\u00f6ss\u00e4 kuopiolaisen Lasilinkin kanssa. Vaikka neli\u00f6ilt\u00e4\u00e4n t\u00e4m\u00e4 on tiukka, mahtuu t\u00e4nne kaikki tarpeelliset toiminnot ja s\u00e4ilytystilaakin on pesukoneen p\u00e4\u00e4ll\u00e4 ihan mukavasti. Aina ei siis kannata tuijottaa neli\u00f6it\u00e4k\u00e4\u00e4n niin tiukasti, t\u00e4rkeint\u00e4 on toimivuus.<\/p>\n<h3><img decoding=\"async\" loading=\"lazy\" class=\"aligncenter size-full wp-image-18937\" src=\"https:\/\/blogit-cdn.a-lehdet.fi\/uploads\/sites\/20\/2019\/07\/kuivakukat6-1200.jpg\" alt=\"\" width=\"1200\" height=\"1200\"><\/h3>\n<h3>Mit\u00e4 kaikki maksoi?<\/h3>\n<p>Remontti maksoi kaikkinensa noin 20 000 euroa. T\u00e4h\u00e4n sis\u00e4ltyi kylpyhuoneen t\u00e4ysi remontti (joka oli ehdottomasti hintavin yksitt\u00e4inen asia remontissa), keitti\u00f6kalusteet ja n\u00e4iden asennus, s\u00e4hk\u00f6ty\u00f6t ja -tarvikkeet, sek\u00e4 maalit, ty\u00f6kalut ym. remonttitarvikkeet ja materiaalit. Pyrin tekem\u00e4\u00e4n kaiken mahdollisen itse, lis\u00e4ksi sain yhteisty\u00f6n puitteissa hieman alennuksia muutamista tuotteista ja materiaaleista. Kylpyhuoneen lis\u00e4ksi keitti\u00f6n asennus ja s\u00e4hk\u00f6ty\u00f6t j\u00e4iv\u00e4t ulkopuolisille, ja itse hoidin kph:ta lukuunottamatta kaikki purku-, tasoitus- ja maalausty\u00f6t. Hieman s\u00e4\u00e4st\u00f6j\u00e4 sain my\u00f6s siit\u00e4, ett\u00e4 lattiaa ei tarvinnut uusia, esimerkiksi laadukas parketti asennuksineen olisi selv\u00e4sti vaikuttanut kokonaiskustannuksiin.<\/p>\n<p>Yleisesti remonttikustannuksiin voi vaikuttaa paljonkin materiaalivalinnoilla ja sill\u00e4 teett\u00e4\u00e4k\u00f6 ty\u00f6n vai onko valmis tekem\u00e4\u00e4n itse, ty\u00f6n osuus kun on yleens\u00e4 se kallein yksitt\u00e4inen osuus remontissa. T\u00e4ss\u00e4 tapauksessa laskemani budjetti piti ja remontti edistyi ihan mukavasti, mit\u00e4\u00e4n suuria ongelmia tai yll\u00e4tt\u00e4vi\u00e4 viiv\u00e4styksi\u00e4 ei siin\u00e4 sattunut, vaikka kodin kriittisten tilojen, kuten keitti\u00f6n ja kylpyhuoneen suhteen odottavan aika on aina pitk\u00e4. Nyt vuoden p\u00e4iv\u00e4t olen saanut nauttia jo t\u00e4ysin valmiista lopputuloksesta ja kielt\u00e4m\u00e4tt\u00e4 remontointi taas v\u00e4h\u00e4n kutkuttelisi. Projektit ovat niin innostavia!<\/p>\n<h3>Lue lis\u00e4\u00e4 remontista:<\/h3>\n<p><a href=\"https:\/\/blogit.meillakotona.fi\/pihkala\/keittiorempan-kuulumiset\/\" target=\"_blank\" rel=\"noreferrer noopener\">Keitti\u00f6rempan kuulumiset \/\u00a0<\/a><a href=\"https:\/\/blogit.meillakotona.fi\/pihkala\/makuuhuoneen-seinasavy\/\" target=\"_blank\" rel=\"noreferrer noopener\">Makuuhuoneen sein\u00e4s\u00e4vy \/\u00a0<\/a><a href=\"https:\/\/blogit.meillakotona.fi\/pihkala\/olohuoneen-maalisavyt\/\" target=\"_blank\" rel=\"noreferrer noopener\">Olohuoneen maalis\u00e4vyt \/\u00a0<\/a><a href=\"https:\/\/blogit.meillakotona.fi\/pihkala\/valmis-kylpyhuone\/\" target=\"_blank\" rel=\"noreferrer noopener\">Valmis kylpyhuone \/\u00a0<\/a><a href=\"https:\/\/blogit.meillakotona.fi\/pihkala\/kylpyhuoneen-kuviolasiseina\/\" target=\"_blank\" rel=\"noreferrer noopener\">Kylpyhuoneen kuviolasisein\u00e4 \/\u00a0<\/a><a href=\"https:\/\/blogit.meillakotona.fi\/pihkala\/keittio-remontin-jalkeen\/\" target=\"_blank\" rel=\"noreferrer noopener\">Keitti\u00f6 remontin j\u00e4lkeen<\/a><\/p>\n<p><em>Lis\u00e4\u00e4 juttuja l\u00f6ytyy remppa-t\u00e4gin alta.<\/em><\/p>\n","protected":false},"excerpt":{"rendered":"<p>T\u00e4ss\u00e4 pohdiskellessani remonttijuttuja tajusin, ett\u00e4 en ole tainnut koskaan tehd\u00e4 varsinaista ennen-j\u00e4lkeen&hellip;<\/p>\n","protected":false},"author":24,"featured_media":0,"comment_status":"open","ping_status":"open","sticky":false,"template":"","format":"standard","meta":{"footnotes":""},"categories":[11],"tags":[28,21],"acf":[],"platta":{"numLikes":25,"numComments":4,"category":"sisustus","themes":["remontointi","skandinaavinen-sisustus"],"commercial_partner":null,"thumbnail":"https:\/\/blogit-cdn.a-lehdet.fi\/uploads\/sites\/20\/2019\/06\/kesacc88olkkari11-1200.jpg","blog_id":20},"jetpack_featured_media_url":"","_links":{"self":[{"href":"https:\/\/blogit.meillakotona.fi\/pihkala\/api\/wp\/v2\/posts\/20619"}],"collection":[{"href":"https:\/\/blogit.meillakotona.fi\/pihkala\/api\/wp\/v2\/posts"}],"about":[{"href":"https:\/\/blogit.meillakotona.fi\/pihkala\/api\/wp\/v2\/types\/post"}],"author":[{"embeddable":true,"href":"https:\/\/blogit.meillakotona.fi\/pihkala\/api\/wp\/v2\/users\/24"}],"replies":[{"embeddable":true,"href":"https:\/\/blogit.meillakotona.fi\/pihkala\/api\/wp\/v2\/comments?post=20619"}],"version-history":[{"count":11,"href":"https:\/\/blogit.meillakotona.fi\/pihkala\/api\/wp\/v2\/posts\/20619\/revisions"}],"predecessor-version":[{"id":20640,"href":"https:\/\/blogit.meillakotona.fi\/pihkala\/api\/wp\/v2\/posts\/20619\/revisions\/20640"}],"wp:attachment":[{"href":"https:\/\/blogit.meillakotona.fi\/pihkala\/api\/wp\/v2\/media?parent=20619"}],"wp:term":[{"taxonomy":"category","embeddable":true,"href":"https:\/\/blogit.meillakotona.fi\/pihkala\/api\/wp\/v2\/categories?post=20619"},{"taxonomy":"post_tag","embeddable":true,"href":"https:\/\/blogit.meillakotona.fi\/pihkala\/api\/wp\/v2\/tags?post=20619"}],"curies":[{"name":"wp","href":"https:\/\/api.w.org\/{rel}","templated":true}]}}