{"id":20227,"date":"2019-12-24T12:49:42","date_gmt":"2019-12-24T10:49:42","guid":{"rendered":"http:\/\/blogit.meillakotona.fi\/pihkala\/?p=20227"},"modified":"2019-12-24T12:49:42","modified_gmt":"2019-12-24T10:49:42","slug":"pieni-joulutervehdys","status":"publish","type":"post","link":"https:\/\/blogit.meillakotona.fi\/pihkala\/pieni-joulutervehdys\/","title":{"rendered":"Pieni joulutervehdys"},"content":{"rendered":"<p><img decoding=\"async\" loading=\"lazy\" class=\"aligncenter size-full wp-image-20229\" src=\"https:\/\/blogit-cdn.a-lehdet.fi\/uploads\/sites\/20\/2019\/12\/joulukerttu-lightroom-2-1-of-1.jpg\" alt=\"\" width=\"1200\" height=\"1200\"><\/p>\n<p>Olipahan tarkoitus ottaa oikein n\u00e4tti joulukuva meist\u00e4 kahdesta, Kertusta ja minusta. Tunnin \u00e4hellyksen j\u00e4lkeen luovutin, ei pysynyt pikkuneidin p\u00e4\u00e4ss\u00e4 punaiset rusetit eik\u00e4 kameran eteen oikein muutenkaan huvittanut pys\u00e4hty\u00e4 &#8211; ainakaan siin\u00e4 paikassa miss\u00e4 itse olisin toivonut. T\u00e4m\u00e4 kuva oli muistikortin k\u00e4ytt\u00f6kelpoisinta antia, saa siis luvan kelvata se. Pieni nappisilm\u00e4 ja maailman herkullisin joulutikku, eik\u00f6h\u00e4n siihen olennainen tiivisty.<\/p>\n<p>Niinp\u00e4 toivottelemme siis, pieni kiehkurah\u00e4nt\u00e4 ja min\u00e4, oikein rentoa ja rauhallista joulunviettoa, ja leppoisia somevapaita p\u00e4ivi\u00e4. Palaillaan taas, kun joulut on juhlittu.<\/p>\n<p style=\"text-align:center;\"><strong>Merry Christmas to all of you!<\/strong><\/p>\n","protected":false},"excerpt":{"rendered":"<p>Olipahan tarkoitus ottaa oikein n\u00e4tti joulukuva meist\u00e4 kahdesta, Kertusta ja minusta. Tunnin&hellip;<\/p>\n","protected":false},"author":24,"featured_media":0,"comment_status":"open","ping_status":"open","sticky":false,"template":"","format":"standard","meta":{"footnotes":""},"categories":[11],"tags":[40],"acf":[],"platta":{"numLikes":19,"numComments":8,"category":"ihmiset","themes":["joulu"],"commercial_partner":null,"thumbnail":"https:\/\/blogit-cdn.a-lehdet.fi\/uploads\/sites\/20\/2019\/12\/joulukerttu-lightroom-2-1-of-1.jpg","blog_id":20},"jetpack_featured_media_url":"","_links":{"self":[{"href":"https:\/\/blogit.meillakotona.fi\/pihkala\/api\/wp\/v2\/posts\/20227"}],"collection":[{"href":"https:\/\/blogit.meillakotona.fi\/pihkala\/api\/wp\/v2\/posts"}],"about":[{"href":"https:\/\/blogit.meillakotona.fi\/pihkala\/api\/wp\/v2\/types\/post"}],"author":[{"embeddable":true,"href":"https:\/\/blogit.meillakotona.fi\/pihkala\/api\/wp\/v2\/users\/24"}],"replies":[{"embeddable":true,"href":"https:\/\/blogit.meillakotona.fi\/pihkala\/api\/wp\/v2\/comments?post=20227"}],"version-history":[{"count":7,"href":"https:\/\/blogit.meillakotona.fi\/pihkala\/api\/wp\/v2\/posts\/20227\/revisions"}],"predecessor-version":[{"id":20236,"href":"https:\/\/blogit.meillakotona.fi\/pihkala\/api\/wp\/v2\/posts\/20227\/revisions\/20236"}],"wp:attachment":[{"href":"https:\/\/blogit.meillakotona.fi\/pihkala\/api\/wp\/v2\/media?parent=20227"}],"wp:term":[{"taxonomy":"category","embeddable":true,"href":"https:\/\/blogit.meillakotona.fi\/pihkala\/api\/wp\/v2\/categories?post=20227"},{"taxonomy":"post_tag","embeddable":true,"href":"https:\/\/blogit.meillakotona.fi\/pihkala\/api\/wp\/v2\/tags?post=20227"}],"curies":[{"name":"wp","href":"https:\/\/api.w.org\/{rel}","templated":true}]}}