{"id":197,"date":"2016-05-19T08:46:00","date_gmt":"2016-05-19T05:46:00","guid":{"rendered":"http:\/\/blogit.meillakotona.fi\/pihkala\/aamulla\/"},"modified":"2017-01-23T15:34:28","modified_gmt":"2017-01-23T13:34:28","slug":"aamulla","status":"publish","type":"post","link":"https:\/\/blogit.meillakotona.fi\/pihkala\/aamulla\/","title":{"rendered":"AAMULLA"},"content":{"rendered":"<div class=\"separator\" style=\"clear: both; text-align: justify;\">\n<a rel=\"nofollow\" href=\"https:\/\/a-lehdet-blogs.s3.eu-central-1.amazonaws.com\/uploads\/sites\/20\/2016\/05\/omenapuu2_800-683x1024.jpg\" imageanchor=\"1\" style=\"margin-left: 1em; margin-right: 1em;\"><img decoding=\"async\" border=\"0\" src=\"https:\/\/a-lehdet-blogs.s3.eu-central-1.amazonaws.com\/uploads\/sites\/20\/2016\/05\/omenapuu2_800-683x1024.jpg\" \/><\/a><\/div>\n<div class=\"separator\" style=\"clear: both; text-align: justify;\">\n<\/div>\n<div class=\"separator\" style=\"clear: both; text-align: center;\">\n<a rel=\"nofollow\" href=\"https:\/\/a-lehdet-blogs.s3.eu-central-1.amazonaws.com\/uploads\/sites\/20\/2016\/05\/omenapuu1_800.jpg\" imageanchor=\"1\" style=\"margin-left: 1em; margin-right: 1em;\"><img decoding=\"async\" border=\"0\" src=\"https:\/\/a-lehdet-blogs.s3.eu-central-1.amazonaws.com\/uploads\/sites\/20\/2016\/05\/omenapuu1_800.jpg\" \/><\/a><\/div>\n<div style=\"text-align: justify;\">\n<\/div>\n<div style=\"text-align: justify;\">\nHuomentap\u00e4iv\u00e4\u00e4! T\u00e4\u00e4ll\u00e4 vapaap\u00e4iv\u00e4st\u00e4 huolimatta aamu on alkanut jo aikaisin; t\u00e4llaisille p\u00e4iville tuppaa aina kertym\u00e4\u00e4n kamalasti kaikenlaista hommaa ja iltap\u00e4iv\u00e4lle sijoittuva j\u00e4\u00e4kiekkopelik\u00e4\u00e4n ei yht\u00e4\u00e4n auta asiaa. Ihan n\u00e4ill\u00e4 n\u00e4pp\u00e4imill\u00e4 pinkaisen hakemaan pari pakettia ja sitten suuntaan raksalle, mutta sit\u00e4 ennen pari kuvaa aamuisesta hetkest\u00e4. Ihanaa, kun aamut ovat valoisia ja aurinko l\u00f6yt\u00e4nyt tiens\u00e4 t\u00e4nne meid\u00e4n kellarik\u00e4mpp\u00e4\u00e4nkin! Valon voimalla t\u00e4llainenkin aamun torkku saa liikett\u00e4 niveliin v\u00e4h\u00e4n normaalia nopeammin. <\/div>\n<div style=\"text-align: justify;\">\n<\/div>\n<div class=\"separator\" style=\"clear: both; text-align: justify;\">\n<a rel=\"nofollow\" href=\"https:\/\/a-lehdet-blogs.s3.eu-central-1.amazonaws.com\/uploads\/sites\/20\/2016\/05\/omenapuu3_800-683x1024.jpg\" imageanchor=\"1\" style=\"margin-left: 1em; margin-right: 1em;\"><img decoding=\"async\" border=\"0\" src=\"https:\/\/a-lehdet-blogs.s3.eu-central-1.amazonaws.com\/uploads\/sites\/20\/2016\/05\/omenapuu3_800-683x1024.jpg\" \/><\/a><\/div>\n<div style=\"text-align: justify;\">\n<\/div>\n<div style=\"text-align: justify;\">\nEilen illalla k\u00e4vin nappaamassa pihaltamme pari k\u00e4kk\u00e4r\u00e4ist\u00e4 omenapuun<br \/>\noksaa, ovat juuri nyt parhaassa kukassa ja n\u00e4ky on ihan mielet\u00f6n. Juuri nyt luonnosta saa ne parhaat somisteet, kukkivien puiden ja pensaiden oksat, vaahteran viel\u00e4 pikkuruiset lehdet ja ensimm\u00e4iset perennat ovat maljakossa todella freesej\u00e4. Parhaillaan my\u00f6s kukkakaupat pullistelevat ihania pioneja, itse en ole p\u00e4\u00e4ssyt n\u00e4ihin viel\u00e4 lainkaan kiinni, mutta miksi tarvisikaan, kun omalta pihalta l\u00f6ytyy t\u00e4llaisia kaunottaria.<\/div>\n<div style=\"text-align: justify;\">\n<\/div>\n<div style=\"text-align: justify;\">\nNyt l\u00e4hden tarkastamaan meid\u00e4n laattakuorman ja listat, sek\u00e4 hakemaan vihdoin ja viimein postissa jo tovin odotelleet rosetit. Paljon kivoja juttuja siis tapahtumassa ihan l\u00e4hiaikoina meid\u00e4n talolla. Remontin edistymist\u00e4 voi seurailla my\u00f6s<a rel=\"nofollow\" href=\"https:\/\/www.instagram.com\/pihkala\/\" target=\"_blank\"> Instagram-tilill\u00e4ni<\/a>, laittelen sinne usein viikon varrella pient\u00e4 sneak peekki\u00e4 raksan tapahtumista. Ja sunnuntaisin on toki luvassa tuttuun tapaan kattavampi kertomus viikon tapahtumista t\u00e4\u00e4ll\u00e4 blogin puolella.<\/div>\n<div style=\"text-align: justify;\">\n&nbsp;<\/div>\n<div style=\"text-align: justify;\">\nAurinkoista p\u00e4iv\u00e4\u00e4!<\/div>\n<div style=\"text-align: justify;\">\n<\/div>\n<div style=\"text-align: justify;\">\n<i>A branch of apple tree from my garden. Right now it is in full bloom and the view is amazing. Have a happy day everyone!<\/i><\/div>\n","protected":false},"excerpt":{"rendered":"<p>Huomentap\u00e4iv\u00e4\u00e4! T\u00e4\u00e4ll\u00e4 vapaap\u00e4iv\u00e4st\u00e4 huolimatta aamu on alkanut jo aikaisin; t\u00e4llaisille p\u00e4iville tuppaa&hellip;<\/p>\n","protected":false},"author":24,"featured_media":2917,"comment_status":"open","ping_status":"open","sticky":false,"template":"","format":"standard","meta":{"footnotes":""},"categories":[1],"tags":[22,24],"acf":[],"platta":{"numLikes":0,"numComments":4,"category":null,"themes":[],"commercial_partner":null,"thumbnail":"https:\/\/blogit-cdn.a-lehdet.fi\/uploads\/sites\/20\/2016\/05\/omenapuu2_800.jpg","blog_id":20},"jetpack_featured_media_url":"https:\/\/blogit-cdn.a-lehdet.fi\/uploads\/sites\/20\/2016\/05\/omenapuu2_800.jpg","_links":{"self":[{"href":"https:\/\/blogit.meillakotona.fi\/pihkala\/api\/wp\/v2\/posts\/197"}],"collection":[{"href":"https:\/\/blogit.meillakotona.fi\/pihkala\/api\/wp\/v2\/posts"}],"about":[{"href":"https:\/\/blogit.meillakotona.fi\/pihkala\/api\/wp\/v2\/types\/post"}],"author":[{"embeddable":true,"href":"https:\/\/blogit.meillakotona.fi\/pihkala\/api\/wp\/v2\/users\/24"}],"replies":[{"embeddable":true,"href":"https:\/\/blogit.meillakotona.fi\/pihkala\/api\/wp\/v2\/comments?post=197"}],"version-history":[{"count":1,"href":"https:\/\/blogit.meillakotona.fi\/pihkala\/api\/wp\/v2\/posts\/197\/revisions"}],"predecessor-version":[{"id":2920,"href":"https:\/\/blogit.meillakotona.fi\/pihkala\/api\/wp\/v2\/posts\/197\/revisions\/2920"}],"wp:featuredmedia":[{"embeddable":true,"href":"https:\/\/blogit.meillakotona.fi\/pihkala\/api\/wp\/v2\/media\/2917"}],"wp:attachment":[{"href":"https:\/\/blogit.meillakotona.fi\/pihkala\/api\/wp\/v2\/media?parent=197"}],"wp:term":[{"taxonomy":"category","embeddable":true,"href":"https:\/\/blogit.meillakotona.fi\/pihkala\/api\/wp\/v2\/categories?post=197"},{"taxonomy":"post_tag","embeddable":true,"href":"https:\/\/blogit.meillakotona.fi\/pihkala\/api\/wp\/v2\/tags?post=197"}],"curies":[{"name":"wp","href":"https:\/\/api.w.org\/{rel}","templated":true}]}}