{"id":18287,"date":"2019-04-23T21:24:41","date_gmt":"2019-04-23T18:24:41","guid":{"rendered":"http:\/\/blogit.meillakotona.fi\/pihkala\/?p=18287"},"modified":"2019-04-23T21:24:41","modified_gmt":"2019-04-23T18:24:41","slug":"sisustusinspiraatio-persoonallinen-uusi-talo","status":"publish","type":"post","link":"https:\/\/blogit.meillakotona.fi\/pihkala\/sisustusinspiraatio-persoonallinen-uusi-talo\/","title":{"rendered":"Sisustusinspiraatio: persoonallinen uusi talo"},"content":{"rendered":"<p><img decoding=\"async\" loading=\"lazy\" class=\"aligncenter size-full wp-image-18305\" src=\"https:\/\/blogit-cdn.a-lehdet.fi\/uploads\/sites\/20\/2019\/04\/sisustusinspo1.jpg\" alt=\"\" width=\"800\" height=\"543\" srcset=\"https:\/\/blogit-cdn.a-lehdet.fi\/uploads\/sites\/20\/2019\/04\/sisustusinspo1.jpg 800w, https:\/\/blogit-cdn.a-lehdet.fi\/uploads\/sites\/20\/2019\/04\/sisustusinspo1-300x204.jpg 300w, https:\/\/blogit-cdn.a-lehdet.fi\/uploads\/sites\/20\/2019\/04\/sisustusinspo1-768x521.jpg 768w\" sizes=\"(max-width: 800px) 100vw, 800px\" \/><\/p>\n<p>P\u00e4\u00e4si\u00e4inen on ohi ja arki on taas alkanut. Vaikka pitk\u00e4t vapaat tuntuivatkin ihanilta, on ollut toisaalta my\u00f6s aika kiva palailla takaisin arkeen; t\u00e4ll\u00e4 hetkell\u00e4 on nimitt\u00e4in meneill\u00e4\u00e4n monia tosi inspiroivia suunnitteluprojekteja, joiden pariin sormet jo ehtiv\u00e4t v\u00e4h\u00e4n syyhyt\u00e4. My\u00f6s t\u00e4\u00e4ll\u00e4 blogin puolella on vuorossa t\u00e4n\u00e4\u00e4n sisustusinspist\u00e4, t\u00e4ll\u00e4 kertaa t\u00e4m\u00e4n <a rel=\"nofollow\" href=\"https:\/\/www.fantasticfrank.se\/objekt\/OBJ17365_1676726041\/bilder\" target=\"_blank\" rel=\"noopener\">Fantastic Frankilla<\/a> myynniss\u00e4 olevan kohteen muodossa. T\u00e4m\u00e4 talo on rakennettu vuonna 2013, mutta omaa paljon hienoja ja ennen kaikkea ajattomia yksityiskohtia sek\u00e4 hienovaraisia viitteit\u00e4 my\u00f6s 70-luvulta. T\u00e4llaista ajattoman tyylik\u00e4st\u00e4 ja persoonallista suunnittelua ihailen!<\/p>\n<p><img decoding=\"async\" loading=\"lazy\" class=\"aligncenter size-full wp-image-18304\" src=\"https:\/\/blogit-cdn.a-lehdet.fi\/uploads\/sites\/20\/2019\/04\/sisustusinspo2.jpg\" alt=\"\" width=\"800\" height=\"1179\" srcset=\"https:\/\/blogit-cdn.a-lehdet.fi\/uploads\/sites\/20\/2019\/04\/sisustusinspo2.jpg 800w, https:\/\/blogit-cdn.a-lehdet.fi\/uploads\/sites\/20\/2019\/04\/sisustusinspo2-204x300.jpg 204w, https:\/\/blogit-cdn.a-lehdet.fi\/uploads\/sites\/20\/2019\/04\/sisustusinspo2-768x1132.jpg 768w, https:\/\/blogit-cdn.a-lehdet.fi\/uploads\/sites\/20\/2019\/04\/sisustusinspo2-695x1024.jpg 695w\" sizes=\"(max-width: 800px) 100vw, 800px\" \/><\/p>\n<p>Talon arkkitehtuuri on pys\u00e4ytt\u00e4v\u00e4n linjakas ja yksinkertainen. Ajan mittaan harmaantuva puujulkisivu yhdistyy hienosti ymp\u00e4r\u00f6iv\u00e4\u00e4n karun kallioiseen luontoon. Liuskekivist\u00e4 tehty terassi sopii t\u00e4h\u00e4n linjaan t\u00e4ydellisesti, kuin my\u00f6s etualan vaatimattomat maanpeittokasvit. Ter\u00e4ksiset paalut ja kaiteet tuovat puolestaan kokonaisuuteen v\u00e4h\u00e4n rosoista industrialismia: paalujen p\u00e4\u00e4lle nostettu talo ik\u00e4\u00e4n kuin leijuu ymp\u00e4rist\u00f6ss\u00e4\u00e4n ja matala, linjakas arkkitehtuuri nousee t\u00e4t\u00e4 my\u00f6t\u00e4 viel\u00e4 entist\u00e4 vahvemmin esille.<\/p>\n<p><img decoding=\"async\" loading=\"lazy\" class=\"aligncenter size-full wp-image-18301\" src=\"https:\/\/blogit-cdn.a-lehdet.fi\/uploads\/sites\/20\/2019\/04\/sisustusinspo5.jpg\" alt=\"\" width=\"800\" height=\"1179\" srcset=\"https:\/\/blogit-cdn.a-lehdet.fi\/uploads\/sites\/20\/2019\/04\/sisustusinspo5.jpg 800w, https:\/\/blogit-cdn.a-lehdet.fi\/uploads\/sites\/20\/2019\/04\/sisustusinspo5-204x300.jpg 204w, https:\/\/blogit-cdn.a-lehdet.fi\/uploads\/sites\/20\/2019\/04\/sisustusinspo5-768x1132.jpg 768w, https:\/\/blogit-cdn.a-lehdet.fi\/uploads\/sites\/20\/2019\/04\/sisustusinspo5-695x1024.jpg 695w\" sizes=\"(max-width: 800px) 100vw, 800px\" \/><\/p>\n<p><img decoding=\"async\" loading=\"lazy\" class=\"aligncenter size-full wp-image-18303\" src=\"https:\/\/blogit-cdn.a-lehdet.fi\/uploads\/sites\/20\/2019\/04\/sisustusinspo3.jpg\" alt=\"\" width=\"800\" height=\"1179\" srcset=\"https:\/\/blogit-cdn.a-lehdet.fi\/uploads\/sites\/20\/2019\/04\/sisustusinspo3.jpg 800w, https:\/\/blogit-cdn.a-lehdet.fi\/uploads\/sites\/20\/2019\/04\/sisustusinspo3-204x300.jpg 204w, https:\/\/blogit-cdn.a-lehdet.fi\/uploads\/sites\/20\/2019\/04\/sisustusinspo3-768x1132.jpg 768w, https:\/\/blogit-cdn.a-lehdet.fi\/uploads\/sites\/20\/2019\/04\/sisustusinspo3-695x1024.jpg 695w\" sizes=\"(max-width: 800px) 100vw, 800px\" \/><\/p>\n<p><img decoding=\"async\" loading=\"lazy\" class=\"aligncenter size-full wp-image-18299\" src=\"https:\/\/blogit-cdn.a-lehdet.fi\/uploads\/sites\/20\/2019\/04\/sisustusinspo7.jpg\" alt=\"\" width=\"800\" height=\"1179\" srcset=\"https:\/\/blogit-cdn.a-lehdet.fi\/uploads\/sites\/20\/2019\/04\/sisustusinspo7.jpg 800w, https:\/\/blogit-cdn.a-lehdet.fi\/uploads\/sites\/20\/2019\/04\/sisustusinspo7-204x300.jpg 204w, https:\/\/blogit-cdn.a-lehdet.fi\/uploads\/sites\/20\/2019\/04\/sisustusinspo7-768x1132.jpg 768w, https:\/\/blogit-cdn.a-lehdet.fi\/uploads\/sites\/20\/2019\/04\/sisustusinspo7-695x1024.jpg 695w\" sizes=\"(max-width: 800px) 100vw, 800px\" \/><\/p>\n<p>Sis\u00e4lt\u00e4 talo on yht\u00e4 linjakas kuin ulkoa p\u00e4inkin. Yksi erityisen onnistunut elementti talon arkkitehtuurissa on minusta ikkunat ja niiden sijoittelu; lattiasta kattoon ulottuvat, vahvan mustakarmiset ikkunat luovat sis\u00e4tiloihin kauniit raamit, joita ohuet luonnonv\u00e4riset verhot pehment\u00e4v\u00e4t. Voi vain kuvitella, kuinka isot ikkunat tuovatkaan luonnon osaksi sis\u00e4tiloja.<\/p>\n<p><img decoding=\"async\" loading=\"lazy\" class=\"aligncenter size-full wp-image-18288\" src=\"https:\/\/blogit-cdn.a-lehdet.fi\/uploads\/sites\/20\/2019\/04\/sisustusinspo18.jpg\" alt=\"\" width=\"800\" height=\"543\" srcset=\"https:\/\/blogit-cdn.a-lehdet.fi\/uploads\/sites\/20\/2019\/04\/sisustusinspo18.jpg 800w, https:\/\/blogit-cdn.a-lehdet.fi\/uploads\/sites\/20\/2019\/04\/sisustusinspo18-300x204.jpg 300w, https:\/\/blogit-cdn.a-lehdet.fi\/uploads\/sites\/20\/2019\/04\/sisustusinspo18-768x521.jpg 768w\" sizes=\"(max-width: 800px) 100vw, 800px\" \/><\/p>\n<p><img decoding=\"async\" loading=\"lazy\" class=\"aligncenter size-full wp-image-18298\" src=\"https:\/\/blogit-cdn.a-lehdet.fi\/uploads\/sites\/20\/2019\/04\/sisustusinspo8.jpg\" alt=\"\" width=\"800\" height=\"543\" srcset=\"https:\/\/blogit-cdn.a-lehdet.fi\/uploads\/sites\/20\/2019\/04\/sisustusinspo8.jpg 800w, https:\/\/blogit-cdn.a-lehdet.fi\/uploads\/sites\/20\/2019\/04\/sisustusinspo8-300x204.jpg 300w, https:\/\/blogit-cdn.a-lehdet.fi\/uploads\/sites\/20\/2019\/04\/sisustusinspo8-768x521.jpg 768w\" sizes=\"(max-width: 800px) 100vw, 800px\" \/><\/p>\n<p><img decoding=\"async\" loading=\"lazy\" class=\"aligncenter size-full wp-image-18296\" src=\"https:\/\/blogit-cdn.a-lehdet.fi\/uploads\/sites\/20\/2019\/04\/sisustusinspo10.jpg\" alt=\"\" width=\"800\" height=\"543\" srcset=\"https:\/\/blogit-cdn.a-lehdet.fi\/uploads\/sites\/20\/2019\/04\/sisustusinspo10.jpg 800w, https:\/\/blogit-cdn.a-lehdet.fi\/uploads\/sites\/20\/2019\/04\/sisustusinspo10-300x204.jpg 300w, https:\/\/blogit-cdn.a-lehdet.fi\/uploads\/sites\/20\/2019\/04\/sisustusinspo10-768x521.jpg 768w\" sizes=\"(max-width: 800px) 100vw, 800px\" \/><img decoding=\"async\" loading=\"lazy\" class=\"aligncenter size-full wp-image-18297\" src=\"https:\/\/blogit-cdn.a-lehdet.fi\/uploads\/sites\/20\/2019\/04\/sisustusinspo9.jpg\" alt=\"\" width=\"800\" height=\"543\" srcset=\"https:\/\/blogit-cdn.a-lehdet.fi\/uploads\/sites\/20\/2019\/04\/sisustusinspo9.jpg 800w, https:\/\/blogit-cdn.a-lehdet.fi\/uploads\/sites\/20\/2019\/04\/sisustusinspo9-300x204.jpg 300w, https:\/\/blogit-cdn.a-lehdet.fi\/uploads\/sites\/20\/2019\/04\/sisustusinspo9-768x521.jpg 768w\" sizes=\"(max-width: 800px) 100vw, 800px\" \/> <img decoding=\"async\" loading=\"lazy\" class=\"aligncenter size-full wp-image-18295\" src=\"https:\/\/blogit-cdn.a-lehdet.fi\/uploads\/sites\/20\/2019\/04\/sisustusinspo11.jpg\" alt=\"\" width=\"800\" height=\"543\" srcset=\"https:\/\/blogit-cdn.a-lehdet.fi\/uploads\/sites\/20\/2019\/04\/sisustusinspo11.jpg 800w, https:\/\/blogit-cdn.a-lehdet.fi\/uploads\/sites\/20\/2019\/04\/sisustusinspo11-300x204.jpg 300w, https:\/\/blogit-cdn.a-lehdet.fi\/uploads\/sites\/20\/2019\/04\/sisustusinspo11-768x521.jpg 768w\" sizes=\"(max-width: 800px) 100vw, 800px\" \/><\/p>\n<p>Oleskelutilat ja keitti\u00f6 ovat talossa yht\u00e4 suurta tilaa. Erityisesti pid\u00e4n tilaa jakavasta saarekkeesta, jossa on kauniita puuyksityiskohtia ja avohyllyj\u00e4. Ne kevent\u00e4v\u00e4t ilmett\u00e4 juuri sopivasti ja tekev\u00e4t saarekkeesta v\u00e4h\u00e4n kalustemaisemman. My\u00f6s tiskialtaan takana oleva iso ikkuna on hieno yksityiskohta, se tuo ihan hurjasti avaruutta ja valoa keitti\u00f6\u00f6n. Irtokalusteet jatkavat niukkaeleist\u00e4 linjaa; laadukkaita klassikoita ja ilmavaa muotokielt\u00e4.<\/p>\n<p><img decoding=\"async\" loading=\"lazy\" class=\"aligncenter size-full wp-image-18300\" src=\"https:\/\/blogit-cdn.a-lehdet.fi\/uploads\/sites\/20\/2019\/04\/sisustusinspo6.jpg\" alt=\"\" width=\"800\" height=\"1179\" srcset=\"https:\/\/blogit-cdn.a-lehdet.fi\/uploads\/sites\/20\/2019\/04\/sisustusinspo6.jpg 800w, https:\/\/blogit-cdn.a-lehdet.fi\/uploads\/sites\/20\/2019\/04\/sisustusinspo6-204x300.jpg 204w, https:\/\/blogit-cdn.a-lehdet.fi\/uploads\/sites\/20\/2019\/04\/sisustusinspo6-768x1132.jpg 768w, https:\/\/blogit-cdn.a-lehdet.fi\/uploads\/sites\/20\/2019\/04\/sisustusinspo6-695x1024.jpg 695w\" sizes=\"(max-width: 800px) 100vw, 800px\" \/><\/p>\n<p>Kylpyhuoneessa sama linja jatkuu. Tilassa on k\u00e4ytetty \u00e4\u00e4rimm\u00e4isen yksinkertaista 10&#215;10 laattaa &#8211; ja t\u00e4ytyy todeta, ett\u00e4 ratkaisu n\u00e4ytt\u00e4\u00e4 omiin silmiini erityisen kivalta. \ud83d\ude09 Moderni amme ja iso ikkuna tuovat puritaaniseen kokonaisuuteen pienen ripauksen ylellisyytt\u00e4, ja j\u00e4lleen ikkunan mustat karmit tuovat v\u00e4h\u00e4n ryhti\u00e4 tilaan. Taaskaan ei voi korostaa luonnonvalon merkityst\u00e4, ikkunat muuttavat niin vahvasti todella monen tilan ilmett\u00e4.<\/p>\n<p><img decoding=\"async\" loading=\"lazy\" class=\"aligncenter size-full wp-image-18294\" src=\"https:\/\/blogit-cdn.a-lehdet.fi\/uploads\/sites\/20\/2019\/04\/sisustusinspo12.jpg\" alt=\"\" width=\"800\" height=\"1179\" srcset=\"https:\/\/blogit-cdn.a-lehdet.fi\/uploads\/sites\/20\/2019\/04\/sisustusinspo12.jpg 800w, https:\/\/blogit-cdn.a-lehdet.fi\/uploads\/sites\/20\/2019\/04\/sisustusinspo12-204x300.jpg 204w, https:\/\/blogit-cdn.a-lehdet.fi\/uploads\/sites\/20\/2019\/04\/sisustusinspo12-768x1132.jpg 768w, https:\/\/blogit-cdn.a-lehdet.fi\/uploads\/sites\/20\/2019\/04\/sisustusinspo12-695x1024.jpg 695w\" sizes=\"(max-width: 800px) 100vw, 800px\" \/><\/p>\n<p><img decoding=\"async\" loading=\"lazy\" class=\"aligncenter size-full wp-image-18302\" src=\"https:\/\/blogit-cdn.a-lehdet.fi\/uploads\/sites\/20\/2019\/04\/sisustusinspo4.jpg\" alt=\"\" width=\"800\" height=\"1179\" srcset=\"https:\/\/blogit-cdn.a-lehdet.fi\/uploads\/sites\/20\/2019\/04\/sisustusinspo4.jpg 800w, https:\/\/blogit-cdn.a-lehdet.fi\/uploads\/sites\/20\/2019\/04\/sisustusinspo4-204x300.jpg 204w, https:\/\/blogit-cdn.a-lehdet.fi\/uploads\/sites\/20\/2019\/04\/sisustusinspo4-768x1132.jpg 768w, https:\/\/blogit-cdn.a-lehdet.fi\/uploads\/sites\/20\/2019\/04\/sisustusinspo4-695x1024.jpg 695w\" sizes=\"(max-width: 800px) 100vw, 800px\" \/> <img decoding=\"async\" loading=\"lazy\" class=\"aligncenter size-full wp-image-18292\" src=\"https:\/\/blogit-cdn.a-lehdet.fi\/uploads\/sites\/20\/2019\/04\/sisustusinspo14.jpg\" alt=\"\" width=\"800\" height=\"1179\" srcset=\"https:\/\/blogit-cdn.a-lehdet.fi\/uploads\/sites\/20\/2019\/04\/sisustusinspo14.jpg 800w, https:\/\/blogit-cdn.a-lehdet.fi\/uploads\/sites\/20\/2019\/04\/sisustusinspo14-204x300.jpg 204w, https:\/\/blogit-cdn.a-lehdet.fi\/uploads\/sites\/20\/2019\/04\/sisustusinspo14-768x1132.jpg 768w, https:\/\/blogit-cdn.a-lehdet.fi\/uploads\/sites\/20\/2019\/04\/sisustusinspo14-695x1024.jpg 695w\" sizes=\"(max-width: 800px) 100vw, 800px\" \/><img decoding=\"async\" loading=\"lazy\" class=\"aligncenter size-full wp-image-18293\" src=\"https:\/\/blogit-cdn.a-lehdet.fi\/uploads\/sites\/20\/2019\/04\/sisustusinspo13.jpg\" alt=\"\" width=\"800\" height=\"1179\" srcset=\"https:\/\/blogit-cdn.a-lehdet.fi\/uploads\/sites\/20\/2019\/04\/sisustusinspo13.jpg 800w, https:\/\/blogit-cdn.a-lehdet.fi\/uploads\/sites\/20\/2019\/04\/sisustusinspo13-204x300.jpg 204w, https:\/\/blogit-cdn.a-lehdet.fi\/uploads\/sites\/20\/2019\/04\/sisustusinspo13-768x1132.jpg 768w, https:\/\/blogit-cdn.a-lehdet.fi\/uploads\/sites\/20\/2019\/04\/sisustusinspo13-695x1024.jpg 695w\" sizes=\"(max-width: 800px) 100vw, 800px\" \/><\/p>\n<p>Makuuhuoneen puolelta l\u00f6ytyy kauniita kiintokalustevalintoja ja lis\u00e4\u00e4 pehment\u00e4vi\u00e4 tekstiilej\u00e4; kokolattiamattoa ja verhoja. J\u00e4lkimm\u00e4iset ovat minusta tosi t\u00e4rke\u00e4ss\u00e4 osassa t\u00e4m\u00e4n kohteen sisustusta, ilman niit\u00e4 tunnelma j\u00e4isi ihan erilaiseksi, ehk\u00e4 v\u00e4h\u00e4n kolkoksikin. Tykk\u00e4\u00e4n my\u00f6s noista neliskanttisista upotetuista spoteista. Jos nyt rakentaisin taloa, olisi yleisvalaistusratkaisuni ehk\u00e4 v\u00e4h\u00e4n tuon tyyppinen; moderni ja huomaamaton, mutta kuitenkin talon arkkitehtuuria hienosti tukeva.<\/p>\n<p><img decoding=\"async\" loading=\"lazy\" class=\"aligncenter size-full wp-image-18291\" src=\"https:\/\/blogit-cdn.a-lehdet.fi\/uploads\/sites\/20\/2019\/04\/sisustusinspo15.jpg\" alt=\"\" width=\"800\" height=\"1179\" srcset=\"https:\/\/blogit-cdn.a-lehdet.fi\/uploads\/sites\/20\/2019\/04\/sisustusinspo15.jpg 800w, https:\/\/blogit-cdn.a-lehdet.fi\/uploads\/sites\/20\/2019\/04\/sisustusinspo15-204x300.jpg 204w, https:\/\/blogit-cdn.a-lehdet.fi\/uploads\/sites\/20\/2019\/04\/sisustusinspo15-768x1132.jpg 768w, https:\/\/blogit-cdn.a-lehdet.fi\/uploads\/sites\/20\/2019\/04\/sisustusinspo15-695x1024.jpg 695w\" sizes=\"(max-width: 800px) 100vw, 800px\" \/> <img decoding=\"async\" loading=\"lazy\" class=\"aligncenter size-full wp-image-18290\" src=\"https:\/\/blogit-cdn.a-lehdet.fi\/uploads\/sites\/20\/2019\/04\/sisustusinspo16.jpg\" alt=\"\" width=\"800\" height=\"1179\" srcset=\"https:\/\/blogit-cdn.a-lehdet.fi\/uploads\/sites\/20\/2019\/04\/sisustusinspo16.jpg 800w, https:\/\/blogit-cdn.a-lehdet.fi\/uploads\/sites\/20\/2019\/04\/sisustusinspo16-204x300.jpg 204w, https:\/\/blogit-cdn.a-lehdet.fi\/uploads\/sites\/20\/2019\/04\/sisustusinspo16-768x1132.jpg 768w, https:\/\/blogit-cdn.a-lehdet.fi\/uploads\/sites\/20\/2019\/04\/sisustusinspo16-695x1024.jpg 695w\" sizes=\"(max-width: 800px) 100vw, 800px\" \/><\/p>\n<p>Arkiolohuoneessa on my\u00f6s todella kauniit teetetyt puukaapistot, joissa on sopivassa suhteessa avointa ja ovellista s\u00e4ilytystilaa. T\u00e4llaisia kustomoituja s\u00e4ilytysratkaisuja soisi n\u00e4kev\u00e4n enemm\u00e4nkin, ovat t\u00e4ysin eri maata kuin valmisratkaisut. Kaapiston lis\u00e4ksi iso nahkasohva, puinen sohvap\u00f6yt\u00e4 ja nuo neliskanttiset spotit ja pienesineet tuovat tilaan v\u00e4h\u00e4n 70-luvun fiilist\u00e4, jota on talossa muutenkin kattoikkunoiden ja vaakasuuntaisen arkkitehtuurin ansiosta. Oikein onnistuneita ja osittain my\u00f6s mukavan persoonallisia yksityiskohtia.<\/p>\n<p><img decoding=\"async\" loading=\"lazy\" class=\"aligncenter size-full wp-image-18289\" src=\"https:\/\/blogit-cdn.a-lehdet.fi\/uploads\/sites\/20\/2019\/04\/sisustusinspo17.jpg\" alt=\"\" width=\"800\" height=\"1179\" srcset=\"https:\/\/blogit-cdn.a-lehdet.fi\/uploads\/sites\/20\/2019\/04\/sisustusinspo17.jpg 800w, https:\/\/blogit-cdn.a-lehdet.fi\/uploads\/sites\/20\/2019\/04\/sisustusinspo17-204x300.jpg 204w, https:\/\/blogit-cdn.a-lehdet.fi\/uploads\/sites\/20\/2019\/04\/sisustusinspo17-768x1132.jpg 768w, https:\/\/blogit-cdn.a-lehdet.fi\/uploads\/sites\/20\/2019\/04\/sisustusinspo17-695x1024.jpg 695w\" sizes=\"(max-width: 800px) 100vw, 800px\" \/><\/p>\n<p>Minusta t\u00e4m\u00e4 talo on eritt\u00e4in inspiroiva ja virkist\u00e4v\u00e4n erilainen kokonaisuus, joita olisi mukava n\u00e4hd\u00e4 enemm\u00e4nkin. Suuri osa sisustusblogeissa ja -sivustoilla kiert\u00e4vist\u00e4 sisustusinspiraatiokuvista sijoittuu vanhoja asuntojen milj\u00f6isiin; n\u00e4iss\u00e4 on toki ehdottomasti oma charminsa, mutta juuri siksi on virkist\u00e4v\u00e4\u00e4 n\u00e4hd\u00e4 v\u00e4lill\u00e4 my\u00f6s jotain muuta, uuteen taloon tehtyj\u00e4 persoonallisia, laadukkaita ja ajattomia valintoja. T\u00e4m\u00e4 kohde on hyv\u00e4 esimerkki siit\u00e4, ettei uusien talojen tarvitse olla persoonattomia klooneja: vaikka arkkitehtuuri olisikin yleisesti t\u00e4t\u00e4 kohdetta maltillisempi, voi pienill\u00e4 yksityiskohdilla ja kustomoiduilla ratkaisuilla tuoda pient\u00e4 jujua ja yksil\u00f6llisyytt\u00e4 kokonaisuuteen.<\/p>\n<p><em>Mit\u00e4 te piditte t\u00e4st\u00e4 kokonaisuudesta?<\/em><\/p>\n<hr \/>\n<p><em>This very inspiring house is for sale at <a rel=\"nofollow\" href=\"https:\/\/www.fantasticfrank.se\/objekt\/OBJ17365_1676726041\/bilder\" target=\"_blank\" rel=\"noopener\">Fantastic Frank<\/a>. The house is built in 2013, but despite of the newness it has very charasteristic and individual style. I love the architecture and details of the interior e.g. the large black framed windows, fixed cabinets and material palette all over the house. This is a very good example how to add more personality to a new house: even though the architecture would be more modest, these kind of <\/em><em>tailored solutions, genuine materials and timeless choices always work.<\/em><\/p>\n<p><em>kaikki kuvat\/all pictures <\/em><a rel=\"nofollow\" href=\"https:\/\/www.fantasticfrank.se\/objekt\/OBJ17365_1676726041\" target=\"_blank\" rel=\"noopener\"><em>Fantastic Frank<\/em><\/a><\/p>\n","protected":false},"excerpt":{"rendered":"<p>P\u00e4\u00e4si\u00e4inen on ohi ja arki on taas alkanut. Vaikka pitk\u00e4t vapaat tuntuivatkin&hellip;<\/p>\n","protected":false},"author":24,"featured_media":0,"comment_status":"open","ping_status":"open","sticky":false,"template":"","format":"standard","meta":{"footnotes":""},"categories":[11,13],"tags":[32,24],"acf":[],"platta":{"numLikes":0,"numComments":2,"category":"sisustus","themes":["skandinaavinen-sisustus","sisustusideat"],"commercial_partner":null,"thumbnail":"https:\/\/blogit-cdn.a-lehdet.fi\/uploads\/sites\/20\/2019\/04\/sisustusinspo1.jpg","blog_id":20},"jetpack_featured_media_url":"","_links":{"self":[{"href":"https:\/\/blogit.meillakotona.fi\/pihkala\/api\/wp\/v2\/posts\/18287"}],"collection":[{"href":"https:\/\/blogit.meillakotona.fi\/pihkala\/api\/wp\/v2\/posts"}],"about":[{"href":"https:\/\/blogit.meillakotona.fi\/pihkala\/api\/wp\/v2\/types\/post"}],"author":[{"embeddable":true,"href":"https:\/\/blogit.meillakotona.fi\/pihkala\/api\/wp\/v2\/users\/24"}],"replies":[{"embeddable":true,"href":"https:\/\/blogit.meillakotona.fi\/pihkala\/api\/wp\/v2\/comments?post=18287"}],"version-history":[{"count":5,"href":"https:\/\/blogit.meillakotona.fi\/pihkala\/api\/wp\/v2\/posts\/18287\/revisions"}],"predecessor-version":[{"id":18310,"href":"https:\/\/blogit.meillakotona.fi\/pihkala\/api\/wp\/v2\/posts\/18287\/revisions\/18310"}],"wp:attachment":[{"href":"https:\/\/blogit.meillakotona.fi\/pihkala\/api\/wp\/v2\/media?parent=18287"}],"wp:term":[{"taxonomy":"category","embeddable":true,"href":"https:\/\/blogit.meillakotona.fi\/pihkala\/api\/wp\/v2\/categories?post=18287"},{"taxonomy":"post_tag","embeddable":true,"href":"https:\/\/blogit.meillakotona.fi\/pihkala\/api\/wp\/v2\/tags?post=18287"}],"curies":[{"name":"wp","href":"https:\/\/api.w.org\/{rel}","templated":true}]}}