{"id":9140,"date":"2023-05-07T17:05:56","date_gmt":"2023-05-07T14:05:56","guid":{"rendered":"http:\/\/blogit.meillakotona.fi\/perinneruokaaprkl\/?p=9140"},"modified":"2023-05-07T17:05:56","modified_gmt":"2023-05-07T14:05:56","slug":"kaarijamokkapalat","status":"publish","type":"post","link":"https:\/\/blogit.meillakotona.fi\/perinneruokaaprkl\/kaarijamokkapalat\/","title":{"rendered":"K\u00e4\u00e4rij\u00e4mokkapalat"},"content":{"rendered":"<h3 style=\"text-align:center;\">Cha cha chaa \u2013 en oo arkena t\u00e4\u00e4 mokkapala laisinkaan! Euroviisujen helpoin tarjottava on t\u00e4ss\u00e4. Koristele k\u00e4\u00e4rij\u00e4mokkapalat mieleisill\u00e4si vihreill\u00e4 irtokarkeilla.<\/h3>\n<h3 style=\"text-align:center;\"><img decoding=\"async\" loading=\"lazy\" class=\"alignnone wp-image-9141 size-full\" src=\"https:\/\/blogit-cdn.a-lehdet.fi\/uploads\/sites\/23\/2023\/05\/kaarijamokkapalat1313-scaled.jpg\" alt=\"k\u00e4\u00e4rij\u00e4mokkapalat K\u00e4\u00e4rij\u00e4\" width=\"2048\" height=\"2560\" srcset=\"https:\/\/blogit-cdn.a-lehdet.fi\/uploads\/sites\/23\/2023\/05\/kaarijamokkapalat1313-scaled.jpg 2048w, https:\/\/blogit-cdn.a-lehdet.fi\/uploads\/sites\/23\/2023\/05\/kaarijamokkapalat1313-240x300.jpg 240w, https:\/\/blogit-cdn.a-lehdet.fi\/uploads\/sites\/23\/2023\/05\/kaarijamokkapalat1313-819x1024.jpg 819w, https:\/\/blogit-cdn.a-lehdet.fi\/uploads\/sites\/23\/2023\/05\/kaarijamokkapalat1313-768x960.jpg 768w, https:\/\/blogit-cdn.a-lehdet.fi\/uploads\/sites\/23\/2023\/05\/kaarijamokkapalat1313-1229x1536.jpg 1229w, https:\/\/blogit-cdn.a-lehdet.fi\/uploads\/sites\/23\/2023\/05\/kaarijamokkapalat1313-1638x2048.jpg 1638w\" sizes=\"(max-width: 2048px) 100vw, 2048px\" \/><\/h3>\n<p>K\u00e4\u00e4rij\u00e4-huumassa p\u00e4\u00e4tin py\u00f6r\u00e4ytt\u00e4\u00e4 jotain helppoa tarjottavaa Euroviisujuhliin. Mik\u00e4p\u00e4 olisi sen suomalaisempaa kuin mokkapalat ja niiden koristeena erilaisia vihreit\u00e4 karkkeja. N\u00e4iden mokkapalojen kuorrute syntyy Kick-patukoista, jotka sulatetaan kerman kanssa pehme\u00e4ksi lakritsin makuiseksi kuorrutteeksi. Tosin n\u00e4m\u00e4 mokkapalat voi kuorruttaa my\u00f6s ihan sill\u00e4 tavallisella versiolla ja keskitty\u00e4 vain koristeluun.<\/p>\n<p>N\u00e4iden mokkapalojen juttu on vihre\u00e4t irtokarkit, joita l\u00f6ytyy yll\u00e4tt\u00e4v\u00e4n paljon erilaisia. Varsinkin paremmin varustelluista irtokarkkihyllyist\u00e4, kuten Candy King myym\u00e4l\u00f6ist\u00e4. Hieman piti mets\u00e4st\u00e4\u00e4, jotta l\u00f6ysin nuo kuvissa olevat isot vihre\u00e4ll\u00e4 sokerilla kuorrutetut vaahtokarkit. Onneksi koristeluun sopii silti mik\u00e4 tahansa vihre\u00e4 karkki.<\/p>\n<p><img decoding=\"async\" loading=\"lazy\" class=\"alignnone size-full wp-image-9143\" src=\"https:\/\/blogit-cdn.a-lehdet.fi\/uploads\/sites\/23\/2023\/05\/kaarijamokkapalat1339-scaled.jpg\" alt=\"k\u00e4\u00e4rij\u00e4mokkapalat\" width=\"2048\" height=\"2560\" srcset=\"https:\/\/blogit-cdn.a-lehdet.fi\/uploads\/sites\/23\/2023\/05\/kaarijamokkapalat1339-scaled.jpg 2048w, https:\/\/blogit-cdn.a-lehdet.fi\/uploads\/sites\/23\/2023\/05\/kaarijamokkapalat1339-240x300.jpg 240w, https:\/\/blogit-cdn.a-lehdet.fi\/uploads\/sites\/23\/2023\/05\/kaarijamokkapalat1339-819x1024.jpg 819w, https:\/\/blogit-cdn.a-lehdet.fi\/uploads\/sites\/23\/2023\/05\/kaarijamokkapalat1339-768x960.jpg 768w, https:\/\/blogit-cdn.a-lehdet.fi\/uploads\/sites\/23\/2023\/05\/kaarijamokkapalat1339-1229x1536.jpg 1229w, https:\/\/blogit-cdn.a-lehdet.fi\/uploads\/sites\/23\/2023\/05\/kaarijamokkapalat1339-1638x2048.jpg 1638w\" sizes=\"(max-width: 2048px) 100vw, 2048px\" \/><\/p>\n<p>\u00a0<\/p>\n","protected":false},"excerpt":{"rendered":"<p>Cha cha chaa \u2013 en oo arkena t\u00e4\u00e4 mokkapala laisinkaan! Euroviisujen helpoin&hellip;<\/p>\n","protected":false},"author":29,"featured_media":0,"comment_status":"open","ping_status":"closed","sticky":false,"template":"","format":"standard","meta":{"footnotes":""},"categories":[1],"tags":[1191,593],"acf":[],"platta":{"numLikes":34,"numComments":0,"category":"ruoka","themes":["leivonnaiset","mokkapalat"],"commercial_partner":null,"thumbnail":"https:\/\/blogit-cdn.a-lehdet.fi\/uploads\/sites\/23\/2023\/05\/kaarijamokkapalat1313-scaled.jpg","blog_id":23},"jetpack_featured_media_url":"","_links":{"self":[{"href":"https:\/\/blogit.meillakotona.fi\/perinneruokaaprkl\/api\/wp\/v2\/posts\/9140"}],"collection":[{"href":"https:\/\/blogit.meillakotona.fi\/perinneruokaaprkl\/api\/wp\/v2\/posts"}],"about":[{"href":"https:\/\/blogit.meillakotona.fi\/perinneruokaaprkl\/api\/wp\/v2\/types\/post"}],"author":[{"embeddable":true,"href":"https:\/\/blogit.meillakotona.fi\/perinneruokaaprkl\/api\/wp\/v2\/users\/29"}],"replies":[{"embeddable":true,"href":"https:\/\/blogit.meillakotona.fi\/perinneruokaaprkl\/api\/wp\/v2\/comments?post=9140"}],"version-history":[{"count":4,"href":"https:\/\/blogit.meillakotona.fi\/perinneruokaaprkl\/api\/wp\/v2\/posts\/9140\/revisions"}],"predecessor-version":[{"id":9146,"href":"https:\/\/blogit.meillakotona.fi\/perinneruokaaprkl\/api\/wp\/v2\/posts\/9140\/revisions\/9146"}],"wp:attachment":[{"href":"https:\/\/blogit.meillakotona.fi\/perinneruokaaprkl\/api\/wp\/v2\/media?parent=9140"}],"wp:term":[{"taxonomy":"category","embeddable":true,"href":"https:\/\/blogit.meillakotona.fi\/perinneruokaaprkl\/api\/wp\/v2\/categories?post=9140"},{"taxonomy":"post_tag","embeddable":true,"href":"https:\/\/blogit.meillakotona.fi\/perinneruokaaprkl\/api\/wp\/v2\/tags?post=9140"}],"curies":[{"name":"wp","href":"https:\/\/api.w.org\/{rel}","templated":true}]}}