{"id":7963,"date":"2020-06-12T12:09:09","date_gmt":"2020-06-12T09:09:09","guid":{"rendered":"http:\/\/blogit.meillakotona.fi\/perinneruokaaprkl\/?p=7963"},"modified":"2020-06-12T12:09:09","modified_gmt":"2020-06-12T09:09:09","slug":"kesan-aamiaispiirakka-mansikoista","status":"publish","type":"post","link":"https:\/\/blogit.meillakotona.fi\/perinneruokaaprkl\/kesan-aamiaispiirakka-mansikoista\/","title":{"rendered":"Kes\u00e4n aamiaispiirakka mansikoista"},"content":{"rendered":"<h3 style=\"text-align:center;\">Kes\u00e4ll\u00e4 herkutellaan mansikoilla ja mik\u00e4 onkaan parempi tapa, kuin aloittaa p\u00e4iv\u00e4 t\u00e4ll\u00e4 mansikkapiirakalla! Niin kevytt\u00e4 ja herkullista.<\/h3>\n<h3 style=\"text-align:center;\"><img decoding=\"async\" loading=\"lazy\" class=\"alignnone size-full wp-image-7964\" src=\"https:\/\/blogit-cdn.a-lehdet.fi\/uploads\/sites\/23\/2020\/06\/mansikkakakku0318.jpg\" alt=\"aamiaispiirakka\" width=\"1200\" height=\"1200\"><\/h3>\n<p>T\u00e4m\u00e4 mansikkapiirakka on ihan paras tapa aloittaa kes\u00e4p\u00e4iv\u00e4. Se on niin kevytt\u00e4, ett\u00e4 voit sy\u00f6d\u00e4 sen vaikka kokonaan. Piirakan pohja valmistuu granolasta, jonka joukkoon sekoitetaan muussattu banaani. Kannattaa kuitenkin valita sellainen granola, joka ei sis\u00e4ll\u00e4 lis\u00e4tty\u00e4 sokeria, niin piirakka pysyy terveellisen\u00e4 aamupalana.<\/p>\n<p>T\u00e4ytteeksi piirakkaan laitetaan kreikkalaista jogurttia ja lusikallinen hunajaa antamaan pient\u00e4 lis\u00e4makeutta, mutta senkin voi j\u00e4tt\u00e4\u00e4 halutessaan pois, mik\u00e4li mansikat ovat tarpeeksi makeita. Pinnalle viipaloidaan reilu kerros mansikoita ja sitten t\u00e4m\u00e4 aamiaispiirakka on valmis. Koristelin piirakan ahomansikan kukilla, mutta voit k\u00e4ytt\u00e4\u00e4 halutessasi koristeluun mit\u00e4 tahansa sy\u00f6t\u00e4vi\u00e4 kukkia.<\/p>\n<p>Kokeile vaikka viikonloppuna!<\/p>\n<p><img decoding=\"async\" loading=\"lazy\" class=\"alignnone size-full wp-image-7965\" src=\"https:\/\/blogit-cdn.a-lehdet.fi\/uploads\/sites\/23\/2020\/06\/mansikkakakku0320.jpg\" alt=\"aamiaispiirakka\" width=\"1200\" height=\"1200\"><\/p>\n","protected":false},"excerpt":{"rendered":"<p>Kes\u00e4ll\u00e4 herkutellaan mansikoilla ja mik\u00e4 onkaan parempi tapa, kuin aloittaa p\u00e4iv\u00e4 t\u00e4ll\u00e4&hellip;<\/p>\n","protected":false},"author":29,"featured_media":0,"comment_status":"open","ping_status":"closed","sticky":false,"template":"","format":"standard","meta":{"footnotes":""},"categories":[1],"tags":[599,660,549,17],"acf":[],"platta":{"numLikes":15,"numComments":1,"category":"ruoka","themes":["aamupalat","marjat","makeat-piirakat"],"commercial_partner":null,"thumbnail":"https:\/\/blogit-cdn.a-lehdet.fi\/uploads\/sites\/23\/2020\/06\/mansikkakakku0318.jpg","blog_id":23},"jetpack_featured_media_url":"","_links":{"self":[{"href":"https:\/\/blogit.meillakotona.fi\/perinneruokaaprkl\/api\/wp\/v2\/posts\/7963"}],"collection":[{"href":"https:\/\/blogit.meillakotona.fi\/perinneruokaaprkl\/api\/wp\/v2\/posts"}],"about":[{"href":"https:\/\/blogit.meillakotona.fi\/perinneruokaaprkl\/api\/wp\/v2\/types\/post"}],"author":[{"embeddable":true,"href":"https:\/\/blogit.meillakotona.fi\/perinneruokaaprkl\/api\/wp\/v2\/users\/29"}],"replies":[{"embeddable":true,"href":"https:\/\/blogit.meillakotona.fi\/perinneruokaaprkl\/api\/wp\/v2\/comments?post=7963"}],"version-history":[{"count":2,"href":"https:\/\/blogit.meillakotona.fi\/perinneruokaaprkl\/api\/wp\/v2\/posts\/7963\/revisions"}],"predecessor-version":[{"id":7967,"href":"https:\/\/blogit.meillakotona.fi\/perinneruokaaprkl\/api\/wp\/v2\/posts\/7963\/revisions\/7967"}],"wp:attachment":[{"href":"https:\/\/blogit.meillakotona.fi\/perinneruokaaprkl\/api\/wp\/v2\/media?parent=7963"}],"wp:term":[{"taxonomy":"category","embeddable":true,"href":"https:\/\/blogit.meillakotona.fi\/perinneruokaaprkl\/api\/wp\/v2\/categories?post=7963"},{"taxonomy":"post_tag","embeddable":true,"href":"https:\/\/blogit.meillakotona.fi\/perinneruokaaprkl\/api\/wp\/v2\/tags?post=7963"}],"curies":[{"name":"wp","href":"https:\/\/api.w.org\/{rel}","templated":true}]}}