{"id":506,"date":"2017-04-18T18:50:45","date_gmt":"2017-04-18T18:50:45","guid":{"rendered":"https:\/\/blogit.meillakotona.fi\/olgankotona\/luopumisia\/"},"modified":"2017-11-27T18:14:23","modified_gmt":"2017-11-27T18:14:23","slug":"luopumisia","status":"publish","type":"post","link":"https:\/\/blogit.meillakotona.fi\/olgankotona\/luopumisia\/","title":{"rendered":"Luopumisia"},"content":{"rendered":"<p><img decoding=\"async\" loading=\"lazy\" width=\"480\" height=\"640\" src=\"https:\/\/i2.wp.com\/a-lehdet-blogs.s3.amazonaws.com\/uploads\/sites\/29\/keis.jpg?fit=480%2C640&amp;ssl=1\" class=\"attachment-full size-full\" alt=\"\" srcset=\"https:\/\/i2.wp.com\/a-lehdet-blogs.s3.amazonaws.com\/uploads\/sites\/29\/keis.jpg?w=480&amp;ssl=1 480w, https:\/\/i2.wp.com\/a-lehdet-blogs.s3.amazonaws.com\/uploads\/sites\/29\/keis.jpg?resize=225%2C300&amp;ssl=1 225w\" sizes=\"(max-width: 480px) 100vw, 480px\" data-attachment-id=\"2471\" data-permalink=\"https:\/\/blogit.meillakotona.fi\/olgankotona\/keis\/\" data-orig-file=\"https:\/\/i2.wp.com\/a-lehdet-blogs.s3.amazonaws.com\/uploads\/sites\/29\/keis.jpg?fit=480%2C640&amp;ssl=1\" data-orig-size=\"480,640\" data-comments-opened=\"1\" data-image-meta=\"{&quot;aperture&quot;:&quot;0&quot;,&quot;credit&quot;:&quot;Picasa&quot;,&quot;camera&quot;:&quot;&quot;,&quot;caption&quot;:&quot;&quot;,&quot;created_timestamp&quot;:&quot;1492539856&quot;,&quot;copyright&quot;:&quot;&quot;,&quot;focal_length&quot;:&quot;0&quot;,&quot;iso&quot;:&quot;0&quot;,&quot;shutter_speed&quot;:&quot;0&quot;,&quot;title&quot;:&quot;&quot;,&quot;orientation&quot;:&quot;0&quot;}\" data-image-title=\"keis\" data-image-description=\"\" data-medium-file=\"https:\/\/i2.wp.com\/a-lehdet-blogs.s3.amazonaws.com\/uploads\/sites\/29\/keis.jpg?fit=225%2C300&amp;ssl=1\" data-large-file=\"https:\/\/i2.wp.com\/a-lehdet-blogs.s3.amazonaws.com\/uploads\/sites\/29\/keis.jpg?fit=480%2C640&amp;ssl=1\" \/> <\/p>\n<p>Viime juhannuksena syntynyt varsamme, nykyinen vuotias tammavarsa Keisarinna aikuistui viikonloppuna lopullisesti, kun se vietiin naapurikyl\u00e4\u00e4n Tortolan Talleille vierottumaan em\u00e4st\u00e4\u00e4n Elhosta. Tamma ja varsa ovat jo nukkuneet y\u00f6t eri karsinoissa joulusta l\u00e4htien, mutta p\u00e4iv\u00e4ll\u00e4 on viel\u00e4 saaneet olla samassa tarhassa. Nyt Elho alkoi olla jo sen oloinen ett\u00e4 edelleen maitoa pummaava k\u00f6ril\u00e4s on enemm\u00e4n haitaksi kuin iloksi. Lis\u00e4ksi ajattelimme laittaa keisarinnan kes\u00e4ksi oman ik\u00e4isten kanssa varsojen kes\u00e4laitumelle kasvamaan, joten oli tarpeen vierottaa se em\u00e4st\u00e4\u00e4n ennen laitumelle laskemista.<\/p>\n<p>Rankkaa oli, tietenkin pienelle karvakorvalle Keisarinnalle l\u00e4hte\u00e4 suureen maailmaan, Elholle j\u00e4\u00e4d\u00e4 kotiin toista etsim\u00e4\u00e4n ja melkein yht\u00e4 rankkaa minulle j\u00e4\u00e4d\u00e4 Elhon viereen itkem\u00e4\u00e4n ja tuntemaan sen tuskaa. Elhossa on vain jotakin erityist\u00e4 minulle. Joku tuossa neuroottisessa tammassa on, ett\u00e4 se liikuttaa minua syvemmin kuin yksik\u00e4\u00e4n muu el\u00e4in t\u00e4ll\u00e4 tontilla. Kun Elho oli h\u00e4diss\u00e4\u00e4n ja etsi varsaansa, min\u00e4 siivosin tarhaa ja purskahtelin itkuun v\u00e4h\u00e4n v\u00e4li\u00e4. Koko loppup\u00e4iv\u00e4n kuljin Tuukan per\u00e4ss\u00e4 hokemassa, ett\u00e4 en en\u00e4\u00e4 ikin\u00e4 teet\u00e4 sill\u00e4 varsaa, ainakaan sellaista mit\u00e4 ei aio pit\u00e4\u00e4 itsell\u00e4ni.<\/p>\n<p><img decoding=\"async\" loading=\"lazy\" width=\"393\" height=\"526\" src=\"https:\/\/i0.wp.com\/a-lehdet-blogs.s3.amazonaws.com\/uploads\/sites\/29\/keis2.jpg?fit=393%2C526&amp;ssl=1\" class=\"attachment-full size-full\" alt=\"\" srcset=\"https:\/\/i0.wp.com\/a-lehdet-blogs.s3.amazonaws.com\/uploads\/sites\/29\/keis2.jpg?w=393&amp;ssl=1 393w, https:\/\/i0.wp.com\/a-lehdet-blogs.s3.amazonaws.com\/uploads\/sites\/29\/keis2.jpg?resize=224%2C300&amp;ssl=1 224w\" sizes=\"(max-width: 393px) 100vw, 393px\" data-attachment-id=\"2473\" data-permalink=\"https:\/\/blogit.meillakotona.fi\/olgankotona\/keis2\/\" data-orig-file=\"https:\/\/i0.wp.com\/a-lehdet-blogs.s3.amazonaws.com\/uploads\/sites\/29\/keis2.jpg?fit=393%2C526&amp;ssl=1\" data-orig-size=\"393,526\" data-comments-opened=\"1\" data-image-meta=\"{&quot;aperture&quot;:&quot;0&quot;,&quot;credit&quot;:&quot;Picasa&quot;,&quot;camera&quot;:&quot;&quot;,&quot;caption&quot;:&quot;&quot;,&quot;created_timestamp&quot;:&quot;1492539894&quot;,&quot;copyright&quot;:&quot;&quot;,&quot;focal_length&quot;:&quot;0&quot;,&quot;iso&quot;:&quot;0&quot;,&quot;shutter_speed&quot;:&quot;0&quot;,&quot;title&quot;:&quot;&quot;,&quot;orientation&quot;:&quot;0&quot;}\" data-image-title=\"keis2\" data-image-description=\"\" data-medium-file=\"https:\/\/i0.wp.com\/a-lehdet-blogs.s3.amazonaws.com\/uploads\/sites\/29\/keis2.jpg?fit=224%2C300&amp;ssl=1\" data-large-file=\"https:\/\/i0.wp.com\/a-lehdet-blogs.s3.amazonaws.com\/uploads\/sites\/29\/keis2.jpg?fit=393%2C526&amp;ssl=1\" \/><\/p>\n<p>Pikku karvakorva p\u00e4rj\u00e4\u00e4 kuulemma aika hyvin. Kerran oli karannut kun oli n\u00e4hnyt jossain Elhon n\u00e4k\u00f6isen hevosen, mutta muuten uusi paikka ja maailma kiinnostavat. Saa n\u00e4hd\u00e4 mit\u00e4 siit\u00e4 viel\u00e4 tulee, aika n\u00e4ytt\u00e4\u00e4, syksyll\u00e4 on sen suhteen p\u00e4\u00e4t\u00f6sten aika.<\/p>\n<p>My\u00f6s Rositan vasikan odotuksen suhteen on tavallaan luopumisen aika. Kaiken t\u00e4m\u00e4n odottamisen j\u00e4lkeen tajusin ett\u00e4 se ei taida olla kuulkaas edes paksuna se otus! Se on huijannut koko porukkaa oikein huolella. Sen &quot;oireet&quot; poikimisesta katosivat kokonaan ja min\u00e4 tajusin p\u00e4\u00e4si\u00e4sien\u00e4 ett\u00e4 eik\u00e4, sill\u00e4h\u00e4n oli kiima. Ja se &quot;vasikka&quot;, se on hyv\u00e4ll\u00e4 ruokahalulla sy\u00f6ty\u00e4 ruokaa! Keskustelin el\u00e4inl\u00e4\u00e4k\u00e4rin kanssa asiasta, ja h\u00e4n totesi saman. ja niinp\u00e4, Rositaa ei koskaan tarkastettu tiineeksi koska tarkastuksen tekeminen on sille todella hankalaa koska se on niin villi. (Kyll\u00e4! Pieni hullu lehm\u00e4.) Ja sitten me vain j\u00e4imme odottelemaan, vatsa kasvoi ja yksi jos toinenkin alkoi vain &quot;n\u00e4kem\u00e4\u00e4n&quot; tulevan vasikan siell\u00e4. Nooh, ei ole vasikkaa. On vain yksi hyvin sy\u00f6nyt lehm\u00e4 ja nolo em\u00e4nt\u00e4.<\/p>\n<p>P.S. El\u00e4imist\u00e4 puheen ollen, k\u00e4yk\u00e4\u00e4 kurkkaamassa <a rel=\"nofollow\" href=\"http:\/\/www.kotivinkki.fi\/ruoka\/olga-temonen-reilua-ja-yksinkertaista-ruokaa-ei-mitaan-piperrysta\">t\u00e4\u00e4lt\u00e4<\/a> ruokaan ja koirien ruokaan liittyv\u00e4 juttu, mik\u00e4 minusta (Torstista) ja meid\u00e4n koirista tehtiin joku aika sitten. Ja ei, koirista kukaan ei ole raskaana, ei vale- eik\u00e4 oikeasti. \ud83d\ude42<\/p>\n","protected":false},"excerpt":{"rendered":"<p>Viime juhannuksena syntynyt varsamme, nykyinen vuotias tammavarsa Keisarinna aikuistui viikonloppuna lopullisesti, kun&hellip;<\/p>\n","protected":false},"author":35,"featured_media":2471,"comment_status":"open","ping_status":"open","sticky":false,"template":"","format":"standard","meta":{"footnotes":""},"categories":[1],"tags":[],"acf":[],"platta":{"numLikes":0,"numComments":2,"category":null,"themes":[],"commercial_partner":null,"thumbnail":"https:\/\/blogit-cdn.a-lehdet.fi\/uploads\/sites\/29\/keis.jpg","blog_id":29},"jetpack_featured_media_url":"https:\/\/blogit-cdn.a-lehdet.fi\/uploads\/sites\/29\/keis.jpg","_links":{"self":[{"href":"https:\/\/blogit.meillakotona.fi\/olgankotona\/api\/wp\/v2\/posts\/506"}],"collection":[{"href":"https:\/\/blogit.meillakotona.fi\/olgankotona\/api\/wp\/v2\/posts"}],"about":[{"href":"https:\/\/blogit.meillakotona.fi\/olgankotona\/api\/wp\/v2\/types\/post"}],"author":[{"embeddable":true,"href":"https:\/\/blogit.meillakotona.fi\/olgankotona\/api\/wp\/v2\/users\/35"}],"replies":[{"embeddable":true,"href":"https:\/\/blogit.meillakotona.fi\/olgankotona\/api\/wp\/v2\/comments?post=506"}],"version-history":[{"count":2,"href":"https:\/\/blogit.meillakotona.fi\/olgankotona\/api\/wp\/v2\/posts\/506\/revisions"}],"predecessor-version":[{"id":2474,"href":"https:\/\/blogit.meillakotona.fi\/olgankotona\/api\/wp\/v2\/posts\/506\/revisions\/2474"}],"wp:featuredmedia":[{"embeddable":true,"href":"https:\/\/blogit.meillakotona.fi\/olgankotona\/api\/wp\/v2\/media\/2471"}],"wp:attachment":[{"href":"https:\/\/blogit.meillakotona.fi\/olgankotona\/api\/wp\/v2\/media?parent=506"}],"wp:term":[{"taxonomy":"category","embeddable":true,"href":"https:\/\/blogit.meillakotona.fi\/olgankotona\/api\/wp\/v2\/categories?post=506"},{"taxonomy":"post_tag","embeddable":true,"href":"https:\/\/blogit.meillakotona.fi\/olgankotona\/api\/wp\/v2\/tags?post=506"}],"curies":[{"name":"wp","href":"https:\/\/api.w.org\/{rel}","templated":true}]}}