{"id":5011,"date":"2020-11-29T09:50:36","date_gmt":"2020-11-29T09:50:36","guid":{"rendered":"https:\/\/blogit.meillakotona.fi\/olgankotona\/?p=5011"},"modified":"2020-11-29T09:50:36","modified_gmt":"2020-11-29T09:50:36","slug":"kannattaako-ihoa-hoitaa-sisaltapain","status":"publish","type":"post","link":"https:\/\/blogit.meillakotona.fi\/olgankotona\/kannattaako-ihoa-hoitaa-sisaltapain\/","title":{"rendered":"Kannattaako ihoa hoitaa sis\u00e4lt\u00e4p\u00e4in?"},"content":{"rendered":"<p><img decoding=\"async\" loading=\"lazy\" class=\"alignnone size-full wp-image-5013\" src=\"https:\/\/blogit-cdn.a-lehdet.fi\/uploads\/sites\/29\/2020\/11\/osl-2.jpg\" alt=\"\" width=\"1200\" height=\"1200\"><\/p>\n<p>Sain kutsun yhteisty\u00f6h\u00f6n paljon n\u00e4kyvill\u00e4 olleiden Oslo Skin Lab \u2013kollageenijauheiden kanssa. Olen kuullut n\u00e4ist\u00e4 paljon puhetta ja sen takia minua kiinnosti heti. Googlasin kollageenia v\u00e4h\u00e4n, opin ett\u00e4 se on luonnollinen tukikudoksen proteiini joka v\u00e4henee elimist\u00f6st\u00e4mme i\u00e4n my\u00f6t\u00e4. Rypyist\u00e4 tuskin p\u00e4\u00e4sisin eroon, enk\u00e4 ehk\u00e4 haluaisikaan, mutta ei t\u00e4st\u00e4 haittaakaan varmasti ole. Eli ilmoitin ett\u00e4 mukana ollaan.<\/p>\n<p>P\u00e4\u00e4tin ett\u00e4 teen kahdet kuvat, ennen kun aloitan Oslo Skin Lab -kollageenijauheen sy\u00f6nnin ja 8 viikon j\u00e4lkeen. Kiinnosti huomaisinko, tai huomaisitteko te muut eroa. Olen 42-vuotias. Ryppyj\u00e4 tulee, se ei haittaa, minusta on kiva olla juuri t\u00e4m\u00e4n ik\u00e4inen. Kasvojen ryppyj\u00e4 enemm\u00e4n huomaan ik\u00e4\u00e4ntymisen my\u00f6s k\u00e4mmenseliss\u00e4 ja kaulan iholla. Minua ei oikeastaan harmita vanhenemisen merkit, vaan enemm\u00e4nkin se, ett\u00e4 aika kuluu, el\u00e4m\u00e4 kuluu. Se on\u00a0\u00a0aina jotenkin haikeaa.<\/p>\n<p>Olen jo pitk\u00e4\u00e4n miettinyt ihon hoitoa kokonaisvaltaisena juttuna. Minusta on tavallaan j\u00e4nn\u00e4, ett\u00e4 ihoa hoidetaan yleisesti aina vain sen pinnalta, eli k\u00e4ytt\u00e4m\u00e4ll\u00e4 voiteita, \u00f6ljyj\u00e4, puhdistusaineita ja milloin mit\u00e4kin. Veden juonnin merkityksest\u00e4 puhutaan kyll\u00e4, mutta yht\u00e4lailla uskon, ett\u00e4 my\u00f6s kaikella sill\u00e4, mit\u00e4 p\u00e4ivitt\u00e4in sy\u00f6mme, on kokonaisvaltaisesti vaikutusta siihen, miten ihomme voi. Olen saanut kerran el\u00e4m\u00e4ss\u00e4ni todella voimakkaan nokkosihottuman, eli allergisen reaktion, koska olen allerginen muutamille antibiooteille. Sen vaikutus tuli vuorokaudessa, voimakkaana reaktiona iholle. Kai se reitti toimii toiseen, positiiviseenkin suuntaan, ei tosin ehk\u00e4 ihan niin huomiota her\u00e4tt\u00e4v\u00e4sti.<\/p>\n<p>T\u00e4m\u00e4 sama ajatus piilee my\u00f6s siin\u00e4 viisaudessa, mit\u00e4 er\u00e4s luonnonkosmetiikan asiantuntija kerran sanoi minulle kysyess\u00e4ni h\u00e4nelt\u00e4, miksi h\u00e4n k\u00e4ytt\u00e4\u00e4 luonnonkosmetiikkaa? \u201cKaikki, mit\u00e4 iholleni levit\u00e4n imeytyy elimist\u00f6\u00f6ni, minun verenkiertooni. En halua levitt\u00e4\u00e4 iholleni mit\u00e4\u00e4n sellaista, mit\u00e4 en periaatteessa pystyisi my\u00f6s nielem\u00e4\u00e4n.\u201d Hurja ajatus, mutta tosi konkreettinen ja ainakin minut se vakuutti. Ihan aina en t\u00e4t\u00e4 ajatusta pysty noudattamaan ihan jo ty\u00f6ni vuoksi, usein menn\u00e4\u00e4n niill\u00e4 meikeill\u00e4 ja lotioneilla mit\u00e4 sen p\u00e4iv\u00e4n maskeeraajalla on tarjolla, mutta arkik\u00e4yt\u00f6ss\u00e4 uskon t\u00e4h\u00e4n ja el\u00e4n sen mukaisesti.<\/p>\n<p>Mutta takaisin kollageenijauheeseen. Otin siis haasteen vastaan. Ensin otimme Tuukan kanssa nuo ylemm\u00e4t kuvat, ja siit\u00e4 l\u00e4htien otin pussillisen Oslo Skin Lab jauhetta, joka ikinen aamu. Jauhe ei maistu oikein milt\u00e4\u00e4n, mik\u00e4 oli mielest\u00e4ni hyv\u00e4 asia, kaadoin pussin sis\u00e4ll\u00f6n aamun ensimm\u00e4iseen vesilasilliseen ja kertaakaan ei maistunut pahalta tai tuntunut muutenkaan ep\u00e4miellytt\u00e4v\u00e4lt\u00e4 juoda sit\u00e4.<\/p>\n<figure id=\"attachment_5015\" aria-describedby=\"caption-attachment-5015\" style=\"width: 5184px\" class=\"wp-caption alignnone\"><img decoding=\"async\" loading=\"lazy\" class=\"wp-image-5015 size-full\" src=\"https:\/\/blogit-cdn.a-lehdet.fi\/uploads\/sites\/29\/2020\/11\/osl-4.jpg\" alt=\"\" width=\"1200\" height=\"1200\"><figcaption id=\"caption-attachment-5015\" class=\"wp-caption-text\">Pakkaus on ainakin elegantti!<\/figcaption><\/figure>\n<p>\u00a0<\/p>\n<p>Nyt ne 8 viikkoa on menneet. Alemmat kuvat on otettu 2 p\u00e4iv\u00e4\u00e4 sitten.<\/p>\n<figure id=\"attachment_5012\" aria-describedby=\"caption-attachment-5012\" style=\"width: 2744px\" class=\"wp-caption alignnone\"><img decoding=\"async\" loading=\"lazy\" class=\"wp-image-5012 size-full\" src=\"https:\/\/blogit-cdn.a-lehdet.fi\/uploads\/sites\/29\/2020\/11\/osl-1.jpg\" alt=\"\" width=\"1200\" height=\"1200\"><figcaption id=\"caption-attachment-5012\" class=\"wp-caption-text\">8 viikkoa sitten<\/figcaption><\/figure>\n<figure id=\"attachment_5014\" aria-describedby=\"caption-attachment-5014\" style=\"width: 3456px\" class=\"wp-caption alignnone\"><img decoding=\"async\" loading=\"lazy\" class=\"wp-image-5014 size-full\" src=\"https:\/\/blogit-cdn.a-lehdet.fi\/uploads\/sites\/29\/2020\/11\/osl-3.jpg\" alt=\"\" width=\"1200\" height=\"1200\"><figcaption id=\"caption-attachment-5014\" class=\"wp-caption-text\">t\u00e4m\u00e4 kuva on otettu eilen. Kylmenev\u00e4 ilma on kuivattanut atooppista ihoani, joten ihon pinta on kuivempi kuin 8 vkoa sitten, mutta ent\u00e4s rypyt?<\/figcaption><\/figure>\n<p><img decoding=\"async\" loading=\"lazy\" class=\"alignnone size-full wp-image-5017\" src=\"https:\/\/blogit-cdn.a-lehdet.fi\/uploads\/sites\/29\/2020\/11\/osl-6.jpg\" alt=\"\" width=\"1200\" height=\"1200\">Ensimm\u00e4isen\u00e4 kuvia katsoessa pist\u00e4\u00e4 silm\u00e4\u00e4n ett\u00e4 ihan kun olisin laihtunut, eik\u00e4 mik\u00e4\u00e4n ihme, olen ollut jo muutaman kuukauden karkkilakossa&#8230;. Mutta\u00a0ainakaan kovin isoa eroa en kuvia katsomalla\u00a0huomaa, etenkin kun iho on enemm\u00e4n pintakuiva j\u00e4lkimm\u00e4isiss\u00e4 kuvissa.<\/p>\n<p>Mutta yhden asian olen konkreettisesti huomannut (ja toivottavasti ymm\u00e4rr\u00e4tte ett\u00e4 t\u00e4st\u00e4 EI ole kuvaa!): Aamurypyt! Etenkin decoltee-alueella. Jokainen keski-ik\u00e4inen nainen tiet\u00e4\u00e4, miten iho painuu rintakeh\u00e4st\u00e4 poimuille jos nukkuu kyljell\u00e4\u00e4n. Aamulla peilist\u00e4 katsoo hampaita harjaava takkutukkainen nainen, jonka kaulan alla, rintavaon yl\u00e4puolella on pitki\u00e4 pystyj\u00e4 uniryppyj\u00e4. Nyt ei kuulkaas ole ollut! Ken tiet\u00e4\u00e4, mutta minulle on tuottanut iloa ajatus, ett\u00e4 ihoni on kollageenin takia v\u00e4h\u00e4n kimmoisampi ja palautuu nopeammin siloisiin uomiinsa.<\/p>\n<p>Yhteenvetona voin sanoa, ett\u00e4 uskon jatkavani t\u00e4t\u00e4 kuuria viel\u00e4 ainakin toiset 8 viikkoa. Kollageeni kun ei varastoidu, vaan jos haluan pit\u00e4\u00e4 kaularyppyni \u00a0jatkossakin kurissa, minun t\u00e4ytyy jatkaa jauheen sy\u00f6nti\u00e4.<\/p>\n<p>Jos haluat kokeilla, klikkaa <a rel=\"nofollow\" href=\"https:\/\/www.osloskinlab.fi\/the-solution\/?campcode=COWEBGB4820F&amp;utm_source=blogger&amp;utm_medium=blog&amp;utm_content=olga&amp;utm_campaign=osl_bloggers\">T\u00c4ST\u00c4<\/a> tarjoukseen, jossa\u00a0saat 60% alennuksen ensimm\u00e4isest\u00e4 The Solution-tuotepakkauksesta. Tilaajille jatkuva 30% alennus my\u00f6s tulevista tuotel\u00e4hetyksist\u00e4; tilauksen voi perua milloin vain. Postikulut sis\u00e4ltyv\u00e4t hintaan.<\/p>\n","protected":false},"excerpt":{"rendered":"<p>Sain kutsun yhteisty\u00f6h\u00f6n paljon n\u00e4kyvill\u00e4 olleiden Oslo Skin Lab \u2013kollageenijauheiden kanssa. Olen&hellip;<\/p>\n","protected":false},"author":35,"featured_media":0,"comment_status":"open","ping_status":"closed","sticky":false,"template":"","format":"standard","meta":{"footnotes":""},"categories":[1],"tags":[1305,1306,1307,1303,1308,1304],"acf":[],"platta":{"numLikes":8,"numComments":4,"category":"ihmiset","themes":["hyva-olo"],"commercial_partner":"Oslo Skin Lab","thumbnail":"https:\/\/blogit-cdn.a-lehdet.fi\/uploads\/sites\/29\/2020\/11\/osl-2.jpg","blog_id":29},"jetpack_featured_media_url":"","_links":{"self":[{"href":"https:\/\/blogit.meillakotona.fi\/olgankotona\/api\/wp\/v2\/posts\/5011"}],"collection":[{"href":"https:\/\/blogit.meillakotona.fi\/olgankotona\/api\/wp\/v2\/posts"}],"about":[{"href":"https:\/\/blogit.meillakotona.fi\/olgankotona\/api\/wp\/v2\/types\/post"}],"author":[{"embeddable":true,"href":"https:\/\/blogit.meillakotona.fi\/olgankotona\/api\/wp\/v2\/users\/35"}],"replies":[{"embeddable":true,"href":"https:\/\/blogit.meillakotona.fi\/olgankotona\/api\/wp\/v2\/comments?post=5011"}],"version-history":[{"count":2,"href":"https:\/\/blogit.meillakotona.fi\/olgankotona\/api\/wp\/v2\/posts\/5011\/revisions"}],"predecessor-version":[{"id":5019,"href":"https:\/\/blogit.meillakotona.fi\/olgankotona\/api\/wp\/v2\/posts\/5011\/revisions\/5019"}],"wp:attachment":[{"href":"https:\/\/blogit.meillakotona.fi\/olgankotona\/api\/wp\/v2\/media?parent=5011"}],"wp:term":[{"taxonomy":"category","embeddable":true,"href":"https:\/\/blogit.meillakotona.fi\/olgankotona\/api\/wp\/v2\/categories?post=5011"},{"taxonomy":"post_tag","embeddable":true,"href":"https:\/\/blogit.meillakotona.fi\/olgankotona\/api\/wp\/v2\/tags?post=5011"}],"curies":[{"name":"wp","href":"https:\/\/api.w.org\/{rel}","templated":true}]}}