{"id":420,"date":"2016-01-25T12:32:35","date_gmt":"2016-01-25T12:32:35","guid":{"rendered":"https:\/\/blogit.meillakotona.fi\/olgankotona\/neljankympin-kriisi\/"},"modified":"2017-11-27T17:57:47","modified_gmt":"2017-11-27T17:57:47","slug":"neljankympin-kriisi","status":"publish","type":"post","link":"https:\/\/blogit.meillakotona.fi\/olgankotona\/neljankympin-kriisi\/","title":{"rendered":"Nelj\u00e4nkympin kriisi"},"content":{"rendered":"<p><img decoding=\"async\" loading=\"lazy\" width=\"1600\" height=\"1067\" src=\"https:\/\/i0.wp.com\/a-lehdet-blogs.s3.amazonaws.com\/uploads\/sites\/29\/tt1_3622.jpg?fit=1600%2C1067&amp;ssl=1\" class=\"attachment-full size-full\" alt=\"\" srcset=\"https:\/\/i0.wp.com\/a-lehdet-blogs.s3.amazonaws.com\/uploads\/sites\/29\/tt1_3622.jpg?w=1600&amp;ssl=1 1600w, https:\/\/i0.wp.com\/a-lehdet-blogs.s3.amazonaws.com\/uploads\/sites\/29\/tt1_3622.jpg?resize=300%2C200&amp;ssl=1 300w, https:\/\/i0.wp.com\/a-lehdet-blogs.s3.amazonaws.com\/uploads\/sites\/29\/tt1_3622.jpg?resize=768%2C512&amp;ssl=1 768w, https:\/\/i0.wp.com\/a-lehdet-blogs.s3.amazonaws.com\/uploads\/sites\/29\/tt1_3622.jpg?resize=1024%2C683&amp;ssl=1 1024w\" sizes=\"(max-width: 1600px) 100vw, 1600px\" data-attachment-id=\"2125\" data-permalink=\"https:\/\/blogit.meillakotona.fi\/olgankotona\/tt1_3622\/\" data-orig-file=\"https:\/\/i0.wp.com\/a-lehdet-blogs.s3.amazonaws.com\/uploads\/sites\/29\/tt1_3622.jpg?fit=1600%2C1067&amp;ssl=1\" data-orig-size=\"1600,1067\" data-comments-opened=\"1\" data-image-meta=\"{&quot;aperture&quot;:&quot;0&quot;,&quot;credit&quot;:&quot;&quot;,&quot;camera&quot;:&quot;&quot;,&quot;caption&quot;:&quot;&quot;,&quot;created_timestamp&quot;:&quot;0&quot;,&quot;copyright&quot;:&quot;&quot;,&quot;focal_length&quot;:&quot;0&quot;,&quot;iso&quot;:&quot;0&quot;,&quot;shutter_speed&quot;:&quot;0&quot;,&quot;title&quot;:&quot;&quot;,&quot;orientation&quot;:&quot;0&quot;}\" data-image-title=\"tt1_3622\" data-image-description=\"\" data-medium-file=\"https:\/\/i0.wp.com\/a-lehdet-blogs.s3.amazonaws.com\/uploads\/sites\/29\/tt1_3622.jpg?fit=300%2C200&amp;ssl=1\" data-large-file=\"https:\/\/i0.wp.com\/a-lehdet-blogs.s3.amazonaws.com\/uploads\/sites\/29\/tt1_3622.jpg?fit=1024%2C683&amp;ssl=1\" \/> <\/p>\n<p>T\u00e4ytin toissap\u00e4iv\u00e4n\u00e4 38 vuotta ja minulla on nelj\u00e4nkympin kriisi. Etuajassa, tied\u00e4n, mutta aloittelen ajoissa ett\u00e4 homma olisi selke\u00e4mp\u00e4\u00e4 sitten kun se py\u00f6re\u00e4 luku tulee t\u00e4yteen.<\/p>\n<p>En kest\u00e4 ajan kulumista. En kest\u00e4, koska pid\u00e4n jokaisesta p\u00e4iv\u00e4st\u00e4ni niin paljon, ett\u00e4 ajatus siit\u00e4 ett\u00e4 t\u00e4m\u00e4kin aika on ohimenev\u00e4\u00e4 on ahdistava. Muistelen asioita 20 vuoden takaa. Juuri \u00e4sken min\u00e4 olin 19-vuotias, muutin Helsinkiin ja haaveilin teatterikoulusta. Nyt asun t\u00e4\u00e4ll\u00e4 ja olen melkein nelikymppinen perheen\u00e4iti. Mieli on sama kuin 20 vuotta sitten, haaveita piisaa, kaikki on sopivasti kesken. Siin\u00e4 keskener\u00e4isyydess\u00e4 ajatus omien pienten lasten kasvamisesta ja omasta ja rakkaiden vanhenemisesta on siet\u00e4m\u00e4t\u00f6n. Miten ehtisin tehd\u00e4 kaiken, miksi pit\u00e4\u00e4 ylip\u00e4\u00e4t\u00e4\u00e4n ehti\u00e4, koska kaikki on kuitenkin ohimenev\u00e4\u00e4? Tavallaan on ihan sama mit\u00e4 kuoleman j\u00e4lkeen on tai ei ole, min\u00e4 pid\u00e4n t\u00e4st\u00e4 el\u00e4m\u00e4st\u00e4 enk\u00e4 itsekk\u00e4\u00e4sti kest\u00e4 ajatusta siit\u00e4 ett\u00e4 se joskus loppuu.<\/p>\n<p>Olen samaan aikaan levollinen ja kauhuissani. Tied\u00e4n ett\u00e4 n\u00e4in sen kuuluu menn\u00e4, tiedostus omasta pienuudesta on tuskallista. Silti olen onnellinen ja tuntuu ett\u00e4 pienikin on t\u00e4rke\u00e4 ja kaikki mit\u00e4 teen, sanon, tai saan aikaan on omassa mittakaavassaan merkityksellist\u00e4. Lasten kanssa tehty maja, kahvihetki naapurin Mirjan kanssa, tallity\u00f6ntekij\u00e4ni Emman kanssa k\u00e4yty pitk\u00e4 keskustelu ja Tuukan soitto kesken ty\u00f6p\u00e4iv\u00e4n ilman mit\u00e4\u00e4n asiaa. Nyt avasin koneen ja kirjoitin mit\u00e4 ajattelen, niin kuin aina. Koska kaikki muu tuntuisi teeskentelylt\u00e4.<\/p>\n<p>T\u00e4llainen on minun el\u00e4m\u00e4ni nyt, 38-vuotiaana, ja min\u00e4 rakastan sit\u00e4.<\/p>\n","protected":false},"excerpt":{"rendered":"<p>T\u00e4ytin toissap\u00e4iv\u00e4n\u00e4 38 vuotta ja minulla on nelj\u00e4nkympin kriisi. Etuajassa, tied\u00e4n, mutta&hellip;<\/p>\n","protected":false},"author":35,"featured_media":2125,"comment_status":"open","ping_status":"open","sticky":false,"template":"","format":"standard","meta":{"footnotes":""},"categories":[1],"tags":[],"acf":[],"platta":{"numLikes":0,"numComments":15,"category":null,"themes":[],"commercial_partner":null,"thumbnail":"https:\/\/blogit-cdn.a-lehdet.fi\/uploads\/sites\/29\/tt1_3622.jpg","blog_id":29},"jetpack_featured_media_url":"https:\/\/blogit-cdn.a-lehdet.fi\/uploads\/sites\/29\/tt1_3622.jpg","_links":{"self":[{"href":"https:\/\/blogit.meillakotona.fi\/olgankotona\/api\/wp\/v2\/posts\/420"}],"collection":[{"href":"https:\/\/blogit.meillakotona.fi\/olgankotona\/api\/wp\/v2\/posts"}],"about":[{"href":"https:\/\/blogit.meillakotona.fi\/olgankotona\/api\/wp\/v2\/types\/post"}],"author":[{"embeddable":true,"href":"https:\/\/blogit.meillakotona.fi\/olgankotona\/api\/wp\/v2\/users\/35"}],"replies":[{"embeddable":true,"href":"https:\/\/blogit.meillakotona.fi\/olgankotona\/api\/wp\/v2\/comments?post=420"}],"version-history":[{"count":1,"href":"https:\/\/blogit.meillakotona.fi\/olgankotona\/api\/wp\/v2\/posts\/420\/revisions"}],"predecessor-version":[{"id":2126,"href":"https:\/\/blogit.meillakotona.fi\/olgankotona\/api\/wp\/v2\/posts\/420\/revisions\/2126"}],"wp:featuredmedia":[{"embeddable":true,"href":"https:\/\/blogit.meillakotona.fi\/olgankotona\/api\/wp\/v2\/media\/2125"}],"wp:attachment":[{"href":"https:\/\/blogit.meillakotona.fi\/olgankotona\/api\/wp\/v2\/media?parent=420"}],"wp:term":[{"taxonomy":"category","embeddable":true,"href":"https:\/\/blogit.meillakotona.fi\/olgankotona\/api\/wp\/v2\/categories?post=420"},{"taxonomy":"post_tag","embeddable":true,"href":"https:\/\/blogit.meillakotona.fi\/olgankotona\/api\/wp\/v2\/tags?post=420"}],"curies":[{"name":"wp","href":"https:\/\/api.w.org\/{rel}","templated":true}]}}