{"id":3638,"date":"2018-01-21T17:43:35","date_gmt":"2018-01-21T17:43:35","guid":{"rendered":"https:\/\/blogit.meillakotona.fi\/olgankotona\/?p=3638"},"modified":"2018-01-21T17:45:14","modified_gmt":"2018-01-21T17:45:14","slug":"torsti-kirvesniemi","status":"publish","type":"post","link":"https:\/\/blogit.meillakotona.fi\/olgankotona\/torsti-kirvesniemi\/","title":{"rendered":"Torsti Kirvesniemi"},"content":{"rendered":"<p>Torstille hankittiin sukset. Puoli vuotta p\u00e4iv\u00e4kodissa ja rakkaasta tynnyriss\u00e4 kasvaneesta pojastani on yht\u00e4kki\u00e4 kuoriutunut sosiaalinen yksil\u00f6. Nyt h\u00e4n aikaisemmasta poiketen haluaa k\u00e4ytt\u00e4\u00e4 haalaria toppahousujen sijaan, varmistelee viikonloppuisin ett\u00e4 onhan muillakin p\u00e4iv\u00e4kotilaisilla varmasti vapaap\u00e4iv\u00e4 ja pyyt\u00e4\u00e4 kaiken kukkuraksi saada itselleen ikiomat sukset, koska ne pit\u00e4\u00e4 vied\u00e4 \u201dEskariin\u201d. Nelivuotias Torsti ei siis todellakaan ole viel\u00e4 esikoulussa, mutta koska siskot k\u00e4viv\u00e4t samassa p\u00e4iv\u00e4kodissa esikoulun, on paikka h\u00e4nelle Eskari ja sill\u00e4 siisti. H\u00e4n viihtyy uudessa sosiaalisessa el\u00e4m\u00e4ss\u00e4\u00e4n niin hyvin, ett\u00e4 tuskin kolme vuotta esikoulua on h\u00e4nelle siis mik\u00e4\u00e4n ongelma.<\/p>\n<p>Nyt h\u00e4n on siis hiiht\u00e4nyt. Ensimm\u00e4inen hiihtokerta ikin\u00e4 oli sujunut hyvin, sitke\u00e4sti kaatuilujen kautta ensimm\u00e4iseen suksilla laskettuun \u201dm\u00e4keen\u201d ja tyyppi oli kuulemma ollut valtavan tyytyv\u00e4inen hiihtosaavutuksiinsa. Samana iltana Toppe tuli viereeni virnuilemaan. Kysyin onko h\u00e4nell\u00e4 jotain asiaa? Poika tuli ihan l\u00e4helle ja kuiskasi minulle kutkuttavan uutisensa:<\/p>\n<p>\u00c4iti, m\u00e4 hiihtelin t\u00e4n\u00e4\u00e4n eskarissa.<\/p>\n<p><img decoding=\"async\" loading=\"lazy\" class=\"alignnone size-full wp-image-3639\" src=\"https:\/\/a-lehdet-blogs.s3.eu-central-1.amazonaws.com\/uploads\/sites\/29\/2018\/01\/toppe1.jpg\" alt=\"\" width=\"720\" height=\"960\" srcset=\"https:\/\/blogit-cdn.a-lehdet.fi\/uploads\/sites\/29\/2018\/01\/toppe1.jpg 720w, https:\/\/blogit-cdn.a-lehdet.fi\/uploads\/sites\/29\/2018\/01\/toppe1-225x300.jpg 225w\" sizes=\"(max-width: 720px) 100vw, 720px\" \/><\/p>\n","protected":false},"excerpt":{"rendered":"<p>Torstille hankittiin sukset. Puoli vuotta p\u00e4iv\u00e4kodissa ja rakkaasta tynnyriss\u00e4 kasvaneesta pojastani on&hellip;<\/p>\n","protected":false},"author":35,"featured_media":0,"comment_status":"open","ping_status":"closed","sticky":false,"template":"","format":"standard","meta":{"footnotes":""},"categories":[1],"tags":[],"acf":[],"platta":{"numLikes":1,"numComments":0,"category":null,"themes":[],"commercial_partner":null,"thumbnail":"https:\/\/a-lehdet-blogs.s3.eu-central-1.amazonaws.com\/uploads\/sites\/29\/2018\/01\/toppe1.jpg","blog_id":29},"jetpack_featured_media_url":"","_links":{"self":[{"href":"https:\/\/blogit.meillakotona.fi\/olgankotona\/api\/wp\/v2\/posts\/3638"}],"collection":[{"href":"https:\/\/blogit.meillakotona.fi\/olgankotona\/api\/wp\/v2\/posts"}],"about":[{"href":"https:\/\/blogit.meillakotona.fi\/olgankotona\/api\/wp\/v2\/types\/post"}],"author":[{"embeddable":true,"href":"https:\/\/blogit.meillakotona.fi\/olgankotona\/api\/wp\/v2\/users\/35"}],"replies":[{"embeddable":true,"href":"https:\/\/blogit.meillakotona.fi\/olgankotona\/api\/wp\/v2\/comments?post=3638"}],"version-history":[{"count":3,"href":"https:\/\/blogit.meillakotona.fi\/olgankotona\/api\/wp\/v2\/posts\/3638\/revisions"}],"predecessor-version":[{"id":3642,"href":"https:\/\/blogit.meillakotona.fi\/olgankotona\/api\/wp\/v2\/posts\/3638\/revisions\/3642"}],"wp:attachment":[{"href":"https:\/\/blogit.meillakotona.fi\/olgankotona\/api\/wp\/v2\/media?parent=3638"}],"wp:term":[{"taxonomy":"category","embeddable":true,"href":"https:\/\/blogit.meillakotona.fi\/olgankotona\/api\/wp\/v2\/categories?post=3638"},{"taxonomy":"post_tag","embeddable":true,"href":"https:\/\/blogit.meillakotona.fi\/olgankotona\/api\/wp\/v2\/tags?post=3638"}],"curies":[{"name":"wp","href":"https:\/\/api.w.org\/{rel}","templated":true}]}}