{"id":186,"date":"2013-03-27T10:10:41","date_gmt":"2013-03-27T10:10:41","guid":{"rendered":"https:\/\/blogit.meillakotona.fi\/olgankotona\/valmista-tuli\/"},"modified":"2017-11-27T17:05:39","modified_gmt":"2017-11-27T17:05:39","slug":"valmista-tuli","status":"publish","type":"post","link":"https:\/\/blogit.meillakotona.fi\/olgankotona\/valmista-tuli\/","title":{"rendered":"Valmista tuli!"},"content":{"rendered":"<p><img decoding=\"async\" loading=\"lazy\" width=\"470\" height=\"339\" src=\"https:\/\/i2.wp.com\/a-lehdet-blogs.s3.amazonaws.com\/uploads\/sites\/29\/22909_57629.jpg?fit=470%2C339&amp;ssl=1\" class=\"attachment-full size-full\" alt=\"\" srcset=\"https:\/\/i2.wp.com\/a-lehdet-blogs.s3.amazonaws.com\/uploads\/sites\/29\/22909_57629.jpg?w=470&amp;ssl=1 470w, https:\/\/i2.wp.com\/a-lehdet-blogs.s3.amazonaws.com\/uploads\/sites\/29\/22909_57629.jpg?resize=300%2C216&amp;ssl=1 300w\" sizes=\"(max-width: 470px) 100vw, 470px\" data-attachment-id=\"891\" data-permalink=\"https:\/\/blogit.meillakotona.fi\/olgankotona\/22909_57629\/\" data-orig-file=\"https:\/\/i2.wp.com\/a-lehdet-blogs.s3.amazonaws.com\/uploads\/sites\/29\/22909_57629.jpg?fit=470%2C339&amp;ssl=1\" data-orig-size=\"470,339\" data-comments-opened=\"1\" data-image-meta=\"{&quot;aperture&quot;:&quot;0&quot;,&quot;credit&quot;:&quot;&quot;,&quot;camera&quot;:&quot;&quot;,&quot;caption&quot;:&quot;&quot;,&quot;created_timestamp&quot;:&quot;0&quot;,&quot;copyright&quot;:&quot;&quot;,&quot;focal_length&quot;:&quot;0&quot;,&quot;iso&quot;:&quot;0&quot;,&quot;shutter_speed&quot;:&quot;0&quot;,&quot;title&quot;:&quot;&quot;,&quot;orientation&quot;:&quot;0&quot;}\" data-image-title=\"22909_57629\" data-image-description=\"\" data-medium-file=\"https:\/\/i2.wp.com\/a-lehdet-blogs.s3.amazonaws.com\/uploads\/sites\/29\/22909_57629.jpg?fit=300%2C216&amp;ssl=1\" data-large-file=\"https:\/\/i2.wp.com\/a-lehdet-blogs.s3.amazonaws.com\/uploads\/sites\/29\/22909_57629.jpg?fit=470%2C339&amp;ssl=1\" \/> <\/p>\n<p>Eilen vietettiin Em\u00e4nt\u00e4n\u00e4 Olga-kirjan julkkareita. Samalla juhlittiin my\u00f6s Olgan Kotona -ohjelman alkamista. Sain kirjan ensimm\u00e4ist\u00e4 kertaa k\u00e4teeni maanantaina illalla ja kielt\u00e4m\u00e4tt\u00e4 se tuntui uskomattomalta. Ajatus keittokirjasta kun on kulkenut mukana niin kauan ja tekeminenkin kesti muutaman vuoden joten l\u00e4hes haikein mielin luovun nyt tekoprosessista ja p\u00e4\u00e4st\u00e4n kirjan maailmalle. Kyll\u00e4 se p\u00e4rj\u00e4\u00e4, sill\u00e4 kirja on juuri sellainen kun siit\u00e4 pitikin tulla. T\u00e4st\u00e4 saan kiitt\u00e4\u00e4 Kustantajaa Tammea, sek\u00e4 loistavaa kolmen hengen tekij\u00e4tiimi\u00e4mme. Valokuvaaja Emilia Ik\u00e4heimo sek\u00e4 taittaja P\u00e4ivi H\u00e4iki\u00f6 viettiv\u00e4t kanssani monta pitk\u00e4\u00e4 hauskaa p\u00e4iv\u00e4\u00e4 t\u00e4\u00e4ll\u00e4 Marttilassa ja sen mielekk\u00e4\u00e4n ty\u00f6n tulos tekij\u00f6ineen nyt tuossa kuvassa.&nbsp;<\/p>\n<p>Ohjelmakin alkaa huomenna torstaina! Peukut pystyyn ett\u00e4 mahdollisimman moni k\u00e4\u00e4nt\u00e4\u00e4 huomenna telkkarin Liv-kanavalle klo 19:30. Ensimm\u00e4isess\u00e4 jaksossa meill\u00e4 kyl\u00e4ss\u00e4 piipahtaa ihana n\u00e4yttelij\u00e4yst\u00e4v\u00e4ni Ilkka Villi.<\/p>\n<p>Olgan Kotona trailerin voi k\u00e4yd\u00e4 katsomassa <a rel=\"nofollow\" href=\"http:\/\/www.youtube.com\/watch?v=-f-RQknVpgY\">t\u00e4\u00e4ll\u00e4.<\/a><\/p>\n<p><img decoding=\"async\" loading=\"lazy\" alt=\"\" height=\"709\" src=\"http:\/\/www.kotivinkki.fi\/sites\/kotivinkki.fi\/files\/PageFiles\/3167\/IMG_4666.jpg\" width=\"500\" \/><\/p>\n<p>Kuvat: Cay Lepp\u00e4l\u00e4<\/p>\n","protected":false},"excerpt":{"rendered":"<p>Eilen vietettiin Em\u00e4nt\u00e4n\u00e4 Olga-kirjan julkkareita. Samalla juhlittiin my\u00f6s Olgan Kotona -ohjelman alkamista.&hellip;<\/p>\n","protected":false},"author":35,"featured_media":891,"comment_status":"open","ping_status":"open","sticky":false,"template":"","format":"standard","meta":{"footnotes":""},"categories":[1],"tags":[],"acf":[],"platta":{"numLikes":0,"numComments":12,"category":null,"themes":[],"commercial_partner":null,"thumbnail":"https:\/\/blogit-cdn.a-lehdet.fi\/uploads\/sites\/29\/22909_57629.jpg","blog_id":29},"jetpack_featured_media_url":"https:\/\/blogit-cdn.a-lehdet.fi\/uploads\/sites\/29\/22909_57629.jpg","_links":{"self":[{"href":"https:\/\/blogit.meillakotona.fi\/olgankotona\/api\/wp\/v2\/posts\/186"}],"collection":[{"href":"https:\/\/blogit.meillakotona.fi\/olgankotona\/api\/wp\/v2\/posts"}],"about":[{"href":"https:\/\/blogit.meillakotona.fi\/olgankotona\/api\/wp\/v2\/types\/post"}],"author":[{"embeddable":true,"href":"https:\/\/blogit.meillakotona.fi\/olgankotona\/api\/wp\/v2\/users\/35"}],"replies":[{"embeddable":true,"href":"https:\/\/blogit.meillakotona.fi\/olgankotona\/api\/wp\/v2\/comments?post=186"}],"version-history":[{"count":1,"href":"https:\/\/blogit.meillakotona.fi\/olgankotona\/api\/wp\/v2\/posts\/186\/revisions"}],"predecessor-version":[{"id":892,"href":"https:\/\/blogit.meillakotona.fi\/olgankotona\/api\/wp\/v2\/posts\/186\/revisions\/892"}],"wp:featuredmedia":[{"embeddable":true,"href":"https:\/\/blogit.meillakotona.fi\/olgankotona\/api\/wp\/v2\/media\/891"}],"wp:attachment":[{"href":"https:\/\/blogit.meillakotona.fi\/olgankotona\/api\/wp\/v2\/media?parent=186"}],"wp:term":[{"taxonomy":"category","embeddable":true,"href":"https:\/\/blogit.meillakotona.fi\/olgankotona\/api\/wp\/v2\/categories?post=186"},{"taxonomy":"post_tag","embeddable":true,"href":"https:\/\/blogit.meillakotona.fi\/olgankotona\/api\/wp\/v2\/tags?post=186"}],"curies":[{"name":"wp","href":"https:\/\/api.w.org\/{rel}","templated":true}]}}