{"id":176,"date":"2013-01-30T22:02:28","date_gmt":"2013-01-30T22:02:28","guid":{"rendered":"https:\/\/blogit.meillakotona.fi\/olgankotona\/pala-talon-ja-parisuhteen-historiaa\/"},"modified":"2017-11-27T17:05:11","modified_gmt":"2017-11-27T17:05:11","slug":"pala-talon-ja-parisuhteen-historiaa","status":"publish","type":"post","link":"https:\/\/blogit.meillakotona.fi\/olgankotona\/pala-talon-ja-parisuhteen-historiaa\/","title":{"rendered":"Pala talon ja parisuhteen historiaa"},"content":{"rendered":"<p><img decoding=\"async\" loading=\"lazy\" width=\"470\" height=\"312\" src=\"https:\/\/i2.wp.com\/a-lehdet-blogs.s3.amazonaws.com\/uploads\/sites\/29\/22418_56356.jpg?fit=470%2C312&amp;ssl=1\" class=\"attachment-full size-full\" alt=\"\" srcset=\"https:\/\/i2.wp.com\/a-lehdet-blogs.s3.amazonaws.com\/uploads\/sites\/29\/22418_56356.jpg?w=470&amp;ssl=1 470w, https:\/\/i2.wp.com\/a-lehdet-blogs.s3.amazonaws.com\/uploads\/sites\/29\/22418_56356.jpg?resize=300%2C199&amp;ssl=1 300w\" sizes=\"(max-width: 470px) 100vw, 470px\" data-attachment-id=\"871\" data-permalink=\"https:\/\/blogit.meillakotona.fi\/olgankotona\/22418_56356\/\" data-orig-file=\"https:\/\/i2.wp.com\/a-lehdet-blogs.s3.amazonaws.com\/uploads\/sites\/29\/22418_56356.jpg?fit=470%2C312&amp;ssl=1\" data-orig-size=\"470,312\" data-comments-opened=\"1\" data-image-meta=\"{&quot;aperture&quot;:&quot;0&quot;,&quot;credit&quot;:&quot;&quot;,&quot;camera&quot;:&quot;&quot;,&quot;caption&quot;:&quot;&quot;,&quot;created_timestamp&quot;:&quot;0&quot;,&quot;copyright&quot;:&quot;&quot;,&quot;focal_length&quot;:&quot;0&quot;,&quot;iso&quot;:&quot;0&quot;,&quot;shutter_speed&quot;:&quot;0&quot;,&quot;title&quot;:&quot;&quot;,&quot;orientation&quot;:&quot;0&quot;}\" data-image-title=\"22418_56356\" data-image-description=\"\" data-medium-file=\"https:\/\/i2.wp.com\/a-lehdet-blogs.s3.amazonaws.com\/uploads\/sites\/29\/22418_56356.jpg?fit=300%2C199&amp;ssl=1\" data-large-file=\"https:\/\/i2.wp.com\/a-lehdet-blogs.s3.amazonaws.com\/uploads\/sites\/29\/22418_56356.jpg?fit=470%2C312&amp;ssl=1\" \/> <\/p>\n<p>Tuukka on taas kuvausmatkalla ja katselin koneelta lumipyryn vastapainoksi valokuvia t\u00e4m\u00e4n talon matkasta meid\u00e4n kodiksi. Ai ett\u00e4 kun tuli jotenkin hyv\u00e4 mieli! T\u00e4ytyykin laittaa t\u00e4nne silloin t\u00e4ll\u00f6in jotain ennen -j\u00e4lkeen tyyppisi\u00e4 kuvapareja talon hitaasta mutta varmasta el\u00e4m\u00e4nmuutoksesta.<\/p>\n<p>Kuvien katselusta tuli vahvasti my\u00f6s kunnon parisuhteeni historiankertauskurssi. Kun muutimme t\u00e4nne, ei lapsia viel\u00e4 ollut ja el\u00e4m\u00e4 oli erilaista ja omalla tavallaan ihanan vapaata. T\u00e4ss\u00e4p\u00e4 siis pari kuvaa kyseisest\u00e4 kurssista teille.<\/p>\n<p>Ja tietty ihanalle Tuukalleni.<\/p>\n<p>t: haaveilija<\/p>\n<p><img decoding=\"async\" loading=\"lazy\" width=\"500\" height=\"333\" border=\"2\" align=\"left\" alt=\"\" src=\"http:\/\/www.kotivinkki.fi\/sites\/kotivinkki.fi\/files\/PageFiles\/3167\/_MG_1646.jpg\" \/><\/p>\n<p><img decoding=\"async\" loading=\"lazy\" width=\"500\" height=\"333\" border=\"2\" align=\"left\" alt=\"\" src=\"http:\/\/www.kotivinkki.fi\/sites\/kotivinkki.fi\/files\/PageFiles\/3167\/_MG_1676.jpg\" \/><\/p>\n<p><img decoding=\"async\" loading=\"lazy\" width=\"500\" height=\"375\" border=\"2\" align=\"left\" alt=\"\" src=\"http:\/\/www.kotivinkki.fi\/sites\/kotivinkki.fi\/files\/PageFiles\/3167\/ponkes 207.jpg\" \/><\/p>\n<p><img decoding=\"async\" loading=\"lazy\" width=\"500\" height=\"333\" border=\"2\" align=\"left\" alt=\"\" src=\"http:\/\/www.kotivinkki.fi\/sites\/kotivinkki.fi\/files\/PageFiles\/3167\/_MG_7275.jpg\" \/><\/p>\n<p><img decoding=\"async\" loading=\"lazy\" width=\"500\" height=\"333\" border=\"2\" align=\"left\" alt=\"\" src=\"http:\/\/www.kotivinkki.fi\/sites\/kotivinkki.fi\/files\/PageFiles\/3167\/_MG_7352.JPG\" \/><\/p>\n<p><img decoding=\"async\" loading=\"lazy\" width=\"400\" height=\"533\" border=\"2\" align=\"left\" alt=\"\" src=\"http:\/\/www.kotivinkki.fi\/sites\/kotivinkki.fi\/files\/PageFiles\/3167\/152_6613.JPG\" \/><\/p>\n<p><img decoding=\"async\" loading=\"lazy\" width=\"480\" height=\"320\" border=\"2\" align=\"left\" alt=\"\" src=\"http:\/\/www.kotivinkki.fi\/sites\/kotivinkki.fi\/files\/PageFiles\/3167\/IMG_1853.JPG\" \/><\/p>\n<p><img decoding=\"async\" loading=\"lazy\" width=\"480\" height=\"360\" border=\"2\" align=\"left\" alt=\"\" src=\"http:\/\/www.kotivinkki.fi\/sites\/kotivinkki.fi\/files\/PageFiles\/3167\/IMG_1734-001.JPG\" \/><\/p>\n<p>&#160;<\/p>\n","protected":false},"excerpt":{"rendered":"<p>Tuukka on taas kuvausmatkalla ja katselin koneelta lumipyryn vastapainoksi valokuvia t\u00e4m\u00e4n talon&hellip;<\/p>\n","protected":false},"author":35,"featured_media":871,"comment_status":"open","ping_status":"open","sticky":false,"template":"","format":"standard","meta":{"footnotes":""},"categories":[1],"tags":[],"acf":[],"platta":{"numLikes":0,"numComments":12,"category":null,"themes":[],"commercial_partner":null,"thumbnail":"https:\/\/blogit-cdn.a-lehdet.fi\/uploads\/sites\/29\/22418_56356.jpg","blog_id":29},"jetpack_featured_media_url":"https:\/\/blogit-cdn.a-lehdet.fi\/uploads\/sites\/29\/22418_56356.jpg","_links":{"self":[{"href":"https:\/\/blogit.meillakotona.fi\/olgankotona\/api\/wp\/v2\/posts\/176"}],"collection":[{"href":"https:\/\/blogit.meillakotona.fi\/olgankotona\/api\/wp\/v2\/posts"}],"about":[{"href":"https:\/\/blogit.meillakotona.fi\/olgankotona\/api\/wp\/v2\/types\/post"}],"author":[{"embeddable":true,"href":"https:\/\/blogit.meillakotona.fi\/olgankotona\/api\/wp\/v2\/users\/35"}],"replies":[{"embeddable":true,"href":"https:\/\/blogit.meillakotona.fi\/olgankotona\/api\/wp\/v2\/comments?post=176"}],"version-history":[{"count":1,"href":"https:\/\/blogit.meillakotona.fi\/olgankotona\/api\/wp\/v2\/posts\/176\/revisions"}],"predecessor-version":[{"id":872,"href":"https:\/\/blogit.meillakotona.fi\/olgankotona\/api\/wp\/v2\/posts\/176\/revisions\/872"}],"wp:featuredmedia":[{"embeddable":true,"href":"https:\/\/blogit.meillakotona.fi\/olgankotona\/api\/wp\/v2\/media\/871"}],"wp:attachment":[{"href":"https:\/\/blogit.meillakotona.fi\/olgankotona\/api\/wp\/v2\/media?parent=176"}],"wp:term":[{"taxonomy":"category","embeddable":true,"href":"https:\/\/blogit.meillakotona.fi\/olgankotona\/api\/wp\/v2\/categories?post=176"},{"taxonomy":"post_tag","embeddable":true,"href":"https:\/\/blogit.meillakotona.fi\/olgankotona\/api\/wp\/v2\/tags?post=176"}],"curies":[{"name":"wp","href":"https:\/\/api.w.org\/{rel}","templated":true}]}}