{"id":156,"date":"2012-10-13T14:00:30","date_gmt":"2012-10-13T14:00:30","guid":{"rendered":"https:\/\/blogit.meillakotona.fi\/olgankotona\/kissa-maalarina\/"},"modified":"2017-11-27T17:04:16","modified_gmt":"2017-11-27T17:04:16","slug":"kissa-maalarina","status":"publish","type":"post","link":"https:\/\/blogit.meillakotona.fi\/olgankotona\/kissa-maalarina\/","title":{"rendered":"Kissa maalarina"},"content":{"rendered":"<p><img decoding=\"async\" loading=\"lazy\" width=\"470\" height=\"312\" src=\"https:\/\/i0.wp.com\/a-lehdet-blogs.s3.amazonaws.com\/uploads\/sites\/29\/21429_54395.jpg?fit=470%2C312&amp;ssl=1\" class=\"attachment-full size-full\" alt=\"\" srcset=\"https:\/\/i0.wp.com\/a-lehdet-blogs.s3.amazonaws.com\/uploads\/sites\/29\/21429_54395.jpg?w=470&amp;ssl=1 470w, https:\/\/i0.wp.com\/a-lehdet-blogs.s3.amazonaws.com\/uploads\/sites\/29\/21429_54395.jpg?resize=300%2C199&amp;ssl=1 300w\" sizes=\"(max-width: 470px) 100vw, 470px\" data-attachment-id=\"833\" data-permalink=\"https:\/\/blogit.meillakotona.fi\/olgankotona\/21429_54395\/\" data-orig-file=\"https:\/\/i0.wp.com\/a-lehdet-blogs.s3.amazonaws.com\/uploads\/sites\/29\/21429_54395.jpg?fit=470%2C312&amp;ssl=1\" data-orig-size=\"470,312\" data-comments-opened=\"1\" data-image-meta=\"{&quot;aperture&quot;:&quot;0&quot;,&quot;credit&quot;:&quot;&quot;,&quot;camera&quot;:&quot;&quot;,&quot;caption&quot;:&quot;&quot;,&quot;created_timestamp&quot;:&quot;0&quot;,&quot;copyright&quot;:&quot;&quot;,&quot;focal_length&quot;:&quot;0&quot;,&quot;iso&quot;:&quot;0&quot;,&quot;shutter_speed&quot;:&quot;0&quot;,&quot;title&quot;:&quot;&quot;,&quot;orientation&quot;:&quot;0&quot;}\" data-image-title=\"21429_54395\" data-image-description=\"\" data-medium-file=\"https:\/\/i0.wp.com\/a-lehdet-blogs.s3.amazonaws.com\/uploads\/sites\/29\/21429_54395.jpg?fit=300%2C199&amp;ssl=1\" data-large-file=\"https:\/\/i0.wp.com\/a-lehdet-blogs.s3.amazonaws.com\/uploads\/sites\/29\/21429_54395.jpg?fit=470%2C312&amp;ssl=1\" \/> <\/p>\n<p>Toimimme kerran kuussa viikonlopun ajan tukiperheen\u00e4 15-vuotiaalle Veralle. Vera tuli eilen, sai vasaran k\u00e4teens\u00e4 ja neiti nakutteli lattialistoja kiinni apunani koko illan. Vera on k\u00e4ynyt meill\u00e4 nyt suurin piirtein vuoden verran ja vierailut ovat luonteva osa el\u00e4m\u00e4\u00e4nne. Vera on ujo, mutta tomera tyyppi jonka kanssa on helppo olla. Tytt\u00f6 onkin varmaan aika poikki kun menee sunnuntaisin kotiinsa meill\u00e4 vierailujen j\u00e4lkeen. Viikonloput kun aikalailla menee minun  per\u00e4ss\u00e4ni tallilla, pihalla, ymp\u00e4ri taloa ja vaikkapa juuri remontissa mukana autellessa. Sit\u00e4 tukiperheen\u00e4 oleminen mielest\u00e4ni onkin; ollaan vain ja tehd\u00e4\u00e4n asioita yhdess\u00e4.<\/p>\n<p>Olemme eilisest\u00e4 asti touhunneet remontin parissa koko perheen voimin. Lattiat on maalattu, listat sahattu ja keitti\u00f6n kasaaminen on sopivasti kaaoksessa. Min\u00e4 hoen koko ajan Tuukalle miten kivaa on remontoida yhdess\u00e4 pitk\u00e4st\u00e4 aikaa, ihan kun silloin 7&#160;vuotta sitten kun t\u00e4nne muutettiin, kuunnellaan&#160;radiota ja vitsaillaan.<\/p>\n<p>&#160;<\/p>\n<p>Pikkutyt\u00f6tkin osallistuvat,<\/p>\n<p><span class=\"Apple-style-span\" style=\"line-height: 16px; \"><img decoding=\"async\" loading=\"lazy\" width=\"250\" height=\"375\" align=\"right\" alt=\"\" src=\"http:\/\/www.kotivinkki.fi\/sites\/kotivinkki.fi\/files\/PageFiles\/3167\/1-IMG_4122.JPG\" \/>l\u00e4hinn\u00e4 olemalla tiell\u00e4. Helga opettelee&#160;naulaamista laudankappaleeseen ja sitten taas rakennetaan pahvilaatikosta hevostallia.&#160;<\/span><\/p>\n<p>Ainiin, maalasivat he kerran listojakin, tosin hyvin v\u00e4hiss\u00e4<\/p>\n<p>vaatteissa ja vesiliukoisella maalilla, mutta osui sit\u00e4 maalia muutamankerran siihen listaankin. Sotkusta huolimatta maalarit olivat j\u00e4rjett\u00f6m\u00e4n ylpeit\u00e4 suorituksestaan. Nuorena se on vitsa v\u00e4\u00e4nnett\u00e4v\u00e4, eik\u00f6s?<\/p>\n<p>&#160;<\/p>\n<p>Koomisin maalaustilanne syntyi muutama p\u00e4iv\u00e4 takaperin, kun maalasimme Tuukan kanssa tuvan ja keitti\u00f6n lattioita. Yksi kissanpennuista livahti Tuukan sel\u00e4n takaa l\u00e4hes kokonaan maalattuun tyhj\u00e4\u00e4n tilaan ja s\u00e4nt\u00e4ili h\u00e4diss\u00e4\u00e4n ymp\u00e4ri liukasta maalia meid\u00e4n huitoessa ja kiljuessa ymp\u00e4rill\u00e4. Viimein kissa livahti ulos ja alkoi akrobaattinen osuus miss\u00e4 paikkailimme pieni\u00e4 tassunj\u00e4lki\u00e4 jo maalatulla lattialla\u2026.<\/p>\n","protected":false},"excerpt":{"rendered":"<p>Toimimme kerran kuussa viikonlopun ajan tukiperheen\u00e4 15-vuotiaalle Veralle. Vera tuli eilen, sai&hellip;<\/p>\n","protected":false},"author":35,"featured_media":833,"comment_status":"open","ping_status":"open","sticky":false,"template":"","format":"standard","meta":{"footnotes":""},"categories":[1],"tags":[],"acf":[],"platta":{"numLikes":0,"numComments":3,"category":null,"themes":[],"commercial_partner":null,"thumbnail":"https:\/\/blogit-cdn.a-lehdet.fi\/uploads\/sites\/29\/21429_54395.jpg","blog_id":29},"jetpack_featured_media_url":"https:\/\/blogit-cdn.a-lehdet.fi\/uploads\/sites\/29\/21429_54395.jpg","_links":{"self":[{"href":"https:\/\/blogit.meillakotona.fi\/olgankotona\/api\/wp\/v2\/posts\/156"}],"collection":[{"href":"https:\/\/blogit.meillakotona.fi\/olgankotona\/api\/wp\/v2\/posts"}],"about":[{"href":"https:\/\/blogit.meillakotona.fi\/olgankotona\/api\/wp\/v2\/types\/post"}],"author":[{"embeddable":true,"href":"https:\/\/blogit.meillakotona.fi\/olgankotona\/api\/wp\/v2\/users\/35"}],"replies":[{"embeddable":true,"href":"https:\/\/blogit.meillakotona.fi\/olgankotona\/api\/wp\/v2\/comments?post=156"}],"version-history":[{"count":1,"href":"https:\/\/blogit.meillakotona.fi\/olgankotona\/api\/wp\/v2\/posts\/156\/revisions"}],"predecessor-version":[{"id":834,"href":"https:\/\/blogit.meillakotona.fi\/olgankotona\/api\/wp\/v2\/posts\/156\/revisions\/834"}],"wp:featuredmedia":[{"embeddable":true,"href":"https:\/\/blogit.meillakotona.fi\/olgankotona\/api\/wp\/v2\/media\/833"}],"wp:attachment":[{"href":"https:\/\/blogit.meillakotona.fi\/olgankotona\/api\/wp\/v2\/media?parent=156"}],"wp:term":[{"taxonomy":"category","embeddable":true,"href":"https:\/\/blogit.meillakotona.fi\/olgankotona\/api\/wp\/v2\/categories?post=156"},{"taxonomy":"post_tag","embeddable":true,"href":"https:\/\/blogit.meillakotona.fi\/olgankotona\/api\/wp\/v2\/tags?post=156"}],"curies":[{"name":"wp","href":"https:\/\/api.w.org\/{rel}","templated":true}]}}