{"id":146,"date":"2012-08-17T18:56:02","date_gmt":"2012-08-17T18:56:02","guid":{"rendered":"https:\/\/blogit.meillakotona.fi\/olgankotona\/rositan-odotus\/"},"modified":"2017-11-27T17:03:57","modified_gmt":"2017-11-27T17:03:57","slug":"rositan-odotus","status":"publish","type":"post","link":"https:\/\/blogit.meillakotona.fi\/olgankotona\/rositan-odotus\/","title":{"rendered":"Rositan odotus"},"content":{"rendered":"<p><img decoding=\"async\" loading=\"lazy\" width=\"470\" height=\"352\" src=\"https:\/\/i0.wp.com\/a-lehdet-blogs.s3.amazonaws.com\/uploads\/sites\/29\/20434_52060.jpg?fit=470%2C352&amp;ssl=1\" class=\"attachment-full size-full\" alt=\"\" srcset=\"https:\/\/i0.wp.com\/a-lehdet-blogs.s3.amazonaws.com\/uploads\/sites\/29\/20434_52060.jpg?w=470&amp;ssl=1 470w, https:\/\/i0.wp.com\/a-lehdet-blogs.s3.amazonaws.com\/uploads\/sites\/29\/20434_52060.jpg?resize=300%2C225&amp;ssl=1 300w\" sizes=\"(max-width: 470px) 100vw, 470px\" data-attachment-id=\"821\" data-permalink=\"https:\/\/blogit.meillakotona.fi\/olgankotona\/20434_52060\/\" data-orig-file=\"https:\/\/i0.wp.com\/a-lehdet-blogs.s3.amazonaws.com\/uploads\/sites\/29\/20434_52060.jpg?fit=470%2C352&amp;ssl=1\" data-orig-size=\"470,352\" data-comments-opened=\"1\" data-image-meta=\"{&quot;aperture&quot;:&quot;0&quot;,&quot;credit&quot;:&quot;&quot;,&quot;camera&quot;:&quot;&quot;,&quot;caption&quot;:&quot;&quot;,&quot;created_timestamp&quot;:&quot;0&quot;,&quot;copyright&quot;:&quot;&quot;,&quot;focal_length&quot;:&quot;0&quot;,&quot;iso&quot;:&quot;0&quot;,&quot;shutter_speed&quot;:&quot;0&quot;,&quot;title&quot;:&quot;&quot;,&quot;orientation&quot;:&quot;0&quot;}\" data-image-title=\"20434_52060\" data-image-description=\"\" data-medium-file=\"https:\/\/i0.wp.com\/a-lehdet-blogs.s3.amazonaws.com\/uploads\/sites\/29\/20434_52060.jpg?fit=300%2C225&amp;ssl=1\" data-large-file=\"https:\/\/i0.wp.com\/a-lehdet-blogs.s3.amazonaws.com\/uploads\/sites\/29\/20434_52060.jpg?fit=470%2C352&amp;ssl=1\" \/> <\/p>\n<p>Tuukka aloitti taas syksyn ty\u00f6putken. Syksy\u00e4 kohti viev\u00e4 arki tuntuu kuitenkin kivalta ajatukselta. Hepat palaavat laitumilta pihaan, tallity\u00f6- ja muut rutiinit rytmitt\u00e4v\u00e4t el\u00e4m\u00e4\u00e4. Olen huomattavasti tehokkaampi kotona kun Tuukka on omissa t\u00f6iss\u00e4\u00e4n, Kipsikin on jo viimein taakse j\u00e4\u00e4nytt\u00e4 el\u00e4m\u00e4\u00e4!<br \/>Rosita-lehm\u00e4lle tehtiin viime kuussa el\u00e4inl\u00e4\u00e4k\u00e4rin toimesta tiineystarkastus ja vasikka on tulossa! Nyt Rosita alkaa n\u00e4ytt\u00e4\u00e4 hyvinkin tiineelt\u00e4. Joka aamu odotan ett\u00e4 tuleeko aamuheinille yksi vai kaksi lehm\u00e4\u00e4. En meinaa malttaa odottaa ensimm\u00e4ist\u00e4 Rositan maidosta tehty\u00e4 uunijuustoa\u2026<br \/>Vasikallekin on jo hankittu oma koti. Tulokas muuttaa heti vieroituksen j\u00e4lkeen naapuriin, samaan paikkaan mist\u00e4 is\u00e4ns\u00e4 Hessukin tuli Rositalle viime talvena kyl\u00e4\u00e4n. Olisi se kivaa pit\u00e4\u00e4 Rositalle t\u00e4ss\u00e4 kaveri, mutta rouva on niin tottunut poni-lammas-aasi-kumppanuuteen, ettei ole edellistenk\u00e4\u00e4n vasikoiden per\u00e4\u00e4n juuri huudellut. Ja mik\u00e4 olennaisinta, Rosita on meill\u00e4\u2019 ennen kaikkea maidon takia. Jos vasikka juo maidot, meille ei j\u00e4\u00e4 mit\u00e4\u00e4n, eik\u00e4 lehm\u00e4 pelkk\u00e4n\u00e4 lemmikkin\u00e4 ole oikein j\u00e4rkev\u00e4 ajatus. Niinp\u00e4 me nautitaan pikku vasikasta muutama viikko ja sitten keskityt\u00e4\u00e4n rakkaaseen Rositaan. <br \/>Peukut pystyyn ett\u00e4 vasikan maailmaan tulo menee hienosti!<\/p>\n","protected":false},"excerpt":{"rendered":"<p>Tuukka aloitti taas syksyn ty\u00f6putken. Syksy\u00e4 kohti viev\u00e4 arki tuntuu kuitenkin kivalta&hellip;<\/p>\n","protected":false},"author":35,"featured_media":821,"comment_status":"open","ping_status":"open","sticky":false,"template":"","format":"standard","meta":{"footnotes":""},"categories":[1],"tags":[],"acf":[],"platta":{"numLikes":0,"numComments":2,"category":null,"themes":[],"commercial_partner":null,"thumbnail":"https:\/\/blogit-cdn.a-lehdet.fi\/uploads\/sites\/29\/20434_52060.jpg","blog_id":29},"jetpack_featured_media_url":"https:\/\/blogit-cdn.a-lehdet.fi\/uploads\/sites\/29\/20434_52060.jpg","_links":{"self":[{"href":"https:\/\/blogit.meillakotona.fi\/olgankotona\/api\/wp\/v2\/posts\/146"}],"collection":[{"href":"https:\/\/blogit.meillakotona.fi\/olgankotona\/api\/wp\/v2\/posts"}],"about":[{"href":"https:\/\/blogit.meillakotona.fi\/olgankotona\/api\/wp\/v2\/types\/post"}],"author":[{"embeddable":true,"href":"https:\/\/blogit.meillakotona.fi\/olgankotona\/api\/wp\/v2\/users\/35"}],"replies":[{"embeddable":true,"href":"https:\/\/blogit.meillakotona.fi\/olgankotona\/api\/wp\/v2\/comments?post=146"}],"version-history":[{"count":1,"href":"https:\/\/blogit.meillakotona.fi\/olgankotona\/api\/wp\/v2\/posts\/146\/revisions"}],"predecessor-version":[{"id":822,"href":"https:\/\/blogit.meillakotona.fi\/olgankotona\/api\/wp\/v2\/posts\/146\/revisions\/822"}],"wp:featuredmedia":[{"embeddable":true,"href":"https:\/\/blogit.meillakotona.fi\/olgankotona\/api\/wp\/v2\/media\/821"}],"wp:attachment":[{"href":"https:\/\/blogit.meillakotona.fi\/olgankotona\/api\/wp\/v2\/media?parent=146"}],"wp:term":[{"taxonomy":"category","embeddable":true,"href":"https:\/\/blogit.meillakotona.fi\/olgankotona\/api\/wp\/v2\/categories?post=146"},{"taxonomy":"post_tag","embeddable":true,"href":"https:\/\/blogit.meillakotona.fi\/olgankotona\/api\/wp\/v2\/tags?post=146"}],"curies":[{"name":"wp","href":"https:\/\/api.w.org\/{rel}","templated":true}]}}