{"id":665,"date":"2011-08-28T15:41:00","date_gmt":"2011-08-28T12:41:00","guid":{"rendered":"http:\/\/blogit.meillakotona.fi\/kotiasemalla\/lastenhuoneen-rempan-aloitus\/"},"modified":"2016-01-14T12:41:10","modified_gmt":"2016-01-14T10:41:10","slug":"lastenhuoneen-rempan-aloitus","status":"publish","type":"post","link":"https:\/\/blogit.meillakotona.fi\/kotiasemalla\/lastenhuoneen-rempan-aloitus\/","title":{"rendered":"Lastenhuoneen rempan aloitus"},"content":{"rendered":"<div class=\"separator\" style=\"clear: both; text-align: center;\"><a rel=\"nofollow\" href=\"http:\/\/3.bp.blogspot.com\/-WZ2s-a7N0YU\/TlpcxknMOXI\/AAAAAAAACDU\/JBiP2Lv9Y3c\/s1600\/lastenhuonetta.jpg\" imageanchor=\"1\" style=\"margin-left: 1em; margin-right: 1em;\"><img decoding=\"async\" loading=\"lazy\" border=\"0\" height=\"211\" qaa=\"true\" src=\"https:\/\/a-lehdet-blogs.s3.eu-central-1.amazonaws.com\/uploads\/sites\/4\/2011\/08\/lastenhuonetta.jpg\" width=\"400\" \/><\/a><\/div>\n<p>Mua jotenkin ahdisti ihan hirveesti kun tuo meid\u00e4n keitti\u00f6remppa ei nyt etene. Pit\u00e4\u00e4 odottaa s\u00e4hk\u00f6miest\u00e4 ennen kuin voi jatkaa, keitti\u00f6 pit\u00e4isi suunnitella ja tilata, mutta kun en viel\u00e4 tarkkaan tied\u00e4 millainen jne. Homma vaan seisoi, mutta hirmuinen hinku oli p\u00e4\u00e4st\u00e4 tekem\u00e4\u00e4n jotain konkreettista.<br \/>\nP\u00e4\u00e4tettiin ett\u00e4 aloitetaan sitten joku toinen huone. Se oli helppo p\u00e4\u00e4t\u00f6s, hoitolasten huone. Ainut huone jonka tapetit ym tied\u00e4n jo, ja joka oli valmiiksi melkein tyhj\u00e4 kaikesta roinasta, t\u00e4st\u00e4 olisi helppo aloittaa.<\/p>\n<p>Yll\u00e4olevat kuvat on otettu kun ensimm\u00e4isi\u00e4 kertoja k\u00e4vin talolla. Siit\u00e4 se ei ole sen j\u00e4lkeen parantunut muutoin kun ett\u00e4 ikkunassa ei ole en\u00e4\u00e4 levy\u00e4. Huone on kyll\u00e4 suht hyv\u00e4ss\u00e4 kunnossa, ei tageja seiniss\u00e4, kaikki ovet suht hyv\u00e4kuntoisia ja ne ovat kaikki&nbsp;vanhoja peiliovia. <\/p>\n<p>T\u00e4n\u00e4\u00e4n siis revittiin v\u00e4h\u00e4n kaakeleita sein\u00e4st\u00e4, v\u00e4h\u00e4n muovimattoja ja listoja. <\/p>\n<p>Suunnitelma on seuraava:<\/p>\n<div class=\"separator\" style=\"clear: both; text-align: center;\"><a rel=\"nofollow\" href=\"http:\/\/1.bp.blogspot.com\/-2Gi87Rg-PCE\/TlpeL_J6qUI\/AAAAAAAACDY\/-xEykT5xpbM\/s1600\/oranssi+hyasintti.jpg\" imageanchor=\"1\" style=\"margin-left: 1em; margin-right: 1em;\"><img decoding=\"async\" loading=\"lazy\" border=\"0\" height=\"320\" qaa=\"true\" src=\"https:\/\/a-lehdet-blogs.s3.eu-central-1.amazonaws.com\/uploads\/sites\/4\/2011\/08\/oranssi-hyasintti.jpg\" width=\"220\" \/><\/a><\/div>\n<p>\nTapetiksi oranssia Hyasinttia. Alaosaan&nbsp;helmipanelointi, luultavasti perinteisesti 160 cm korkea, koska lapset taatusti repii tapettia jos siihen ylt\u00e4\u00e4. Paneloinnin v\u00e4ri ei ihan t\u00e4ysin selv\u00e4 viel\u00e4. Ehdotuksia? Ehk\u00e4 vanha vaalean vihre\u00e4 tai luonnonvalkoinen&#8230; Ei saisi tulla liian tunkkaiseksi v\u00e4rit kuitenkaan. <br \/>\nLattia maalataan vaalean ruskeaksi. Vesipiste mahdollisesti j\u00e4tet\u00e4\u00e4n, siihen pieni allas ja pieni&nbsp; siirrelt\u00e4v\u00e4\/varastoitava hoitop\u00f6yt\u00e4 mahdollisia vauvahoitolapsia varten. <br \/>\nMeill\u00e4 on tosi monessa huoneessa valmiina vesipiste, koska huoneisto on ollut el\u00e4inl\u00e4\u00e4k\u00e4riasemana. T\u00e4m\u00e4 on ihan kiva, koska wc:t on pieni\u00e4 ja vett\u00e4 tarvitaan monessa, esim mun k\u00e4sity\u00f6huoneessa kiva olla oma vesipiste. <\/p>\n<p>Siin\u00e4 se suunnitelma kaikessa yksinkertaisuudessa onkin. Huone on pitkulainen ja sinne vie jopa kolme ovea, olohuoneesta, Mikin huoneesta ja mun huoneesta, joten v\u00e4h\u00e4n hankalahan tuo on kalusteiden kannalta. Pari s\u00e4nky\u00e4, p\u00f6yt\u00e4, ja paljon leluhyllytilaa pit\u00e4isi mahtua. <br \/>\nHuone on melko pieni, mutta toisaalta koen ett\u00e4 hyv\u00e4 n\u00e4in, pienuus tuo tietty\u00e4 turvallisuutta uusille lapsille. Mikin huoneeseenkin voi sitten leluja levitt\u00e4\u00e4. T\u00e4rkeint\u00e4 huoneessa olisi kodikkuus, helppous, turvallisuus ja se ett\u00e4 sopii eri-ik\u00e4isille lapsille. <\/p>\n<p>Ett\u00e4 n\u00e4in, katsotaan mit\u00e4 tulee ja kuin pian. Ihanaa kun p\u00e4\u00e4si hommiin!<\/p>\n<p>Ai juu, kun kerta kaikki muutkin, niin min\u00e4kin halusin, nimitt\u00e4in Korson Asemakin p\u00e4\u00e4si Facebookiin! Aika alussahan tuo, lis\u00e4ilen viel\u00e4 kuvia, mutta siit\u00e4 saa tyk\u00e4t\u00e4\/fanittaa!:) Linkki siis oikeassa palkissa.<\/p>\n<p>-Henna-<\/p>\n","protected":false},"excerpt":{"rendered":"<p>Mua jotenkin ahdisti ihan hirveesti kun tuo meid\u00e4n keitti\u00f6remppa ei nyt etene.&hellip;<\/p>\n","protected":false},"author":8,"featured_media":3808,"comment_status":"open","ping_status":"open","sticky":false,"template":"","format":"standard","meta":{"footnotes":""},"categories":[1],"tags":[52,76],"acf":[],"platta":{"numLikes":0,"numComments":13,"category":null,"themes":[],"commercial_partner":null,"thumbnail":"https:\/\/blogit-cdn.a-lehdet.fi\/uploads\/sites\/4\/2011\/08\/lastenhuonetta.jpg","blog_id":4},"jetpack_featured_media_url":"https:\/\/blogit-cdn.a-lehdet.fi\/uploads\/sites\/4\/2011\/08\/lastenhuonetta.jpg","_links":{"self":[{"href":"https:\/\/blogit.meillakotona.fi\/kotiasemalla\/api\/wp\/v2\/posts\/665"}],"collection":[{"href":"https:\/\/blogit.meillakotona.fi\/kotiasemalla\/api\/wp\/v2\/posts"}],"about":[{"href":"https:\/\/blogit.meillakotona.fi\/kotiasemalla\/api\/wp\/v2\/types\/post"}],"author":[{"embeddable":true,"href":"https:\/\/blogit.meillakotona.fi\/kotiasemalla\/api\/wp\/v2\/users\/8"}],"replies":[{"embeddable":true,"href":"https:\/\/blogit.meillakotona.fi\/kotiasemalla\/api\/wp\/v2\/comments?post=665"}],"version-history":[{"count":1,"href":"https:\/\/blogit.meillakotona.fi\/kotiasemalla\/api\/wp\/v2\/posts\/665\/revisions"}],"predecessor-version":[{"id":3810,"href":"https:\/\/blogit.meillakotona.fi\/kotiasemalla\/api\/wp\/v2\/posts\/665\/revisions\/3810"}],"wp:featuredmedia":[{"embeddable":true,"href":"https:\/\/blogit.meillakotona.fi\/kotiasemalla\/api\/wp\/v2\/media\/3808"}],"wp:attachment":[{"href":"https:\/\/blogit.meillakotona.fi\/kotiasemalla\/api\/wp\/v2\/media?parent=665"}],"wp:term":[{"taxonomy":"category","embeddable":true,"href":"https:\/\/blogit.meillakotona.fi\/kotiasemalla\/api\/wp\/v2\/categories?post=665"},{"taxonomy":"post_tag","embeddable":true,"href":"https:\/\/blogit.meillakotona.fi\/kotiasemalla\/api\/wp\/v2\/tags?post=665"}],"curies":[{"name":"wp","href":"https:\/\/api.w.org\/{rel}","templated":true}]}}