{"id":6600,"date":"2019-04-27T14:45:38","date_gmt":"2019-04-27T11:45:38","guid":{"rendered":"http:\/\/blogit.meillakotona.fi\/kotiasemalla\/?p=6600"},"modified":"2019-04-27T14:45:38","modified_gmt":"2019-04-27T11:45:38","slug":"huhtikuun-loppu","status":"publish","type":"post","link":"https:\/\/blogit.meillakotona.fi\/kotiasemalla\/huhtikuun-loppu\/","title":{"rendered":"Huhtikuun loppu"},"content":{"rendered":"<p><a rel=\"nofollow\" href=\"https:\/\/blogit-cdn.a-lehdet.fi\/uploads\/sites\/4\/2019\/04\/kevatkoti1.jpg\"><img decoding=\"async\" loading=\"lazy\" class=\"aligncenter size-full wp-image-6601\" src=\"https:\/\/blogit-cdn.a-lehdet.fi\/uploads\/sites\/4\/2019\/04\/kevatkoti1.jpg\" alt=\"\" width=\"900\" height=\"1200\" srcset=\"https:\/\/blogit-cdn.a-lehdet.fi\/uploads\/sites\/4\/2019\/04\/kevatkoti1.jpg 900w, https:\/\/blogit-cdn.a-lehdet.fi\/uploads\/sites\/4\/2019\/04\/kevatkoti1-225x300.jpg 225w, https:\/\/blogit-cdn.a-lehdet.fi\/uploads\/sites\/4\/2019\/04\/kevatkoti1-768x1024.jpg 768w\" sizes=\"(max-width: 900px) 100vw, 900px\" \/><\/a> <a rel=\"nofollow\" href=\"https:\/\/blogit-cdn.a-lehdet.fi\/uploads\/sites\/4\/2019\/04\/kevatkoti2.jpg\"><img decoding=\"async\" loading=\"lazy\" class=\"aligncenter size-full wp-image-6602\" src=\"https:\/\/blogit-cdn.a-lehdet.fi\/uploads\/sites\/4\/2019\/04\/kevatkoti2.jpg\" alt=\"\" width=\"900\" height=\"1200\" srcset=\"https:\/\/blogit-cdn.a-lehdet.fi\/uploads\/sites\/4\/2019\/04\/kevatkoti2.jpg 900w, https:\/\/blogit-cdn.a-lehdet.fi\/uploads\/sites\/4\/2019\/04\/kevatkoti2-225x300.jpg 225w, https:\/\/blogit-cdn.a-lehdet.fi\/uploads\/sites\/4\/2019\/04\/kevatkoti2-768x1024.jpg 768w\" sizes=\"(max-width: 900px) 100vw, 900px\" \/><\/a> <a rel=\"nofollow\" href=\"https:\/\/blogit-cdn.a-lehdet.fi\/uploads\/sites\/4\/2019\/04\/kevatkoti3.jpg\"><img decoding=\"async\" loading=\"lazy\" class=\"aligncenter size-full wp-image-6603\" src=\"https:\/\/blogit-cdn.a-lehdet.fi\/uploads\/sites\/4\/2019\/04\/kevatkoti3.jpg\" alt=\"\" width=\"900\" height=\"1200\" srcset=\"https:\/\/blogit-cdn.a-lehdet.fi\/uploads\/sites\/4\/2019\/04\/kevatkoti3.jpg 900w, https:\/\/blogit-cdn.a-lehdet.fi\/uploads\/sites\/4\/2019\/04\/kevatkoti3-225x300.jpg 225w, https:\/\/blogit-cdn.a-lehdet.fi\/uploads\/sites\/4\/2019\/04\/kevatkoti3-768x1024.jpg 768w\" sizes=\"(max-width: 900px) 100vw, 900px\" \/><\/a> <a rel=\"nofollow\" href=\"https:\/\/blogit-cdn.a-lehdet.fi\/uploads\/sites\/4\/2019\/04\/kevatkoti4.jpg\"><img decoding=\"async\" loading=\"lazy\" class=\"aligncenter size-full wp-image-6604\" src=\"https:\/\/blogit-cdn.a-lehdet.fi\/uploads\/sites\/4\/2019\/04\/kevatkoti4.jpg\" alt=\"\" width=\"900\" height=\"1200\" srcset=\"https:\/\/blogit-cdn.a-lehdet.fi\/uploads\/sites\/4\/2019\/04\/kevatkoti4.jpg 900w, https:\/\/blogit-cdn.a-lehdet.fi\/uploads\/sites\/4\/2019\/04\/kevatkoti4-225x300.jpg 225w, https:\/\/blogit-cdn.a-lehdet.fi\/uploads\/sites\/4\/2019\/04\/kevatkoti4-768x1024.jpg 768w\" sizes=\"(max-width: 900px) 100vw, 900px\" \/><\/a><\/p>\n<p>Niin se alkaa taas t\u00e4m\u00e4kin kuukausi olla lopuillaan. Huhtikuu on ihanasti tuonut muutamia l\u00e4mpimi\u00e4 p\u00e4ivi\u00e4, ja ulkona oleilu on lis\u00e4\u00e4ntynyt merkitt\u00e4v\u00e4sti. Nyt muutamassa p\u00e4iv\u00e4ss\u00e4 luontokin on alkanut runsaasti vihertym\u00e4\u00e4n. Mielenkiinnolla kiertelen puutarhassa, ja seuraan mitk\u00e4 istutuksista ovat selvinneet talvesta. N\u00e4ytt\u00e4\u00e4 silt\u00e4, ett\u00e4 vain yksi k\u00e4rh\u00f6 ei l\u00e4hde en\u00e4\u00e4 kasvamaan.<\/p>\n<p>Kun ulkona oleilu lis\u00e4\u00e4ntyy, sis\u00e4ll\u00e4 ollaan suht v\u00e4h\u00e4n. Kovasti tekisi mieli toukokuussa aloittaa jotain maalausprojekteja. Ainakin tuo olohuoneen sohvap\u00f6yt\u00e4 voisi vihdoin saada maalia pintaansa. Lastenhuoneesta l\u00e4hti tuo punainen samettisohva pois. Se on ollut tosi ihana, siro, kaunis muoto ja kauniit jalat. Nyt se on kuitenkin ihan rikki. Kissat ovat raapineet sen rikki, ja Nestori pomppinut pelatessa jouset lyttyyn. Nyt jouset paistaa, niin ett\u00e4 jalka osuu ter\u00e4v\u00e4\u00e4n jatkuvasti. Joten siit\u00e4 joudun harmissani luopumaan. Olisi ihana verhoiluttaa se, mutta se olisi kallis ty\u00f6. Eik\u00e4 meille kissojen takia kannata sit\u00e4 en\u00e4\u00e4 tuoda meille. Se olisi pian taas rikki&#8230;<\/p>\n<p>Joku muu pleikkapeli-istuin pit\u00e4isi siihen nyt keksi\u00e4. Joku kest\u00e4v\u00e4 ja suht siro. Tai sitten vaan patjat lattialle toistaiseksi.<\/p>\n<p>Meill\u00e4 t\u00f6iss\u00e4 on ollut ihmeellisen hiljaista. Edes hyv\u00e4 keli ei ole tuonut asiakkaita j\u00e4\u00e4tel\u00f6lle pihalle. T\u00e4m\u00e4 on nyt meid\u00e4n ensimm\u00e4inen kev\u00e4t ja kes\u00e4 t\u00e4ss\u00e4, joten saa n\u00e4hd\u00e4 miten meill\u00e4 sujuu. Hein\u00e4kuussa sitten suosiolla lomaillaan.<\/p>\n<p>Huhtikuu on ollut my\u00f6s juhlaa t\u00e4ynn\u00e4. P\u00e4\u00e4si\u00e4inen, meid\u00e4n esikoisen syntt\u00e4rit ja kohta jo vappu. Onneksi p\u00e4\u00e4si\u00e4inen ei ole joka vuosi n\u00e4in my\u00f6h\u00e4\u00e4n. Nyt oli kaikki niin per\u00e4kk\u00e4in.<\/p>\n<p>Ihan hullua my\u00f6s ajatella, ett\u00e4 kouluja on en\u00e4\u00e4 kuukausi, sitten alkaa kes\u00e4loma! Tammikuussa tuntui ep\u00e4toivoiselta, kev\u00e4t ei tule ikin\u00e4 ja kohta on jo kes\u00e4! Vuoden parasta aikaa. &lt;3 Iso tsemppi niille joilla allergiat pilaa t\u00e4m\u00e4n ajan&#8230; Toivottavasti pian helpottaa!<\/p>\n<p>Kivaa viikonlopunjatkoa,<\/p>\n<p>&nbsp;<\/p>\n<p>-Henna-<\/p>\n","protected":false},"excerpt":{"rendered":"<p>Niin se alkaa taas t\u00e4m\u00e4kin kuukausi olla lopuillaan. Huhtikuu on ihanasti tuonut&hellip;<\/p>\n","protected":false},"author":8,"featured_media":0,"comment_status":"open","ping_status":"closed","sticky":false,"template":"","format":"standard","meta":{"footnotes":""},"categories":[16,7],"tags":[],"acf":[],"platta":{"numLikes":0,"numComments":0,"category":null,"themes":[],"commercial_partner":null,"thumbnail":"https:\/\/blogit-cdn.a-lehdet.fi\/uploads\/sites\/4\/2019\/04\/kevatkoti1.jpg","blog_id":4},"jetpack_featured_media_url":"","_links":{"self":[{"href":"https:\/\/blogit.meillakotona.fi\/kotiasemalla\/api\/wp\/v2\/posts\/6600"}],"collection":[{"href":"https:\/\/blogit.meillakotona.fi\/kotiasemalla\/api\/wp\/v2\/posts"}],"about":[{"href":"https:\/\/blogit.meillakotona.fi\/kotiasemalla\/api\/wp\/v2\/types\/post"}],"author":[{"embeddable":true,"href":"https:\/\/blogit.meillakotona.fi\/kotiasemalla\/api\/wp\/v2\/users\/8"}],"replies":[{"embeddable":true,"href":"https:\/\/blogit.meillakotona.fi\/kotiasemalla\/api\/wp\/v2\/comments?post=6600"}],"version-history":[{"count":1,"href":"https:\/\/blogit.meillakotona.fi\/kotiasemalla\/api\/wp\/v2\/posts\/6600\/revisions"}],"predecessor-version":[{"id":6605,"href":"https:\/\/blogit.meillakotona.fi\/kotiasemalla\/api\/wp\/v2\/posts\/6600\/revisions\/6605"}],"wp:attachment":[{"href":"https:\/\/blogit.meillakotona.fi\/kotiasemalla\/api\/wp\/v2\/media?parent=6600"}],"wp:term":[{"taxonomy":"category","embeddable":true,"href":"https:\/\/blogit.meillakotona.fi\/kotiasemalla\/api\/wp\/v2\/categories?post=6600"},{"taxonomy":"post_tag","embeddable":true,"href":"https:\/\/blogit.meillakotona.fi\/kotiasemalla\/api\/wp\/v2\/tags?post=6600"}],"curies":[{"name":"wp","href":"https:\/\/api.w.org\/{rel}","templated":true}]}}