{"id":6556,"date":"2019-03-21T19:52:03","date_gmt":"2019-03-21T17:52:03","guid":{"rendered":"http:\/\/blogit.meillakotona.fi\/kotiasemalla\/?p=6556"},"modified":"2019-03-22T10:34:12","modified_gmt":"2019-03-22T08:34:12","slug":"kasvien-uudet-vaatteet-ja-kevatmessu-arvonta","status":"publish","type":"post","link":"https:\/\/blogit.meillakotona.fi\/kotiasemalla\/kasvien-uudet-vaatteet-ja-kevatmessu-arvonta\/","title":{"rendered":"Kasvien uudet vaatteet ja kev\u00e4tmessu-arvonta"},"content":{"rendered":"<p><a rel=\"nofollow\" href=\"https:\/\/blogit-cdn.a-lehdet.fi\/uploads\/sites\/4\/2019\/03\/mullanvaihto1.jpg\"><img decoding=\"async\" loading=\"lazy\" class=\"aligncenter size-full wp-image-6557\" src=\"https:\/\/blogit-cdn.a-lehdet.fi\/uploads\/sites\/4\/2019\/03\/mullanvaihto1.jpg\" alt=\"\" width=\"900\" height=\"1200\" srcset=\"https:\/\/blogit-cdn.a-lehdet.fi\/uploads\/sites\/4\/2019\/03\/mullanvaihto1.jpg 900w, https:\/\/blogit-cdn.a-lehdet.fi\/uploads\/sites\/4\/2019\/03\/mullanvaihto1-225x300.jpg 225w, https:\/\/blogit-cdn.a-lehdet.fi\/uploads\/sites\/4\/2019\/03\/mullanvaihto1-768x1024.jpg 768w\" sizes=\"(max-width: 900px) 100vw, 900px\" \/><\/a> <a rel=\"nofollow\" href=\"https:\/\/blogit-cdn.a-lehdet.fi\/uploads\/sites\/4\/2019\/03\/mullanvaihto2.jpg\"><img decoding=\"async\" loading=\"lazy\" class=\"aligncenter size-full wp-image-6558\" src=\"https:\/\/blogit-cdn.a-lehdet.fi\/uploads\/sites\/4\/2019\/03\/mullanvaihto2.jpg\" alt=\"\" width=\"900\" height=\"1200\" srcset=\"https:\/\/blogit-cdn.a-lehdet.fi\/uploads\/sites\/4\/2019\/03\/mullanvaihto2.jpg 900w, https:\/\/blogit-cdn.a-lehdet.fi\/uploads\/sites\/4\/2019\/03\/mullanvaihto2-225x300.jpg 225w, https:\/\/blogit-cdn.a-lehdet.fi\/uploads\/sites\/4\/2019\/03\/mullanvaihto2-768x1024.jpg 768w\" sizes=\"(max-width: 900px) 100vw, 900px\" \/><\/a> <a rel=\"nofollow\" href=\"https:\/\/blogit-cdn.a-lehdet.fi\/uploads\/sites\/4\/2019\/03\/mullanvaihto3.jpg\"><img decoding=\"async\" loading=\"lazy\" class=\"aligncenter size-full wp-image-6559\" src=\"https:\/\/blogit-cdn.a-lehdet.fi\/uploads\/sites\/4\/2019\/03\/mullanvaihto3.jpg\" alt=\"\" width=\"900\" height=\"1200\" srcset=\"https:\/\/blogit-cdn.a-lehdet.fi\/uploads\/sites\/4\/2019\/03\/mullanvaihto3.jpg 900w, https:\/\/blogit-cdn.a-lehdet.fi\/uploads\/sites\/4\/2019\/03\/mullanvaihto3-225x300.jpg 225w, https:\/\/blogit-cdn.a-lehdet.fi\/uploads\/sites\/4\/2019\/03\/mullanvaihto3-768x1024.jpg 768w\" sizes=\"(max-width: 900px) 100vw, 900px\" \/><\/a> <a rel=\"nofollow\" href=\"https:\/\/blogit-cdn.a-lehdet.fi\/uploads\/sites\/4\/2019\/03\/mullanvaihto4.jpg\"><img decoding=\"async\" loading=\"lazy\" class=\"aligncenter size-full wp-image-6560\" src=\"https:\/\/blogit-cdn.a-lehdet.fi\/uploads\/sites\/4\/2019\/03\/mullanvaihto4.jpg\" alt=\"\" width=\"900\" height=\"1283\" srcset=\"https:\/\/blogit-cdn.a-lehdet.fi\/uploads\/sites\/4\/2019\/03\/mullanvaihto4.jpg 900w, https:\/\/blogit-cdn.a-lehdet.fi\/uploads\/sites\/4\/2019\/03\/mullanvaihto4-210x300.jpg 210w, https:\/\/blogit-cdn.a-lehdet.fi\/uploads\/sites\/4\/2019\/03\/mullanvaihto4-768x1095.jpg 768w, https:\/\/blogit-cdn.a-lehdet.fi\/uploads\/sites\/4\/2019\/03\/mullanvaihto4-718x1024.jpg 718w\" sizes=\"(max-width: 900px) 100vw, 900px\" \/><\/a><\/p>\n<p>*Blogiyhteisty\u00f6, liput saatu.<\/p>\n<p>Alkuviikosta minulla oli viherkasvien mullanvaihto- aika. En viime kev\u00e4\u00e4n\u00e4 saanut sit\u00e4 ollenkaan aikaiseksi, ja sen huomasi. Varsinkin tuo iso peikonlehti oli aivan reppana tukossa juurien kanssa. Mulle on tullut myym\u00e4l\u00e4\u00e4n ihania <a rel=\"nofollow\" href=\"https:\/\/www.korsonasema.fi\/fi\/tuoteryhma\/1182450\" target=\"_blank\" rel=\"noopener\"><strong>Bergs Potterin<\/strong><\/a> italialaisia saviruukkuja, ja se todellakin innosti itse\u00e4kin ruukkujen ja mullan vaihtoon.<\/p>\n<p>Tosin yll\u00e4tt\u00e4en meid\u00e4n kissatkin villiintyi kun toin viherkasvit p\u00f6yd\u00e4lle. Jouduin j\u00e4tt\u00e4m\u00e4\u00e4n kasvit keitti\u00f6n p\u00f6yd\u00e4lle y\u00f6ksi, ja aamulla oli mullat kaivettu pitkin p\u00f6yt\u00e4\u00e4&#8230; Kissoilla oli vissiin ollut taas villi y\u00f6! Kun seuraavana p\u00e4iv\u00e4n\u00e4 p\u00e4\u00e4sin vihdoin ruukkuja vaihtamaan, oli meid\u00e4n nuorimmat kissat kokoajan mukana. P\u00e4\u00e4 v\u00e4lill\u00e4 multas\u00e4kiss\u00e4, tassutteli nuo edes takas multaisella p\u00f6yd\u00e4ll\u00e4.<\/p>\n<p><a rel=\"nofollow\" href=\"https:\/\/blogit-cdn.a-lehdet.fi\/uploads\/sites\/4\/2019\/03\/mullanvaihto5.jpg\"><img decoding=\"async\" loading=\"lazy\" class=\"aligncenter size-full wp-image-6561\" src=\"https:\/\/blogit-cdn.a-lehdet.fi\/uploads\/sites\/4\/2019\/03\/mullanvaihto5.jpg\" alt=\"\" width=\"800\" height=\"1067\" srcset=\"https:\/\/blogit-cdn.a-lehdet.fi\/uploads\/sites\/4\/2019\/03\/mullanvaihto5.jpg 800w, https:\/\/blogit-cdn.a-lehdet.fi\/uploads\/sites\/4\/2019\/03\/mullanvaihto5-225x300.jpg 225w, https:\/\/blogit-cdn.a-lehdet.fi\/uploads\/sites\/4\/2019\/03\/mullanvaihto5-768x1024.jpg 768w\" sizes=\"(max-width: 800px) 100vw, 800px\" \/><\/a> <a rel=\"nofollow\" href=\"https:\/\/blogit-cdn.a-lehdet.fi\/uploads\/sites\/4\/2019\/03\/mullanvaihto6.jpg\"><img decoding=\"async\" loading=\"lazy\" class=\"aligncenter size-full wp-image-6562\" src=\"https:\/\/blogit-cdn.a-lehdet.fi\/uploads\/sites\/4\/2019\/03\/mullanvaihto6.jpg\" alt=\"\" width=\"900\" height=\"1200\" srcset=\"https:\/\/blogit-cdn.a-lehdet.fi\/uploads\/sites\/4\/2019\/03\/mullanvaihto6.jpg 900w, https:\/\/blogit-cdn.a-lehdet.fi\/uploads\/sites\/4\/2019\/03\/mullanvaihto6-225x300.jpg 225w, https:\/\/blogit-cdn.a-lehdet.fi\/uploads\/sites\/4\/2019\/03\/mullanvaihto6-768x1024.jpg 768w\" sizes=\"(max-width: 900px) 100vw, 900px\" \/><\/a> <a rel=\"nofollow\" href=\"https:\/\/blogit-cdn.a-lehdet.fi\/uploads\/sites\/4\/2019\/03\/mullanvaihto7.jpg\"><img decoding=\"async\" loading=\"lazy\" class=\"aligncenter size-full wp-image-6563\" src=\"https:\/\/blogit-cdn.a-lehdet.fi\/uploads\/sites\/4\/2019\/03\/mullanvaihto7.jpg\" alt=\"\" width=\"900\" height=\"1230\" srcset=\"https:\/\/blogit-cdn.a-lehdet.fi\/uploads\/sites\/4\/2019\/03\/mullanvaihto7.jpg 900w, https:\/\/blogit-cdn.a-lehdet.fi\/uploads\/sites\/4\/2019\/03\/mullanvaihto7-220x300.jpg 220w, https:\/\/blogit-cdn.a-lehdet.fi\/uploads\/sites\/4\/2019\/03\/mullanvaihto7-768x1050.jpg 768w, https:\/\/blogit-cdn.a-lehdet.fi\/uploads\/sites\/4\/2019\/03\/mullanvaihto7-749x1024.jpg 749w\" sizes=\"(max-width: 900px) 100vw, 900px\" \/><\/a><\/p>\n<p>Nyt kuitenkin kasvit ovat uusissa ruukuissa, tai ainakin ne muutama jotka olen saanut pidetty\u00e4 hengiss\u00e4. Mulla ei edes ole oikein mit\u00e4\u00e4n logiikkaa ett\u00e4 mik\u00e4 pysyy hengiss\u00e4, peikonlehtikin kukoistaa tuossa, mutta toinen peikonlehti kuolee toisessa huoneessa. Palmukasvitkin kukoistaa jossain, toisaalla taas kuolee. Ett\u00e4 en voi sanoa ett\u00e4 mik\u00e4\u00e4n viherkasvi olisi mulle ns. helppo. Kyll\u00e4 m\u00e4 mehikasvit ja kaktuksetkin onnistun tappamaan. Silti niit\u00e4 viherkasveja vaan pit\u00e4\u00e4 olla, ne tuo niin v\u00e4ri\u00e4 ja kotoisaa tunnelmaa. Nyt ainakin luulisi n\u00e4iden viihtyv\u00e4n, kun saivat lis\u00e4\u00e4 tilaa ja kunnon saviruukun.<\/p>\n<p>Kasveista puheenollen, tasan kahden viikon p\u00e4\u00e4st\u00e4 alkaa Helsingin messukeskuksessa <a rel=\"nofollow\" href=\"https:\/\/kevatmessut.messukeskus.com\/\" target=\"_blank\" rel=\"noopener\"><strong>Kev\u00e4tmessut<\/strong><\/a>. Mulla olisi *kaksi lippua sinne jaossa. Joten kommentoi t\u00e4h\u00e4n postauksen alle, tai Facebookissa\/Instagramissa merkittyyn julkaisuun, niin olet mukana arvonnassa. Yksi henkil\u00f6 voi voittaa kaksi s\u00e4hk\u00f6ist\u00e4 lippua kev\u00e4tmessuille, jotka ovat 4-7.4 messukeskuksessa. Arvonta-aikaa on sunnuntai-iltaan 24.3 klo 18 asti.<\/p>\n<p><em>\u00a0&#8220;<strong><a rel=\"nofollow\" href=\"https:\/\/kevatmessut.messukeskus.com\/kevatpuutarha\/\">Kev\u00e4tpuutarha<\/a><\/strong>,\u00a0<strong><a rel=\"nofollow\" href=\"https:\/\/kevatmessut.messukeskus.com\/omamokki\/\">OmaM\u00f6kki<\/a><\/strong>,\u00a0<strong><a rel=\"nofollow\" href=\"https:\/\/kevatmessut.messukeskus.com\/asuremontoi\/\">Asu &amp; Remontoi<\/a><\/strong>,\u00a0<strong><a rel=\"nofollow\" href=\"https:\/\/kevatmessut.messukeskus.com\/messuilla\/sisusta\/\">Sisusta<\/a><\/strong>\u00a0sek\u00e4\u00a0<strong><a rel=\"nofollow\" href=\"https:\/\/kevatmessut.messukeskus.com\/messuilla\/luomulahiruoka\/\">L\u00e4hiruoka &amp; Luomu<\/a><\/strong>\u00a0satoine yrityksineen t\u00e4ytt\u00e4v\u00e4t hallit v\u00e4reill\u00e4, tuoksuilla sek\u00e4 tietenkin houkuttelevilla messutarjouksilla.<\/em><\/p>\n<p><em>Sunnuntaina koetaan j\u00e4nnitt\u00e4vi\u00e4 hetki\u00e4\u00a0<a rel=\"nofollow\" href=\"http:\/\/kevatmessut.messukeskus.com\/huutokaupat\/\">Jethro Rostedtin meklaroimassa\u00a0<b>huutokaupassa<\/b><\/a>. Tutustu jo ennakkoon\u00a0<a rel=\"nofollow\" href=\"http:\/\/kevatmessut.messukeskus.com\/huutokaupat\/\">huudettaviin tuotteisiin<\/a>!<\/em><\/p>\n<p><em>Kev\u00e4tmessuja t\u00e4ydent\u00e4\u00e4 perjantaina ja lauantaina viel\u00e4 erityisruokavalioita k\u00e4sittelev\u00e4\u00a0<strong><a rel=\"nofollow\" href=\"https:\/\/lautasella.messukeskus.com\/\" target=\"_blank\" rel=\"noopener\">Lautasella-tapahtuma<\/a><\/strong>, jonne p\u00e4\u00e4set my\u00f6s samalla lipulla.&#8221;<\/em><\/p>\n<p>N\u00e4in kerrotaan kev\u00e4tmessujen sivuilla. Joka kerta tuolla l\u00f6yd\u00e4n kyll\u00e4 kaikkea kivaa ostettavaa, ja ainakin saan paljon inspiraatiota puutarhaan.<\/p>\n<p>Onnea arvontaan!<\/p>\n<p>&nbsp;<\/p>\n<p>-Henna-<\/p>\n","protected":false},"excerpt":{"rendered":"<p>*Blogiyhteisty\u00f6, liput saatu. Alkuviikosta minulla oli viherkasvien mullanvaihto- aika. En viime kev\u00e4\u00e4n\u00e4&hellip;<\/p>\n","protected":false},"author":8,"featured_media":6560,"comment_status":"open","ping_status":"closed","sticky":false,"template":"","format":"standard","meta":{"footnotes":""},"categories":[7,8],"tags":[],"acf":[],"platta":{"numLikes":0,"numComments":11,"category":"sisustus","themes":["varikas-sisustus","kodinhoito","olohuone"],"commercial_partner":"Kev\u00e4tmessut","thumbnail":"https:\/\/blogit-cdn.a-lehdet.fi\/uploads\/sites\/4\/2019\/03\/mullanvaihto4.jpg","blog_id":4},"jetpack_featured_media_url":"https:\/\/blogit-cdn.a-lehdet.fi\/uploads\/sites\/4\/2019\/03\/mullanvaihto4.jpg","_links":{"self":[{"href":"https:\/\/blogit.meillakotona.fi\/kotiasemalla\/api\/wp\/v2\/posts\/6556"}],"collection":[{"href":"https:\/\/blogit.meillakotona.fi\/kotiasemalla\/api\/wp\/v2\/posts"}],"about":[{"href":"https:\/\/blogit.meillakotona.fi\/kotiasemalla\/api\/wp\/v2\/types\/post"}],"author":[{"embeddable":true,"href":"https:\/\/blogit.meillakotona.fi\/kotiasemalla\/api\/wp\/v2\/users\/8"}],"replies":[{"embeddable":true,"href":"https:\/\/blogit.meillakotona.fi\/kotiasemalla\/api\/wp\/v2\/comments?post=6556"}],"version-history":[{"count":1,"href":"https:\/\/blogit.meillakotona.fi\/kotiasemalla\/api\/wp\/v2\/posts\/6556\/revisions"}],"predecessor-version":[{"id":6564,"href":"https:\/\/blogit.meillakotona.fi\/kotiasemalla\/api\/wp\/v2\/posts\/6556\/revisions\/6564"}],"wp:featuredmedia":[{"embeddable":true,"href":"https:\/\/blogit.meillakotona.fi\/kotiasemalla\/api\/wp\/v2\/media\/6560"}],"wp:attachment":[{"href":"https:\/\/blogit.meillakotona.fi\/kotiasemalla\/api\/wp\/v2\/media?parent=6556"}],"wp:term":[{"taxonomy":"category","embeddable":true,"href":"https:\/\/blogit.meillakotona.fi\/kotiasemalla\/api\/wp\/v2\/categories?post=6556"},{"taxonomy":"post_tag","embeddable":true,"href":"https:\/\/blogit.meillakotona.fi\/kotiasemalla\/api\/wp\/v2\/tags?post=6556"}],"curies":[{"name":"wp","href":"https:\/\/api.w.org\/{rel}","templated":true}]}}