{"id":6346,"date":"2018-06-26T13:23:48","date_gmt":"2018-06-26T10:23:48","guid":{"rendered":"http:\/\/blogit.meillakotona.fi\/kotiasemalla\/?p=6346"},"modified":"2018-06-26T13:23:48","modified_gmt":"2018-06-26T10:23:48","slug":"kesajuhlat","status":"publish","type":"post","link":"https:\/\/blogit.meillakotona.fi\/kotiasemalla\/kesajuhlat\/","title":{"rendered":"Kes\u00e4juhlat"},"content":{"rendered":"<p><a rel=\"nofollow\" href=\"https:\/\/blogit-cdn.a-lehdet.fi\/uploads\/sites\/4\/2018\/06\/juhlat-kesakuussa1.jpg\"><img decoding=\"async\" loading=\"lazy\" class=\"aligncenter size-full wp-image-6347\" src=\"https:\/\/blogit-cdn.a-lehdet.fi\/uploads\/sites\/4\/2018\/06\/juhlat-kesakuussa1.jpg\" alt=\"\" width=\"900\" height=\"1200\" srcset=\"https:\/\/blogit-cdn.a-lehdet.fi\/uploads\/sites\/4\/2018\/06\/juhlat-kesakuussa1.jpg 900w, https:\/\/blogit-cdn.a-lehdet.fi\/uploads\/sites\/4\/2018\/06\/juhlat-kesakuussa1-225x300.jpg 225w, https:\/\/blogit-cdn.a-lehdet.fi\/uploads\/sites\/4\/2018\/06\/juhlat-kesakuussa1-768x1024.jpg 768w\" sizes=\"(max-width: 900px) 100vw, 900px\" \/><\/a> <a rel=\"nofollow\" href=\"https:\/\/blogit-cdn.a-lehdet.fi\/uploads\/sites\/4\/2018\/06\/juhlat-kesakuussa2.jpg\"><img decoding=\"async\" loading=\"lazy\" class=\"aligncenter size-full wp-image-6348\" src=\"https:\/\/blogit-cdn.a-lehdet.fi\/uploads\/sites\/4\/2018\/06\/juhlat-kesakuussa2.jpg\" alt=\"\" width=\"900\" height=\"675\" srcset=\"https:\/\/blogit-cdn.a-lehdet.fi\/uploads\/sites\/4\/2018\/06\/juhlat-kesakuussa2.jpg 900w, https:\/\/blogit-cdn.a-lehdet.fi\/uploads\/sites\/4\/2018\/06\/juhlat-kesakuussa2-300x225.jpg 300w, https:\/\/blogit-cdn.a-lehdet.fi\/uploads\/sites\/4\/2018\/06\/juhlat-kesakuussa2-768x576.jpg 768w\" sizes=\"(max-width: 900px) 100vw, 900px\" \/><\/a> <a rel=\"nofollow\" href=\"https:\/\/blogit-cdn.a-lehdet.fi\/uploads\/sites\/4\/2018\/06\/juhlat-kesakuussa3.jpg\"><img decoding=\"async\" loading=\"lazy\" class=\"aligncenter size-full wp-image-6349\" src=\"https:\/\/blogit-cdn.a-lehdet.fi\/uploads\/sites\/4\/2018\/06\/juhlat-kesakuussa3.jpg\" alt=\"\" width=\"900\" height=\"1200\" srcset=\"https:\/\/blogit-cdn.a-lehdet.fi\/uploads\/sites\/4\/2018\/06\/juhlat-kesakuussa3.jpg 900w, https:\/\/blogit-cdn.a-lehdet.fi\/uploads\/sites\/4\/2018\/06\/juhlat-kesakuussa3-225x300.jpg 225w, https:\/\/blogit-cdn.a-lehdet.fi\/uploads\/sites\/4\/2018\/06\/juhlat-kesakuussa3-768x1024.jpg 768w\" sizes=\"(max-width: 900px) 100vw, 900px\" \/><\/a> <a rel=\"nofollow\" href=\"https:\/\/blogit-cdn.a-lehdet.fi\/uploads\/sites\/4\/2018\/06\/juhlat-kesakuussa4.jpg\"><img decoding=\"async\" loading=\"lazy\" class=\"aligncenter size-full wp-image-6350\" src=\"https:\/\/blogit-cdn.a-lehdet.fi\/uploads\/sites\/4\/2018\/06\/juhlat-kesakuussa4.jpg\" alt=\"\" width=\"900\" height=\"1200\" srcset=\"https:\/\/blogit-cdn.a-lehdet.fi\/uploads\/sites\/4\/2018\/06\/juhlat-kesakuussa4.jpg 900w, https:\/\/blogit-cdn.a-lehdet.fi\/uploads\/sites\/4\/2018\/06\/juhlat-kesakuussa4-225x300.jpg 225w, https:\/\/blogit-cdn.a-lehdet.fi\/uploads\/sites\/4\/2018\/06\/juhlat-kesakuussa4-768x1024.jpg 768w\" sizes=\"(max-width: 900px) 100vw, 900px\" \/><\/a> <a rel=\"nofollow\" href=\"https:\/\/blogit-cdn.a-lehdet.fi\/uploads\/sites\/4\/2018\/06\/juhlat-kesakuussa5.jpg\"><img decoding=\"async\" loading=\"lazy\" class=\"aligncenter size-full wp-image-6351\" src=\"https:\/\/blogit-cdn.a-lehdet.fi\/uploads\/sites\/4\/2018\/06\/juhlat-kesakuussa5.jpg\" alt=\"\" width=\"900\" height=\"1200\" srcset=\"https:\/\/blogit-cdn.a-lehdet.fi\/uploads\/sites\/4\/2018\/06\/juhlat-kesakuussa5.jpg 900w, https:\/\/blogit-cdn.a-lehdet.fi\/uploads\/sites\/4\/2018\/06\/juhlat-kesakuussa5-225x300.jpg 225w, https:\/\/blogit-cdn.a-lehdet.fi\/uploads\/sites\/4\/2018\/06\/juhlat-kesakuussa5-768x1024.jpg 768w\" sizes=\"(max-width: 900px) 100vw, 900px\" \/><\/a><\/p>\n<p>Meill\u00e4 oli pienet kes\u00e4juhlat eilen. Juhlittiin sit\u00e4 ett\u00e4 meid\u00e4n hoitotytt\u00f6 on ollut meill\u00e4 nyt vuoden, sek\u00e4 er\u00e4st\u00e4 virstaspylv\u00e4st\u00e4 h\u00e4nen el\u00e4m\u00e4ss\u00e4\u00e4n. Oltiin t\u00e4t\u00e4 virstanpylv\u00e4st\u00e4 jo isommin juhlittu aiemmin h\u00e4nen perheens\u00e4 kanssa. Nyt kuitenkin pidettiin viel\u00e4 pienet juhlat t\u00e4\u00e4ll\u00e4 meill\u00e4 mun l\u00e4hipiirille.<\/p>\n<p>Pavlova-kakkuja oli juhannuksena Instagram-pullollaan, joten p\u00e4\u00e4tin vihdoin itsekin kokeilla tuota suosittua herkkua. Tai tytt\u00f6 t\u00e4m\u00e4nkin p\u00e4\u00e4osin teki, h\u00e4n on meill\u00e4 ollut se kakkumestari t\u00e4m\u00e4n vuoden. V\u00e4h\u00e4n kyll\u00e4 pohdittiin ett\u00e4 onko t\u00e4m\u00e4 tosiaan hyv\u00e4\u00e4 vai liian makeaa. Kaveriksi kakulle tehtiin hedelm\u00e4paloja, valmiita minidonitseja S-marketin pakkasesta, salaatti ja patonkia. Mun piti leipoa my\u00f6s focacciaa mutta meni uni v\u00e4h\u00e4n liian pitk\u00e4ksi aamulla, niin en ehtinyt sit\u00e4 en\u00e4\u00e4 kauppareissun j\u00e4lkeen kohottaa.<\/p>\n<p>Kyll\u00e4h\u00e4n se Pavlova olikin sitten menestys. Ensinn\u00e4kin tuo on suht helppo tehd\u00e4, ja ihan \u00e4lytt\u00f6m\u00e4n kaunis. Naiset kuorossa huokailtiin miten upea se on, ja kamerat r\u00e4psyi. Eik\u00e4 makukaan ollut pettymys, p\u00e4invastoin. Ei yht\u00e4\u00e4n liian makeaa vaan suussasulavaa ja ihanaa, oikein kes\u00e4leivos.<\/p>\n<p>Oman reseptini nappasin ikisuosikista leivontakirjastani Leila Lindholm: Pala kakkua-ja paljon muuta. Muutaman vuoden vanha kirja, joka on edelleen tosi upea ja josta olen leiponut paljoa kaikkea, mm. ne focacciat. <a rel=\"nofollow\" href=\"https:\/\/www.adlibris.com\/fi\/kirja\/pala-kakkua---ja-paljon-muuta-9789518830729?campaignId=005e8a39-68ee-40f7-be2c-caf1e10b292f\">T\u00e4\u00e4ll\u00e4<\/a> n\u00e4ytt\u00e4\u00e4 olevan kirja tosi edullisesti saatavilla. Eik\u00f6h\u00e4n my\u00f6s google l\u00f6yd\u00e4 monta ohjetta Pavlovaan.<\/p>\n<p>Aina kun leivon tai tytt\u00f6 leipoo, mietin ett\u00e4 miksi en tee t\u00e4t\u00e4 useammin. Lopulta se on niin helppoa ja kivaa puuhaa. Isoin ty\u00f6h\u00e4n siin\u00e4 on se, ett\u00e4 ennen kauppaa miettii ett\u00e4 mit\u00e4 leipoo ja ostaa ainekset. Min\u00e4 ennen ennen lapsia p\u00e4\u00e4tin ett\u00e4 musta tulee pullantuoksuinen \u00e4iti, niin kuin oma \u00e4itini oli. Kummasti vain leipomiset ym on j\u00e4\u00e4nyt ja yritt\u00e4jyys vienyt senkin ajan. Mukamas. Eik\u00e4 syksyn t\u00f6ihin meno ainakaan auta asiaa.<\/p>\n<p>Niin tai n\u00e4in, kiva ett\u00e4 edes joskus tulee leivottua, ja t\u00e4t\u00e4 ainakin teemme my\u00f6s toiste.<\/p>\n<p>T\u00e4n\u00e4\u00e4n mulla alkaakin taas loman j\u00e4lkeen ty\u00f6t, mutta ihan kivasti sain juhannuksena lev\u00e4tty\u00e4. P\u00e4\u00e4tin my\u00f6s pit\u00e4\u00e4 kunnolla kaksi viikkoa putkeen lomaa t\u00e4m\u00e4n viikon j\u00e4lkeen. Viel\u00e4 kun siihen on mahdollisuus.<\/p>\n<p>Kivaa viikonjatkoa,<\/p>\n<p>-Henna-<\/p>\n","protected":false},"excerpt":{"rendered":"<p>Meill\u00e4 oli pienet kes\u00e4juhlat eilen. Juhlittiin sit\u00e4 ett\u00e4 meid\u00e4n hoitotytt\u00f6 on ollut&hellip;<\/p>\n","protected":false},"author":8,"featured_media":6347,"comment_status":"open","ping_status":"closed","sticky":false,"template":"","format":"standard","meta":{"footnotes":""},"categories":[1],"tags":[],"acf":[],"platta":{"numLikes":0,"numComments":0,"category":"ruoka","themes":["kakut","jalkiruoat"],"commercial_partner":null,"thumbnail":"https:\/\/blogit-cdn.a-lehdet.fi\/uploads\/sites\/4\/2018\/06\/juhlat-kesakuussa1.jpg","blog_id":4},"jetpack_featured_media_url":"https:\/\/blogit-cdn.a-lehdet.fi\/uploads\/sites\/4\/2018\/06\/juhlat-kesakuussa1.jpg","_links":{"self":[{"href":"https:\/\/blogit.meillakotona.fi\/kotiasemalla\/api\/wp\/v2\/posts\/6346"}],"collection":[{"href":"https:\/\/blogit.meillakotona.fi\/kotiasemalla\/api\/wp\/v2\/posts"}],"about":[{"href":"https:\/\/blogit.meillakotona.fi\/kotiasemalla\/api\/wp\/v2\/types\/post"}],"author":[{"embeddable":true,"href":"https:\/\/blogit.meillakotona.fi\/kotiasemalla\/api\/wp\/v2\/users\/8"}],"replies":[{"embeddable":true,"href":"https:\/\/blogit.meillakotona.fi\/kotiasemalla\/api\/wp\/v2\/comments?post=6346"}],"version-history":[{"count":1,"href":"https:\/\/blogit.meillakotona.fi\/kotiasemalla\/api\/wp\/v2\/posts\/6346\/revisions"}],"predecessor-version":[{"id":6352,"href":"https:\/\/blogit.meillakotona.fi\/kotiasemalla\/api\/wp\/v2\/posts\/6346\/revisions\/6352"}],"wp:featuredmedia":[{"embeddable":true,"href":"https:\/\/blogit.meillakotona.fi\/kotiasemalla\/api\/wp\/v2\/media\/6347"}],"wp:attachment":[{"href":"https:\/\/blogit.meillakotona.fi\/kotiasemalla\/api\/wp\/v2\/media?parent=6346"}],"wp:term":[{"taxonomy":"category","embeddable":true,"href":"https:\/\/blogit.meillakotona.fi\/kotiasemalla\/api\/wp\/v2\/categories?post=6346"},{"taxonomy":"post_tag","embeddable":true,"href":"https:\/\/blogit.meillakotona.fi\/kotiasemalla\/api\/wp\/v2\/tags?post=6346"}],"curies":[{"name":"wp","href":"https:\/\/api.w.org\/{rel}","templated":true}]}}