{"id":629,"date":"2011-11-20T20:18:00","date_gmt":"2011-11-20T18:18:00","guid":{"rendered":"http:\/\/blogit.meillakotona.fi\/kotiasemalla\/taalla-taas\/"},"modified":"2016-01-14T12:40:54","modified_gmt":"2016-01-14T10:40:54","slug":"taalla-taas","status":"publish","type":"post","link":"https:\/\/blogit.meillakotona.fi\/kotiasemalla\/taalla-taas\/","title":{"rendered":"T\u00e4\u00e4ll\u00e4 taas"},"content":{"rendered":"<div class=\"separator\" style=\"clear: both; text-align: left;\">\n<\/div>\n<div class=\"separator\" style=\"clear: both; text-align: left;\">\nAjattelinkin palata jo nyt.&nbsp;<\/div>\n<div class=\"separator\" style=\"clear: both; text-align: left;\">\nAluksi oli outoa olla ilman blogia, mutta pian huomasin ett\u00e4 tauko teki hyv\u00e4\u00e4. Olin ehk\u00e4 tehnyt itselleni pienen stressin jo blogin kirjoittamisesta, vaikka se ei ole ikin\u00e4 ollut mik\u00e4\u00e4n pakko.&nbsp;<\/div>\n<div class=\"separator\" style=\"clear: both; text-align: left;\">\nOlisin ollut pidemp\u00e4\u00e4nkin poissa, jotenkin vapauttavaa ollut olla pois, ihan kuin olisi ollut lomalla!:D En kuitenkaan voi mitenk\u00e4\u00e4n ohittaa ihanaa joulua, jota olenkin t\u00e4\u00e4ll\u00e4 jo itsekseni fiilistellyt.<\/div>\n<div class=\"separator\" style=\"clear: both; text-align: left;\">\n<\/div>\n<div class=\"separator\" style=\"clear: both; text-align: left;\">\nArvatkaa muutes mik\u00e4 on ollut hassua? Tutut ovat soitelleet nyt enemm\u00e4n ja kyselleet kuulumisia, koska ei ole ollut blogia mist\u00e4 niit\u00e4 lukea!:D Hassua etten itse n\u00e4e heid\u00e4n el\u00e4m\u00e4\u00e4 samanlailla, mutta muut tiet\u00e4v\u00e4t aina mik\u00e4 tilanne meill\u00e4 on, ainakin osittain. No, nyt rakkaat kuulette t\u00e4\u00e4lt\u00e4 taas!:)<\/div>\n<div class=\"separator\" style=\"clear: both; text-align: left;\">\n<\/div>\n<div class=\"separator\" style=\"clear: both; text-align: left;\">\nNyt asiaan&#8230;.<\/div>\n<div class=\"separator\" style=\"clear: both; text-align: left;\">\nAjattelin nyt ennen jouluh\u00f6mp\u00f6tyksi\u00e4 p\u00e4ivitt\u00e4\u00e4 meid\u00e4n remppatilanteen, se kun ehk\u00e4 kiinnostaa lukijoita eniten, ainakin tekem\u00e4ni kyselyn perusteella.<\/div>\n<div class=\"separator\" style=\"clear: both; text-align: left;\">\nKeitti\u00f6 on viel\u00e4 samassa vaiheessa, tosin eilen totesimme ett\u00e4 olemme sittenkin aikataulussa. Katon rapsuttelu etenee loppusuoralla, ja eilen aloitin siel\u00e4 lattian rapsuttelun. Meill\u00e4 on viel\u00e4 melkein 2 kk aikaa kasata Ikean kaapistot ennen kuin vaihto-oikeus umpeutuu. Luulimme ett\u00e4 aikaa on paljon v\u00e4hemm\u00e4n, mutta eip\u00e4s ollutkaan.<\/div>\n<div class=\"separator\" style=\"clear: both; text-align: left;\">\nLastenhuone alkaa jo olemaan melko loppusuoralla. Lattia on valmis ja ihana. Viimeksi t\u00e4\u00e4ll\u00e4 hehkutin lattiaa, mutta tuon ensimm\u00e4isen kerroksen kuivuttua iski paniikki. Lattia oli aivan raidallinen kiiltoerojen takia,(lattiassa niin suuressa osassa tasoitetta joka kiilsi erilailla) aivan liian kolhuilla ja ei kiilt\u00e4nyt yht\u00e4\u00e4n vaikka olisin halunnut&#8230;.Vietin pitk\u00e4n tovin netiss\u00e4 selvitellen josko maaliin saisi kiiltoa, esim venelakkaa maalin sekaan. Lopulta toisen maalauskerran j\u00e4lkeen totesin ett\u00e4 ehk\u00e4 t\u00e4st\u00e4 ihan hyv\u00e4 tulee, ja nyt kolmannen kerroksen j\u00e4lkeen lattia on oikein ihana! Ei superkiilt\u00e4v\u00e4 ja edelleen kolhuinen, mutta kolhuja saikin j\u00e4\u00e4d\u00e4 ja ehk\u00e4 kolhut ei n\u00e4y niin hyvin kun lattia ei ole niin kiilt\u00e4v\u00e4?&nbsp;<\/div>\n<div class=\"separator\" style=\"clear: both; text-align: left;\">\nJoka tapauksessa, tunnen suurta ylpeytt\u00e4 tepastellessani lattialla sukkasilleen: &#8220;Min\u00e4 tein t\u00e4m\u00e4n&#8221;.:)<\/div>\n<div class=\"separator\" style=\"clear: both; text-align: center;\">\n<\/div>\n<div class=\"separator\" style=\"clear: both; text-align: center;\">\n<\/div>\n<div class=\"separator\" style=\"clear: both; text-align: center;\">\n<\/div>\n<div class=\"separator\" style=\"clear: both; text-align: center;\">\n<a rel=\"nofollow\" href=\"http:\/\/2.bp.blogspot.com\/-7GJmt04pR9A\/TslgctI8V3I\/AAAAAAAACSE\/ISb-bd58Xm4\/s1600\/lh+paneelit+maalattu+kerran2.JPG\" imageanchor=\"1\" style=\"clear: right; float: right; margin-bottom: 1em; margin-left: 1em;\"><img decoding=\"async\" loading=\"lazy\" border=\"0\" height=\"400\" src=\"https:\/\/a-lehdet-blogs.s3.eu-central-1.amazonaws.com\/uploads\/sites\/4\/2011\/11\/lh-paneelit-maalattu-kerran2.jpg\" width=\"272\" \/><\/a><a rel=\"nofollow\" href=\"http:\/\/3.bp.blogspot.com\/-v7v1URSclRM\/TslgX1_gQ_I\/AAAAAAAACR8\/FfJkpJb33jw\/s1600\/lh+paneelit+maalattu+kerran.JPG\" imageanchor=\"1\" style=\"margin-left: 1em; margin-right: 1em;\"><img decoding=\"async\" loading=\"lazy\" border=\"0\" height=\"400\" src=\"https:\/\/a-lehdet-blogs.s3.eu-central-1.amazonaws.com\/uploads\/sites\/4\/2011\/11\/lh-paneelit-maalattu-kerran.jpg\" width=\"272\" \/><\/a><\/div>\n<p>\n&nbsp;T\u00e4n\u00e4\u00e4n miehen yst\u00e4v\u00e4, ammatti-ihminen, ja ahkera ja hyv\u00e4 sellainen, oli ihana ja k\u00e4vi auttamassa. Tuosta noin vaan l\u00e4iski paneelia sein\u00e4\u00e4n, jes! Koko huonetta ei ole viel\u00e4 paneloitu koska ikkunan alla paneelin taakse pit\u00e4\u00e4 vet\u00e4\u00e4 s\u00e4hk\u00f6johdot ja siin\u00e4 tarvitsemme apua.<br \/>\nK\u00e4vin my\u00f6s jo testaamassa maalia paneeliin. P\u00e4\u00e4dyimme Uulan Into-maaliin, s\u00e4vy Purjo. Myyj\u00e4 varoitti ett\u00e4 Into saattaa v\u00e4h\u00e4n muuttaa maalin s\u00e4vy\u00e4, mutta nyt pikkiriikkisen pelottaa, kuvittelin ett\u00e4 muutos on hyvin pieni&#8230; Ensin olin ett\u00e4 jes, t\u00e4st\u00e4 ei tullut mit\u00e4 piti, vihre\u00e4nharmaata, mutta samaa s\u00e4vy\u00e4 kuin ovenpielet, lattialistat, ovet ym ja ajattelin ett\u00e4 ihan kiva itseasiassa! Mutta kun v\u00e4ri kuivui niin hui&#8230;sininen&#8230;kamala sininen&#8230;<br \/>\nUskon kyll\u00e4 ett\u00e4 t\u00e4m\u00e4 muuttuu, nyt maalasin hyvin ohuen kerroksen joten v\u00e4ri n\u00e4ytt\u00e4\u00e4 v\u00e4\u00e4r\u00e4lt\u00e4. Hyv\u00e4 t\u00e4st\u00e4 viel\u00e4 tulee! Kai&#8230;<\/p>\n<p><\/p>\n<div class=\"separator\" style=\"clear: both; text-align: center;\">\n<a rel=\"nofollow\" href=\"http:\/\/4.bp.blogspot.com\/-DKog9OJ9lLA\/Tslgjn0I36I\/AAAAAAAACSU\/wfTigxFxFXw\/s1600\/lh+paneelit+maalattu+kerran4.JPG\" imageanchor=\"1\" style=\"clear: right; float: right; margin-bottom: 1em; margin-left: 1em;\"><img decoding=\"async\" loading=\"lazy\" border=\"0\" height=\"400\" src=\"https:\/\/a-lehdet-blogs.s3.eu-central-1.amazonaws.com\/uploads\/sites\/4\/2011\/11\/lh-paneelit-maalattu-kerran4.jpg\" width=\"272\" \/><\/a><a rel=\"nofollow\" href=\"http:\/\/4.bp.blogspot.com\/-Ze5OB6co9Io\/TslggYtIufI\/AAAAAAAACSM\/ELBIbAEl3t4\/s1600\/lh+paneelit+maalattu+kerran3.JPG\" imageanchor=\"1\" style=\"margin-left: 1em; margin-right: 1em;\"><img decoding=\"async\" loading=\"lazy\" border=\"0\" height=\"400\" src=\"https:\/\/a-lehdet-blogs.s3.eu-central-1.amazonaws.com\/uploads\/sites\/4\/2011\/11\/lh-paneelit-maalattu-kerran3.jpg\" width=\"272\" \/><\/a><\/div>\n<p>\nTuohon tulee viel\u00e4 yksi helmipaneeli yl\u00e4reunaan poikittain, ja sen ylle koristeellinen ja syv\u00e4 lista, jonka maalaan ehk\u00e4 valkoiseksi. V\u00e4ri\u00e4 tosin pit\u00e4\u00e4 viel\u00e4 harkita.<br \/>\nTuohon koloon tulee kaakelia, ehk\u00e4 sekin valkoista ja kapea Ikean valkoinen allas.<\/p>\n<p>V\u00e4h\u00e4n h\u00f6hl\u00e4\u00e4 n\u00e4ytt\u00e4\u00e4 n\u00e4it\u00e4 kuvia kun tuo s\u00e4vy n\u00e4ytt\u00e4\u00e4 niin h\u00f6lm\u00f6lt\u00e4 nyt, mutta t\u00e4m\u00e4 on nyt tilanne kuitenkin.<br \/>\nLattia saa rauhassa kuivua kuukauden, mit\u00e4\u00e4n pysyv\u00e4\u00e4 emme vie lattialle ennen sit\u00e4, ettei vaan tule j\u00e4lki\u00e4, mutta kyll\u00e4, t\u00e4m\u00e4 alkaa kohta olemaan loppusuoralla.<br \/>\nJee!:)<\/p>\n<p>Huomaan ett\u00e4 olen taas saanut remppakipin\u00e4n, joka sekin v\u00e4h\u00e4n katosi tuossa v\u00e4liss\u00e4&#8230;<\/p>\n<p>-Henna-<\/p>\n<p>Ps. Pahoittelen pitk\u00e4\u00e4 teksti\u00e4, mutta juttua riitt\u00e4\u00e4 tauon j\u00e4lkeen!:D<\/p>\n","protected":false},"excerpt":{"rendered":"<p>Ajattelinkin palata jo nyt.&nbsp; Aluksi oli outoa olla ilman blogia, mutta pian&hellip;<\/p>\n","protected":false},"author":8,"featured_media":3676,"comment_status":"open","ping_status":"open","sticky":false,"template":"","format":"standard","meta":{"footnotes":""},"categories":[1],"tags":[52,76,142],"acf":[],"platta":{"numLikes":0,"numComments":9,"category":null,"themes":[],"commercial_partner":null,"thumbnail":"https:\/\/blogit-cdn.a-lehdet.fi\/uploads\/sites\/4\/2011\/11\/lh-paneelit-maalattu-kerran2.jpg","blog_id":4},"jetpack_featured_media_url":"https:\/\/blogit-cdn.a-lehdet.fi\/uploads\/sites\/4\/2011\/11\/lh-paneelit-maalattu-kerran2.jpg","_links":{"self":[{"href":"https:\/\/blogit.meillakotona.fi\/kotiasemalla\/api\/wp\/v2\/posts\/629"}],"collection":[{"href":"https:\/\/blogit.meillakotona.fi\/kotiasemalla\/api\/wp\/v2\/posts"}],"about":[{"href":"https:\/\/blogit.meillakotona.fi\/kotiasemalla\/api\/wp\/v2\/types\/post"}],"author":[{"embeddable":true,"href":"https:\/\/blogit.meillakotona.fi\/kotiasemalla\/api\/wp\/v2\/users\/8"}],"replies":[{"embeddable":true,"href":"https:\/\/blogit.meillakotona.fi\/kotiasemalla\/api\/wp\/v2\/comments?post=629"}],"version-history":[{"count":1,"href":"https:\/\/blogit.meillakotona.fi\/kotiasemalla\/api\/wp\/v2\/posts\/629\/revisions"}],"predecessor-version":[{"id":3680,"href":"https:\/\/blogit.meillakotona.fi\/kotiasemalla\/api\/wp\/v2\/posts\/629\/revisions\/3680"}],"wp:featuredmedia":[{"embeddable":true,"href":"https:\/\/blogit.meillakotona.fi\/kotiasemalla\/api\/wp\/v2\/media\/3676"}],"wp:attachment":[{"href":"https:\/\/blogit.meillakotona.fi\/kotiasemalla\/api\/wp\/v2\/media?parent=629"}],"wp:term":[{"taxonomy":"category","embeddable":true,"href":"https:\/\/blogit.meillakotona.fi\/kotiasemalla\/api\/wp\/v2\/categories?post=629"},{"taxonomy":"post_tag","embeddable":true,"href":"https:\/\/blogit.meillakotona.fi\/kotiasemalla\/api\/wp\/v2\/tags?post=629"}],"curies":[{"name":"wp","href":"https:\/\/api.w.org\/{rel}","templated":true}]}}