{"id":516,"date":"2012-08-06T17:12:00","date_gmt":"2012-08-06T14:12:00","guid":{"rendered":"http:\/\/blogit.meillakotona.fi\/kotiasemalla\/roosa-lattia\/"},"modified":"2016-01-14T12:40:23","modified_gmt":"2016-01-14T10:40:23","slug":"roosa-lattia","status":"publish","type":"post","link":"https:\/\/blogit.meillakotona.fi\/kotiasemalla\/roosa-lattia\/","title":{"rendered":"Roosa lattia"},"content":{"rendered":"<div class=\"separator\" style=\"clear: both; text-align: center;\">\n<\/div>\n<div class=\"separator\" style=\"clear: both; text-align: center;\">\n<a rel=\"nofollow\" href=\"http:\/\/1.bp.blogspot.com\/-V75g01PADPw\/UB_2emEKhOI\/AAAAAAAADIY\/IwY36DbSyN0\/s1600\/olohuoneesta+keitti%C3%B6%C3%B6n.JPG\" imageanchor=\"1\" style=\"margin-left: 1em; margin-right: 1em;\"><img decoding=\"async\" loading=\"lazy\" border=\"0\" height=\"640\" src=\"https:\/\/a-lehdet-blogs.s3.eu-central-1.amazonaws.com\/uploads\/sites\/4\/2012\/08\/olohuoneesta-keitti%C3%B6%C3%B6n.jpg\" width=\"428\" \/><\/a><\/div>\n<div class=\"separator\" style=\"clear: both; text-align: center;\">\n<\/div>\n<div class=\"separator\" style=\"clear: both; text-align: left;\">\nNyt on sitten rosa lattia meid\u00e4n olohuoneessa! Oikein kiilt\u00e4v\u00e4, ei niin tasainen mutta mun mielest\u00e4 oikein kaunis lattia. (T\u00e4m\u00e4 kuva ihanasti valehtelee ett\u00e4 olisi muka tasainen)<\/div>\n<div class=\"separator\" style=\"clear: both; text-align: center;\">\n<\/div>\n<div class=\"separator\" style=\"clear: both; text-align: center;\">\n<a rel=\"nofollow\" href=\"http:\/\/2.bp.blogspot.com\/-xAw6QpJa4hg\/UB_2aQTsJnI\/AAAAAAAADIQ\/ouSMfreKAnA\/s1600\/lastenhuoneesta+keitti%C3%B6%C3%B6n.JPG\" imageanchor=\"1\" style=\"margin-left: 1em; margin-right: 1em;\"><img decoding=\"async\" loading=\"lazy\" border=\"0\" height=\"640\" src=\"https:\/\/a-lehdet-blogs.s3.eu-central-1.amazonaws.com\/uploads\/sites\/4\/2012\/08\/lastenhuoneesta-keitti%C3%B6%C3%B6n.jpg\" width=\"428\" \/><\/a><\/div>\n<div class=\"separator\" style=\"clear: both; text-align: left;\">\n<\/div>\n<div class=\"separator\" style=\"clear: both; text-align: left;\">\nYksi ihanin piirre t\u00e4llaisessa vanhassa yksikerroksisessa talossa, on n\u00e4m\u00e4 n\u00e4kym\u00e4t monen huoneen l\u00e4pi.:)&nbsp;<\/div>\n<div class=\"separator\" style=\"clear: both; text-align: left;\">\n<\/div>\n<div class=\"separator\" style=\"clear: both; text-align: left;\">\nLastenhuone on todella pime\u00e4 kun puu on juuri tuossa ikkunan edess\u00e4. Huoneessa on muutenkin vain yksi ikkuna, toisin kuin esim. olkkarissa ja keitti\u00f6ss\u00e4. T\u00e4ss\u00e4kin kuvassa huomaa miten lastenhuone on pime\u00e4 ja muut kylpee valossa vaikka ulkona onkin melko synkk\u00e4\u00e4&#8230;<\/div>\n<div class=\"separator\" style=\"clear: both; text-align: left;\">\n<\/div>\n<div class=\"separator\" style=\"clear: both; text-align: left;\">\nHuomaatteko, keitti\u00f6kin n\u00e4ytt\u00e4\u00e4 jo melkein keitti\u00f6lt\u00e4.:) Pient\u00e4 fiksattavaa viel\u00e4, kuten liesituulettimen s\u00e4hk\u00f6t, listoja, paneeleja v\u00e4h\u00e4n, uunin maalaus ym ym. Lis\u00e4ksi yksi kaappi oli tietenkin v\u00e4\u00e4r\u00e4, ja joudutaan TAAS menn\u00e4 Ikeaan sit\u00e4 vaihtamaan&#8230;(Se kun on niin kivaa kun saat kiert\u00e4\u00e4 koko penteleen puodin yhden tavaranvaihdon takia&#8230;)<\/div>\n<div class=\"separator\" style=\"clear: both; text-align: left;\">\n<\/div>\n<div class=\"separator\" style=\"clear: both; text-align: left;\">\nN\u00e4m\u00e4 kolme huonetta ovat siis viel\u00e4 kesken mutta periaatteessa asumiskunnossa. N\u00e4ihin kolmeen keskener\u00e4iseen huoneeseen muutetaan todenn\u00e4k\u00f6isesti muutaman viikon sis\u00e4\u00e4n.:D Niin j\u00e4nn\u00e4\u00e4, ihanaa, pelottavaa, raskasta ja hullua samaan aikaan!:D<\/div>\n<div class=\"separator\" style=\"clear: both; text-align: left;\">\n<\/div>\n<div class=\"separator\" style=\"clear: both; text-align: left;\">\n-Henna-<\/div>\n<div class=\"separator\" style=\"clear: both; text-align: center;\">\n<\/div>\n","protected":false},"excerpt":{"rendered":"<p>Nyt on sitten rosa lattia meid\u00e4n olohuoneessa! Oikein kiilt\u00e4v\u00e4, ei niin tasainen&hellip;<\/p>\n","protected":false},"author":8,"featured_media":3265,"comment_status":"open","ping_status":"open","sticky":false,"template":"","format":"standard","meta":{"footnotes":""},"categories":[1],"tags":[65,76],"acf":[],"platta":{"numLikes":0,"numComments":16,"category":null,"themes":[],"commercial_partner":null,"thumbnail":"https:\/\/blogit-cdn.a-lehdet.fi\/uploads\/sites\/4\/2012\/08\/olohuoneesta-keitti\u00f6\u00f6n.jpg","blog_id":4},"jetpack_featured_media_url":"https:\/\/blogit-cdn.a-lehdet.fi\/uploads\/sites\/4\/2012\/08\/olohuoneesta-keitti\u00f6\u00f6n.jpg","_links":{"self":[{"href":"https:\/\/blogit.meillakotona.fi\/kotiasemalla\/api\/wp\/v2\/posts\/516"}],"collection":[{"href":"https:\/\/blogit.meillakotona.fi\/kotiasemalla\/api\/wp\/v2\/posts"}],"about":[{"href":"https:\/\/blogit.meillakotona.fi\/kotiasemalla\/api\/wp\/v2\/types\/post"}],"author":[{"embeddable":true,"href":"https:\/\/blogit.meillakotona.fi\/kotiasemalla\/api\/wp\/v2\/users\/8"}],"replies":[{"embeddable":true,"href":"https:\/\/blogit.meillakotona.fi\/kotiasemalla\/api\/wp\/v2\/comments?post=516"}],"version-history":[{"count":1,"href":"https:\/\/blogit.meillakotona.fi\/kotiasemalla\/api\/wp\/v2\/posts\/516\/revisions"}],"predecessor-version":[{"id":3267,"href":"https:\/\/blogit.meillakotona.fi\/kotiasemalla\/api\/wp\/v2\/posts\/516\/revisions\/3267"}],"wp:featuredmedia":[{"embeddable":true,"href":"https:\/\/blogit.meillakotona.fi\/kotiasemalla\/api\/wp\/v2\/media\/3265"}],"wp:attachment":[{"href":"https:\/\/blogit.meillakotona.fi\/kotiasemalla\/api\/wp\/v2\/media?parent=516"}],"wp:term":[{"taxonomy":"category","embeddable":true,"href":"https:\/\/blogit.meillakotona.fi\/kotiasemalla\/api\/wp\/v2\/categories?post=516"},{"taxonomy":"post_tag","embeddable":true,"href":"https:\/\/blogit.meillakotona.fi\/kotiasemalla\/api\/wp\/v2\/tags?post=516"}],"curies":[{"name":"wp","href":"https:\/\/api.w.org\/{rel}","templated":true}]}}