{"id":4894,"date":"2016-07-08T15:04:45","date_gmt":"2016-07-08T12:04:45","guid":{"rendered":"http:\/\/blogit.meillakotona.fi\/kotiasemalla\/?p=4894"},"modified":"2016-07-08T15:07:05","modified_gmt":"2016-07-08T12:07:05","slug":"oman-kaupan-valmisteluja","status":"publish","type":"post","link":"https:\/\/blogit.meillakotona.fi\/kotiasemalla\/oman-kaupan-valmisteluja\/","title":{"rendered":"Oman kaupan valmisteluja"},"content":{"rendered":"<p><a rel=\"nofollow\" href=\"https:\/\/a-lehdet-blogs.s3.eu-central-1.amazonaws.com\/uploads\/sites\/4\/2016\/07\/muutos-puodiksi1.jpg\"><img decoding=\"async\" loading=\"lazy\" class=\"aligncenter size-full wp-image-4895\" src=\"https:\/\/a-lehdet-blogs.s3.eu-central-1.amazonaws.com\/uploads\/sites\/4\/2016\/07\/muutos-puodiksi1.jpg\" alt=\"\" width=\"900\" height=\"1200\" srcset=\"https:\/\/blogit-cdn.a-lehdet.fi\/uploads\/sites\/4\/2016\/07\/muutos-puodiksi1.jpg 900w, https:\/\/blogit-cdn.a-lehdet.fi\/uploads\/sites\/4\/2016\/07\/muutos-puodiksi1-225x300.jpg 225w, https:\/\/blogit-cdn.a-lehdet.fi\/uploads\/sites\/4\/2016\/07\/muutos-puodiksi1-768x1024.jpg 768w\" sizes=\"(max-width: 900px) 100vw, 900px\" \/><\/a> <a rel=\"nofollow\" href=\"https:\/\/a-lehdet-blogs.s3.eu-central-1.amazonaws.com\/uploads\/sites\/4\/2016\/07\/muutos-puodiksi2.jpg\"><img decoding=\"async\" loading=\"lazy\" class=\"aligncenter size-full wp-image-4896\" src=\"https:\/\/a-lehdet-blogs.s3.eu-central-1.amazonaws.com\/uploads\/sites\/4\/2016\/07\/muutos-puodiksi2.jpg\" alt=\"\" width=\"900\" height=\"1200\" srcset=\"https:\/\/blogit-cdn.a-lehdet.fi\/uploads\/sites\/4\/2016\/07\/muutos-puodiksi2.jpg 900w, https:\/\/blogit-cdn.a-lehdet.fi\/uploads\/sites\/4\/2016\/07\/muutos-puodiksi2-225x300.jpg 225w, https:\/\/blogit-cdn.a-lehdet.fi\/uploads\/sites\/4\/2016\/07\/muutos-puodiksi2-768x1024.jpg 768w\" sizes=\"(max-width: 900px) 100vw, 900px\" \/><\/a> <a rel=\"nofollow\" href=\"https:\/\/a-lehdet-blogs.s3.eu-central-1.amazonaws.com\/uploads\/sites\/4\/2016\/07\/muutos-puodiksi3.jpg\"><img decoding=\"async\" loading=\"lazy\" class=\"aligncenter size-full wp-image-4897\" src=\"https:\/\/a-lehdet-blogs.s3.eu-central-1.amazonaws.com\/uploads\/sites\/4\/2016\/07\/muutos-puodiksi3.jpg\" alt=\"\" width=\"900\" height=\"1289\" srcset=\"https:\/\/blogit-cdn.a-lehdet.fi\/uploads\/sites\/4\/2016\/07\/muutos-puodiksi3.jpg 900w, https:\/\/blogit-cdn.a-lehdet.fi\/uploads\/sites\/4\/2016\/07\/muutos-puodiksi3-209x300.jpg 209w, https:\/\/blogit-cdn.a-lehdet.fi\/uploads\/sites\/4\/2016\/07\/muutos-puodiksi3-768x1100.jpg 768w, https:\/\/blogit-cdn.a-lehdet.fi\/uploads\/sites\/4\/2016\/07\/muutos-puodiksi3-715x1024.jpg 715w\" sizes=\"(max-width: 900px) 100vw, 900px\" \/><\/a><\/p>\n<p>M\u00e4 olen taas hyv\u00e4ll\u00e4 tavalla ihan kierroksilla. Viimeiset p\u00e4iv\u00e4t aikaa valmistella oman nettikaupan asioita ennen avaamista. T\u00e4ytyy sanoa jo nyt, ett\u00e4 eih\u00e4n t\u00e4m\u00e4 mene niinkuin str\u00f6ms\u00f6ss\u00e4. Hiukan ongelmia saada sopimuksia postin ja maksupalvelujen kanssa. Eli voipi olla ett\u00e4 niiden osalta on alkuun v\u00e4h\u00e4n s\u00e4\u00e4t\u00f6\u00e4, mutta m\u00e4 nyt kuitenkin avaan. Katsotaan sitten miten sujuu. Olen ainakin saanut jo nyt ison opetuksen siit\u00e4 miten nettikaupan avaaminen ei ole ihan helppo juttu. Se vie paljon aikaa, asioita pit\u00e4\u00e4 selvitell\u00e4 tuhannesta eri suunnasta ja kaikki tieto ei tosiaan ole ihan helppoa heti l\u00f6yt\u00e4\u00e4. Kaikesta kuitenkin oppii eik\u00e4 mik\u00e4\u00e4n voi koskaan tulla itsest\u00e4\u00e4n.<a rel=\"nofollow\" href=\"https:\/\/a-lehdet-blogs.s3.eu-central-1.amazonaws.com\/uploads\/sites\/4\/2016\/07\/muutos-puodiksi4.jpg\"><img decoding=\"async\" loading=\"lazy\" class=\"aligncenter size-full wp-image-4898\" src=\"https:\/\/a-lehdet-blogs.s3.eu-central-1.amazonaws.com\/uploads\/sites\/4\/2016\/07\/muutos-puodiksi4.jpg\" alt=\"\" width=\"900\" height=\"1200\" srcset=\"https:\/\/blogit-cdn.a-lehdet.fi\/uploads\/sites\/4\/2016\/07\/muutos-puodiksi4.jpg 900w, https:\/\/blogit-cdn.a-lehdet.fi\/uploads\/sites\/4\/2016\/07\/muutos-puodiksi4-225x300.jpg 225w, https:\/\/blogit-cdn.a-lehdet.fi\/uploads\/sites\/4\/2016\/07\/muutos-puodiksi4-768x1024.jpg 768w\" sizes=\"(max-width: 900px) 100vw, 900px\" \/><\/a> <a rel=\"nofollow\" href=\"https:\/\/a-lehdet-blogs.s3.eu-central-1.amazonaws.com\/uploads\/sites\/4\/2016\/07\/muutos-puodiksi5.jpg\"><img decoding=\"async\" loading=\"lazy\" class=\"aligncenter size-full wp-image-4899\" src=\"https:\/\/a-lehdet-blogs.s3.eu-central-1.amazonaws.com\/uploads\/sites\/4\/2016\/07\/muutos-puodiksi5.jpg\" alt=\"\" width=\"900\" height=\"1200\" srcset=\"https:\/\/blogit-cdn.a-lehdet.fi\/uploads\/sites\/4\/2016\/07\/muutos-puodiksi5.jpg 900w, https:\/\/blogit-cdn.a-lehdet.fi\/uploads\/sites\/4\/2016\/07\/muutos-puodiksi5-225x300.jpg 225w, https:\/\/blogit-cdn.a-lehdet.fi\/uploads\/sites\/4\/2016\/07\/muutos-puodiksi5-768x1024.jpg 768w\" sizes=\"(max-width: 900px) 100vw, 900px\" \/><\/a> <a rel=\"nofollow\" href=\"https:\/\/a-lehdet-blogs.s3.eu-central-1.amazonaws.com\/uploads\/sites\/4\/2016\/07\/muutos-puodiksi6.jpg\"><img decoding=\"async\" loading=\"lazy\" class=\"aligncenter size-full wp-image-4900\" src=\"https:\/\/a-lehdet-blogs.s3.eu-central-1.amazonaws.com\/uploads\/sites\/4\/2016\/07\/muutos-puodiksi6.jpg\" alt=\"\" width=\"900\" height=\"1157\" srcset=\"https:\/\/blogit-cdn.a-lehdet.fi\/uploads\/sites\/4\/2016\/07\/muutos-puodiksi6.jpg 900w, https:\/\/blogit-cdn.a-lehdet.fi\/uploads\/sites\/4\/2016\/07\/muutos-puodiksi6-233x300.jpg 233w, https:\/\/blogit-cdn.a-lehdet.fi\/uploads\/sites\/4\/2016\/07\/muutos-puodiksi6-768x987.jpg 768w, https:\/\/blogit-cdn.a-lehdet.fi\/uploads\/sites\/4\/2016\/07\/muutos-puodiksi6-797x1024.jpg 797w\" sizes=\"(max-width: 900px) 100vw, 900px\" \/><\/a><\/p>\n<p>Kaupan tuotteet on kuitenkin hyllytetty, ty\u00f6huone siivottu ja j\u00e4rjestetty uusiksi. Kaapit pursuaa pakkauspusseja, laatikoita ja muuta pakkausmateriaalia. Ideahan on, ett\u00e4 tuotteita saa hakea meilt\u00e4 my\u00f6s paikan p\u00e4\u00e4lt\u00e4. Koska meill\u00e4 ei kuitenkaan ole suoranaisia liiketiloja, sai ty\u00f6huone kokea pient\u00e4 muutosta. Nyt on kaupan tavarat ja kaikki omat askartelu-ja k\u00e4sity\u00f6romppeet samassa huoneessa sulassa sovussa. Hiukan mietitytt\u00e4\u00e4 ett\u00e4 onko mun omat tavarat liikaa esill\u00e4, kuinka t\u00e4ss\u00e4 kuuluisi oikein asiat hoitaa. Toisaalta luotan ett\u00e4 asiakkaat ymm\u00e4rt\u00e4\u00e4 ett\u00e4 t\u00e4m\u00e4 on meid\u00e4n koti. Kotona on lapset, el\u00e4imet, omat tavarat ja keng\u00e4t pit\u00e4\u00e4 ottaa ovella pois. Toisaalta, haittaako se? Saapahan asiakas omanlaisen ostoskokemuksen.<\/p>\n<p>Hiukan tekee tiukkaa pit\u00e4\u00e4 omat n\u00e4ppins\u00e4 erossa tuotteista. Toki jotain olen itsellenikin ottanut. Yksi suosikeistani on Marokkolainen k\u00e4sintehty huivi, joka vilahtaa tuossa kuvassa. Niin ihanan pehme\u00e4, super iso ja laadukas huivi. Olen niiiin iloinen ett\u00e4 l\u00f6ysin sen kauppaani! (Mulla on muuten tukka lyhentynyt. Er\u00e4s ilta leikkasin sen tuosta noin vaan, ja tykk\u00e4\u00e4n ihan hirve\u00e4sti! Vaikka se ei edes mene kokonaan kiinni.)<a rel=\"nofollow\" href=\"https:\/\/a-lehdet-blogs.s3.eu-central-1.amazonaws.com\/uploads\/sites\/4\/2016\/07\/muutos-puodiksi9.jpg\"><img decoding=\"async\" loading=\"lazy\" class=\"aligncenter size-full wp-image-4901\" src=\"https:\/\/a-lehdet-blogs.s3.eu-central-1.amazonaws.com\/uploads\/sites\/4\/2016\/07\/muutos-puodiksi9.jpg\" alt=\"\" width=\"900\" height=\"1200\" srcset=\"https:\/\/blogit-cdn.a-lehdet.fi\/uploads\/sites\/4\/2016\/07\/muutos-puodiksi9.jpg 900w, https:\/\/blogit-cdn.a-lehdet.fi\/uploads\/sites\/4\/2016\/07\/muutos-puodiksi9-225x300.jpg 225w, https:\/\/blogit-cdn.a-lehdet.fi\/uploads\/sites\/4\/2016\/07\/muutos-puodiksi9-768x1024.jpg 768w\" sizes=\"(max-width: 900px) 100vw, 900px\" \/><\/a> <a rel=\"nofollow\" href=\"https:\/\/a-lehdet-blogs.s3.eu-central-1.amazonaws.com\/uploads\/sites\/4\/2016\/07\/muutos-puodiksi10.jpg\"><img decoding=\"async\" loading=\"lazy\" class=\"aligncenter size-full wp-image-4902\" src=\"https:\/\/a-lehdet-blogs.s3.eu-central-1.amazonaws.com\/uploads\/sites\/4\/2016\/07\/muutos-puodiksi10.jpg\" alt=\"\" width=\"900\" height=\"1200\" srcset=\"https:\/\/blogit-cdn.a-lehdet.fi\/uploads\/sites\/4\/2016\/07\/muutos-puodiksi10.jpg 900w, https:\/\/blogit-cdn.a-lehdet.fi\/uploads\/sites\/4\/2016\/07\/muutos-puodiksi10-225x300.jpg 225w, https:\/\/blogit-cdn.a-lehdet.fi\/uploads\/sites\/4\/2016\/07\/muutos-puodiksi10-768x1024.jpg 768w\" sizes=\"(max-width: 900px) 100vw, 900px\" \/><\/a><\/p>\n<p>Aion panostaa siihen ett\u00e4 asiakkaat saavat kauniin paketin. Tuotekuvatkin ovat p\u00e4\u00e4osin itse ottamiani ja super super kaunis siskoni toimi mallina tuossa er\u00e4s p\u00e4iv\u00e4. En malta odottaa tiistaita kun kauppa aukeaa! Toisaalta, hommaa riitt\u00e4\u00e4 kyll\u00e4 viel\u00e4. Kaikki tuotteet eiv\u00e4t ole viel\u00e4 kaupan sivuilla eli niit\u00e4kin saan edelleen naputella.\u00a0<a rel=\"nofollow\" href=\"https:\/\/a-lehdet-blogs.s3.eu-central-1.amazonaws.com\/uploads\/sites\/4\/2016\/07\/muutos-puodiksi11.jpg\"><img decoding=\"async\" loading=\"lazy\" class=\"aligncenter size-full wp-image-4903\" src=\"https:\/\/a-lehdet-blogs.s3.eu-central-1.amazonaws.com\/uploads\/sites\/4\/2016\/07\/muutos-puodiksi11.jpg\" alt=\"\" width=\"900\" height=\"1200\" srcset=\"https:\/\/blogit-cdn.a-lehdet.fi\/uploads\/sites\/4\/2016\/07\/muutos-puodiksi11.jpg 900w, https:\/\/blogit-cdn.a-lehdet.fi\/uploads\/sites\/4\/2016\/07\/muutos-puodiksi11-225x300.jpg 225w, https:\/\/blogit-cdn.a-lehdet.fi\/uploads\/sites\/4\/2016\/07\/muutos-puodiksi11-768x1024.jpg 768w\" sizes=\"(max-width: 900px) 100vw, 900px\" \/><\/a> <a rel=\"nofollow\" href=\"https:\/\/a-lehdet-blogs.s3.eu-central-1.amazonaws.com\/uploads\/sites\/4\/2016\/07\/muutos-puodiksi12.jpg\"><img decoding=\"async\" loading=\"lazy\" class=\"aligncenter size-full wp-image-4904\" src=\"https:\/\/a-lehdet-blogs.s3.eu-central-1.amazonaws.com\/uploads\/sites\/4\/2016\/07\/muutos-puodiksi12.jpg\" alt=\"\" width=\"900\" height=\"1200\" srcset=\"https:\/\/blogit-cdn.a-lehdet.fi\/uploads\/sites\/4\/2016\/07\/muutos-puodiksi12.jpg 900w, https:\/\/blogit-cdn.a-lehdet.fi\/uploads\/sites\/4\/2016\/07\/muutos-puodiksi12-225x300.jpg 225w, https:\/\/blogit-cdn.a-lehdet.fi\/uploads\/sites\/4\/2016\/07\/muutos-puodiksi12-768x1024.jpg 768w\" sizes=\"(max-width: 900px) 100vw, 900px\" \/><\/a><\/p>\n<p>Huomenna saan kuitenkin kaivattua taukoa n\u00e4ihin hommiin. Me l\u00e4hdet\u00e4\u00e4n yst\u00e4v\u00e4n kanssa Fiskarsin antiikkip\u00e4iville j\u00e4lleen. T\u00e4ll\u00e4 kertaa oikein y\u00f6vyt\u00e4\u00e4n siel\u00e4! Ihanaa kun saa rauhassa ajan kanssa kierrell\u00e4 Fiskarsin ja Billn\u00e4sinkin alueen. Viime vuonna meill\u00e4 oli pieni Nestori mukana. Kerettiin vain tosi nopsaan k\u00e4yd\u00e4 Billn\u00e4sin puolella, ja sielt\u00e4 teimme melkein parhaimmat l\u00f6yd\u00f6t. Ihan suht hyv\u00e4\u00e4 s\u00e4\u00e4t\u00e4kin luvattu, joten oikein ilolla odotan.<\/p>\n<p>Pieni irtiotto kotoakin tekee hyv\u00e4\u00e4, ja kunnon y\u00f6unet&#8230; Ei ole oikein sujunut tuo Nestorin siirto uuteen s\u00e4nkyyn, ja nyt v\u00e4h\u00e4n v\u00e4sytt\u00e4\u00e4&#8230; L\u00e4pp\u00e4ri l\u00e4htee kyll\u00e4 mukaan, tekemist\u00e4 riitt\u00e4\u00e4 siel\u00e4kin.<\/p>\n<p>Ihanaa viikonloppua kaikille, ehk\u00e4 t\u00f6rm\u00e4t\u00e4\u00e4n Fiskarsissa?<\/p>\n<p>-Henna-<\/p>\n","protected":false},"excerpt":{"rendered":"<p>M\u00e4 olen taas hyv\u00e4ll\u00e4 tavalla ihan kierroksilla. Viimeiset p\u00e4iv\u00e4t aikaa valmistella oman&hellip;<\/p>\n","protected":false},"author":8,"featured_media":4899,"comment_status":"open","ping_status":"open","sticky":false,"template":"","format":"standard","meta":{"footnotes":""},"categories":[7,8],"tags":[114,273],"acf":[],"platta":{"numLikes":0,"numComments":5,"category":null,"themes":[],"commercial_partner":null,"thumbnail":"https:\/\/blogit-cdn.a-lehdet.fi\/uploads\/sites\/4\/2016\/07\/muutos-puodiksi5.jpg","blog_id":4},"jetpack_featured_media_url":"https:\/\/blogit-cdn.a-lehdet.fi\/uploads\/sites\/4\/2016\/07\/muutos-puodiksi5.jpg","_links":{"self":[{"href":"https:\/\/blogit.meillakotona.fi\/kotiasemalla\/api\/wp\/v2\/posts\/4894"}],"collection":[{"href":"https:\/\/blogit.meillakotona.fi\/kotiasemalla\/api\/wp\/v2\/posts"}],"about":[{"href":"https:\/\/blogit.meillakotona.fi\/kotiasemalla\/api\/wp\/v2\/types\/post"}],"author":[{"embeddable":true,"href":"https:\/\/blogit.meillakotona.fi\/kotiasemalla\/api\/wp\/v2\/users\/8"}],"replies":[{"embeddable":true,"href":"https:\/\/blogit.meillakotona.fi\/kotiasemalla\/api\/wp\/v2\/comments?post=4894"}],"version-history":[{"count":1,"href":"https:\/\/blogit.meillakotona.fi\/kotiasemalla\/api\/wp\/v2\/posts\/4894\/revisions"}],"predecessor-version":[{"id":4905,"href":"https:\/\/blogit.meillakotona.fi\/kotiasemalla\/api\/wp\/v2\/posts\/4894\/revisions\/4905"}],"wp:featuredmedia":[{"embeddable":true,"href":"https:\/\/blogit.meillakotona.fi\/kotiasemalla\/api\/wp\/v2\/media\/4899"}],"wp:attachment":[{"href":"https:\/\/blogit.meillakotona.fi\/kotiasemalla\/api\/wp\/v2\/media?parent=4894"}],"wp:term":[{"taxonomy":"category","embeddable":true,"href":"https:\/\/blogit.meillakotona.fi\/kotiasemalla\/api\/wp\/v2\/categories?post=4894"},{"taxonomy":"post_tag","embeddable":true,"href":"https:\/\/blogit.meillakotona.fi\/kotiasemalla\/api\/wp\/v2\/tags?post=4894"}],"curies":[{"name":"wp","href":"https:\/\/api.w.org\/{rel}","templated":true}]}}