{"id":4874,"date":"2016-06-27T11:56:42","date_gmt":"2016-06-27T08:56:42","guid":{"rendered":"http:\/\/blogit.meillakotona.fi\/kotiasemalla\/?p=4874"},"modified":"2016-06-27T11:56:42","modified_gmt":"2016-06-27T08:56:42","slug":"miehen-tyohuoneen-taulut","status":"publish","type":"post","link":"https:\/\/blogit.meillakotona.fi\/kotiasemalla\/miehen-tyohuoneen-taulut\/","title":{"rendered":"Miehen ty\u00f6huoneen taulut"},"content":{"rendered":"<p><a rel=\"nofollow\" href=\"https:\/\/a-lehdet-blogs.s3.eu-central-1.amazonaws.com\/uploads\/sites\/4\/2016\/06\/desenio2.jpg\"><img decoding=\"async\" loading=\"lazy\" class=\"aligncenter size-full wp-image-4876\" src=\"https:\/\/a-lehdet-blogs.s3.eu-central-1.amazonaws.com\/uploads\/sites\/4\/2016\/06\/desenio2.jpg\" alt=\"\" width=\"900\" height=\"1200\" srcset=\"https:\/\/blogit-cdn.a-lehdet.fi\/uploads\/sites\/4\/2016\/06\/desenio2.jpg 900w, https:\/\/blogit-cdn.a-lehdet.fi\/uploads\/sites\/4\/2016\/06\/desenio2-225x300.jpg 225w, https:\/\/blogit-cdn.a-lehdet.fi\/uploads\/sites\/4\/2016\/06\/desenio2-768x1024.jpg 768w, https:\/\/blogit-cdn.a-lehdet.fi\/uploads\/sites\/4\/2016\/06\/desenio2-300x400.jpg 300w\" sizes=\"(max-width: 900px) 100vw, 900px\" \/><\/a><\/p>\n<p>*Kaupallinen yhteisty\u00f6: Desenio<\/p>\n<p>Pitk\u00e4st\u00e4 aikaa kuvia miehen ty\u00f6huoneesta. Rehellisesti tosin t\u00e4ytyy sanoa ett\u00e4 n\u00e4m\u00e4 ei ole ihan tuoreita. Tuo huone on j\u00e4lleen niin kaaoksessa ettei siel\u00e4 kuvata kyll\u00e4 mit\u00e4\u00e4n, hyv\u00e4 jos sis\u00e4\u00e4n mahtuu kukaan&#8230; Miehen seuraava urakka onkin siivota se, jotta saadaan Unto-koiran paikka siirretty\u00e4 aulasta sinne. Muutoin huone on kuitenkin ihan samanlainen, aloe verakin on jopa hengiss\u00e4 viel\u00e4, heh!<\/p>\n<p>Ty\u00f6huone on ollut muutaman kuukauden valmis, ja on kyll\u00e4 tosi mahtava. Uskon ett\u00e4 se paranee viel\u00e4 kunhan l\u00f6yd\u00e4n antiikkiliikkeist\u00e4 sun muista lis\u00e4\u00e4 s\u00e4ilytyslaatikoita ja kivoja esineit\u00e4. Kun viimeistelimme remonttia, j\u00e4nnitin hirve\u00e4sti ett\u00e4 miten teen huoneesta viihtyis\u00e4n. Pari kukkaa ja tauluja tarvittaisiin. Onneksi <a rel=\"nofollow\" href=\"http:\/\/desenio.fi\">julistekauppa Desenio<\/a> auttoi j\u00e4lleen. Olen aiemminkin tilannut heilt\u00e4 julisteita, kyseess\u00e4 kun on v\u00e4h\u00e4n erilainen ja trendik\u00e4s julistekauppa. Mulle tulee Deseniosta ehk\u00e4 ensimm\u00e4isen\u00e4 mieleen kaikki kauniit, naiselliset kultaiset tai <a rel=\"nofollow\" href=\"https:\/\/desenio.fi\/fi\/artiklar\/julisteet-ja-printit\/graafiset\/index.html\" target=\"_blank\">graafiset taulut<\/a>. Oikeasti heilt\u00e4 kyll\u00e4 l\u00f6ytyy kuitenkin kaikkea jokaiseen huoneeseen, jopa t\u00e4llaiseen miehekk\u00e4\u00e4seen ja boheemiin huoneeseen.<\/p>\n<p><a rel=\"nofollow\" href=\"https:\/\/a-lehdet-blogs.s3.eu-central-1.amazonaws.com\/uploads\/sites\/4\/2016\/06\/desenio1.jpg\"><img decoding=\"async\" loading=\"lazy\" class=\"aligncenter size-full wp-image-4875\" src=\"https:\/\/a-lehdet-blogs.s3.eu-central-1.amazonaws.com\/uploads\/sites\/4\/2016\/06\/desenio1.jpg\" alt=\"\" width=\"900\" height=\"1200\" srcset=\"https:\/\/blogit-cdn.a-lehdet.fi\/uploads\/sites\/4\/2016\/06\/desenio1.jpg 900w, https:\/\/blogit-cdn.a-lehdet.fi\/uploads\/sites\/4\/2016\/06\/desenio1-225x300.jpg 225w, https:\/\/blogit-cdn.a-lehdet.fi\/uploads\/sites\/4\/2016\/06\/desenio1-768x1024.jpg 768w, https:\/\/blogit-cdn.a-lehdet.fi\/uploads\/sites\/4\/2016\/06\/desenio1-300x400.jpg 300w\" sizes=\"(max-width: 900px) 100vw, 900px\" \/><\/a> <a rel=\"nofollow\" href=\"https:\/\/a-lehdet-blogs.s3.eu-central-1.amazonaws.com\/uploads\/sites\/4\/2016\/06\/valmishuone1.jpg\"><img decoding=\"async\" loading=\"lazy\" class=\"aligncenter size-full wp-image-4877\" src=\"https:\/\/a-lehdet-blogs.s3.eu-central-1.amazonaws.com\/uploads\/sites\/4\/2016\/06\/valmishuone1.jpg\" alt=\"\" width=\"900\" height=\"1200\" srcset=\"https:\/\/blogit-cdn.a-lehdet.fi\/uploads\/sites\/4\/2016\/06\/valmishuone1.jpg 900w, https:\/\/blogit-cdn.a-lehdet.fi\/uploads\/sites\/4\/2016\/06\/valmishuone1-225x300.jpg 225w, https:\/\/blogit-cdn.a-lehdet.fi\/uploads\/sites\/4\/2016\/06\/valmishuone1-768x1024.jpg 768w, https:\/\/blogit-cdn.a-lehdet.fi\/uploads\/sites\/4\/2016\/06\/valmishuone1-300x400.jpg 300w\" sizes=\"(max-width: 900px) 100vw, 900px\" \/><\/a><\/p>\n<p>T\u00e4ll\u00e4 kertaa valitsin meille nuo nyrkkeilyhanskat, pelikortti-aiheen ja <a rel=\"nofollow\" href=\"https:\/\/desenio.fi\/fi\/artiklar\/the-world-affischer.html\" target=\"_blank\">maailmankartan<\/a>. T\u00e4h\u00e4n h\u00e4t\u00e4\u00e4n ei ehditty etsi\u00e4 oikeasti vanhaa maailmankarttaa. Eik\u00e4 sellainen koulukartta tuonne olisi edes mahtunut. Halusin kuitenkin perinteist\u00e4 karttaa kivemmat s\u00e4vyt julisteeseen, ja t\u00e4m\u00e4 onneksi l\u00f6ytyi.<\/p>\n<p>Deseniolta l\u00f6ytyy miehille mm. vintagekuvia viiksekk\u00e4ist\u00e4 miehist\u00e4, kaloista ja muistakin el\u00e4imist\u00e4. Graafiset kuvat sopii my\u00f6s miehille, sek\u00e4 meri- ja luontoaiheet. <a rel=\"nofollow\" href=\"https:\/\/desenio.fi\/fi\/artiklar\/julisteet-ja-printit\/kartat-ja-kaupungit\/index.html\">Kartoistakin<\/a> l\u00f6ytyy todella kivoja ja tyylikk\u00e4it\u00e4 versioita jotka ovat hyvin erilaisia kuin t\u00e4m\u00e4 meid\u00e4n. Moderniin ja simppeliin huoneeseen on erityisen helppo l\u00f6yt\u00e4\u00e4 Deseniolta kuvia.<a rel=\"nofollow\" href=\"https:\/\/a-lehdet-blogs.s3.eu-central-1.amazonaws.com\/uploads\/sites\/4\/2016\/06\/valmishuone6.jpg\"><img decoding=\"async\" loading=\"lazy\" class=\"aligncenter size-full wp-image-4878\" src=\"https:\/\/a-lehdet-blogs.s3.eu-central-1.amazonaws.com\/uploads\/sites\/4\/2016\/06\/valmishuone6.jpg\" alt=\"\" width=\"900\" height=\"675\" srcset=\"https:\/\/blogit-cdn.a-lehdet.fi\/uploads\/sites\/4\/2016\/06\/valmishuone6.jpg 900w, https:\/\/blogit-cdn.a-lehdet.fi\/uploads\/sites\/4\/2016\/06\/valmishuone6-300x225.jpg 300w, https:\/\/blogit-cdn.a-lehdet.fi\/uploads\/sites\/4\/2016\/06\/valmishuone6-768x576.jpg 768w, https:\/\/blogit-cdn.a-lehdet.fi\/uploads\/sites\/4\/2016\/06\/valmishuone6-400x300.jpg 400w\" sizes=\"(max-width: 900px) 100vw, 900px\" \/><\/a> <a rel=\"nofollow\" href=\"https:\/\/a-lehdet-blogs.s3.eu-central-1.amazonaws.com\/uploads\/sites\/4\/2016\/06\/desenio3.jpg\"><img decoding=\"async\" loading=\"lazy\" class=\"aligncenter size-full wp-image-4879\" src=\"https:\/\/a-lehdet-blogs.s3.eu-central-1.amazonaws.com\/uploads\/sites\/4\/2016\/06\/desenio3.jpg\" alt=\"\" width=\"900\" height=\"675\" srcset=\"https:\/\/blogit-cdn.a-lehdet.fi\/uploads\/sites\/4\/2016\/06\/desenio3.jpg 900w, https:\/\/blogit-cdn.a-lehdet.fi\/uploads\/sites\/4\/2016\/06\/desenio3-300x225.jpg 300w, https:\/\/blogit-cdn.a-lehdet.fi\/uploads\/sites\/4\/2016\/06\/desenio3-768x576.jpg 768w, https:\/\/blogit-cdn.a-lehdet.fi\/uploads\/sites\/4\/2016\/06\/desenio3-400x300.jpg 400w\" sizes=\"(max-width: 900px) 100vw, 900px\" \/><\/a><\/p>\n<p>Tosi kiva kollaasi saatiin n\u00e4ist\u00e4 ja Samin vanhoista julisteista. Mielest\u00e4ni paras taulusein\u00e4 onkin sellainen jossa yhdistell\u00e4\u00e4n erilaisia kuvia, uusia ja vanhoja, kunhan niiss\u00e4 on joku punainen lanka joka yhdist\u00e4\u00e4. Samilla on tuolla mm. tuttavan ottama kuva jolla on tunnearvoa sek\u00e4 mun aikoinaan ostama kahvijuliste. Lis\u00e4\u00e4 julisteita ker\u00e4t\u00e4\u00e4n sitten ajan kanssa ja muutama valokuva lapsista t\u00e4ytyisi my\u00f6s teett\u00e4\u00e4.<\/p>\n<p>Kiitos <a rel=\"nofollow\" href=\"https:\/\/desenio.fi\/fi\/artiklar\/julisteet-ja-printit\/index.html\">Desenio<\/a>! Lis\u00e4\u00e4 kuvia ja inspiraatiota Desenion sivuilla <a rel=\"nofollow\" href=\"http:\/\/desenio.fi\">t\u00e4\u00e4ll\u00e4<\/a>.<\/p>\n<p>-Henna-<\/p>\n","protected":false},"excerpt":{"rendered":"<p>*Kaupallinen yhteisty\u00f6: Desenio Pitk\u00e4st\u00e4 aikaa kuvia miehen ty\u00f6huoneesta. Rehellisesti tosin t\u00e4ytyy sanoa&hellip;<\/p>\n","protected":false},"author":8,"featured_media":0,"comment_status":"open","ping_status":"open","sticky":false,"template":"","format":"standard","meta":{"footnotes":""},"categories":[7,8,9],"tags":[188,266,273],"acf":[],"platta":{"numLikes":0,"numComments":0,"category":null,"themes":[],"commercial_partner":null,"thumbnail":"https:\/\/a-lehdet-blogs.s3.eu-central-1.amazonaws.com\/uploads\/sites\/4\/2016\/06\/desenio2.jpg","blog_id":4},"jetpack_featured_media_url":"","_links":{"self":[{"href":"https:\/\/blogit.meillakotona.fi\/kotiasemalla\/api\/wp\/v2\/posts\/4874"}],"collection":[{"href":"https:\/\/blogit.meillakotona.fi\/kotiasemalla\/api\/wp\/v2\/posts"}],"about":[{"href":"https:\/\/blogit.meillakotona.fi\/kotiasemalla\/api\/wp\/v2\/types\/post"}],"author":[{"embeddable":true,"href":"https:\/\/blogit.meillakotona.fi\/kotiasemalla\/api\/wp\/v2\/users\/8"}],"replies":[{"embeddable":true,"href":"https:\/\/blogit.meillakotona.fi\/kotiasemalla\/api\/wp\/v2\/comments?post=4874"}],"version-history":[{"count":1,"href":"https:\/\/blogit.meillakotona.fi\/kotiasemalla\/api\/wp\/v2\/posts\/4874\/revisions"}],"predecessor-version":[{"id":4882,"href":"https:\/\/blogit.meillakotona.fi\/kotiasemalla\/api\/wp\/v2\/posts\/4874\/revisions\/4882"}],"wp:attachment":[{"href":"https:\/\/blogit.meillakotona.fi\/kotiasemalla\/api\/wp\/v2\/media?parent=4874"}],"wp:term":[{"taxonomy":"category","embeddable":true,"href":"https:\/\/blogit.meillakotona.fi\/kotiasemalla\/api\/wp\/v2\/categories?post=4874"},{"taxonomy":"post_tag","embeddable":true,"href":"https:\/\/blogit.meillakotona.fi\/kotiasemalla\/api\/wp\/v2\/tags?post=4874"}],"curies":[{"name":"wp","href":"https:\/\/api.w.org\/{rel}","templated":true}]}}