{"id":4661,"date":"2016-04-20T09:30:13","date_gmt":"2016-04-20T06:30:13","guid":{"rendered":"http:\/\/blogit.meillakotona.fi\/kotiasemalla\/?p=4661"},"modified":"2016-04-19T23:49:24","modified_gmt":"2016-04-19T20:49:24","slug":"tyohuoneessani","status":"publish","type":"post","link":"https:\/\/blogit.meillakotona.fi\/kotiasemalla\/tyohuoneessani\/","title":{"rendered":"Ty\u00f6huoneessani"},"content":{"rendered":"<p><a rel=\"nofollow\" href=\"https:\/\/a-lehdet-blogs.s3.eu-central-1.amazonaws.com\/uploads\/sites\/4\/2016\/04\/tyohuone-huhtikuu16-1.jpg\"><img decoding=\"async\" loading=\"lazy\" class=\"aligncenter size-full wp-image-4662\" src=\"https:\/\/a-lehdet-blogs.s3.eu-central-1.amazonaws.com\/uploads\/sites\/4\/2016\/04\/tyohuone-huhtikuu16-1.jpg\" alt=\"\" width=\"900\" height=\"1200\" srcset=\"https:\/\/blogit-cdn.a-lehdet.fi\/uploads\/sites\/4\/2016\/04\/tyohuone-huhtikuu16-1.jpg 900w, https:\/\/blogit-cdn.a-lehdet.fi\/uploads\/sites\/4\/2016\/04\/tyohuone-huhtikuu16-1-225x300.jpg 225w, https:\/\/blogit-cdn.a-lehdet.fi\/uploads\/sites\/4\/2016\/04\/tyohuone-huhtikuu16-1-768x1024.jpg 768w, https:\/\/blogit-cdn.a-lehdet.fi\/uploads\/sites\/4\/2016\/04\/tyohuone-huhtikuu16-1-300x400.jpg 300w\" sizes=\"(max-width: 900px) 100vw, 900px\" \/><\/a> <a rel=\"nofollow\" href=\"https:\/\/a-lehdet-blogs.s3.eu-central-1.amazonaws.com\/uploads\/sites\/4\/2016\/04\/tyohuone-huhtikuu16-2.jpg\"><img decoding=\"async\" loading=\"lazy\" class=\"aligncenter size-full wp-image-4663\" src=\"https:\/\/a-lehdet-blogs.s3.eu-central-1.amazonaws.com\/uploads\/sites\/4\/2016\/04\/tyohuone-huhtikuu16-2.jpg\" alt=\"\" width=\"900\" height=\"1200\" srcset=\"https:\/\/blogit-cdn.a-lehdet.fi\/uploads\/sites\/4\/2016\/04\/tyohuone-huhtikuu16-2.jpg 900w, https:\/\/blogit-cdn.a-lehdet.fi\/uploads\/sites\/4\/2016\/04\/tyohuone-huhtikuu16-2-225x300.jpg 225w, https:\/\/blogit-cdn.a-lehdet.fi\/uploads\/sites\/4\/2016\/04\/tyohuone-huhtikuu16-2-768x1024.jpg 768w, https:\/\/blogit-cdn.a-lehdet.fi\/uploads\/sites\/4\/2016\/04\/tyohuone-huhtikuu16-2-300x400.jpg 300w\" sizes=\"(max-width: 900px) 100vw, 900px\" \/><\/a> <a rel=\"nofollow\" href=\"https:\/\/a-lehdet-blogs.s3.eu-central-1.amazonaws.com\/uploads\/sites\/4\/2016\/04\/tyohuone-huhtikuu16-4.jpg\"><img decoding=\"async\" loading=\"lazy\" class=\"aligncenter size-full wp-image-4664\" src=\"https:\/\/a-lehdet-blogs.s3.eu-central-1.amazonaws.com\/uploads\/sites\/4\/2016\/04\/tyohuone-huhtikuu16-4.jpg\" alt=\"\" width=\"900\" height=\"1200\" srcset=\"https:\/\/blogit-cdn.a-lehdet.fi\/uploads\/sites\/4\/2016\/04\/tyohuone-huhtikuu16-4.jpg 900w, https:\/\/blogit-cdn.a-lehdet.fi\/uploads\/sites\/4\/2016\/04\/tyohuone-huhtikuu16-4-225x300.jpg 225w, https:\/\/blogit-cdn.a-lehdet.fi\/uploads\/sites\/4\/2016\/04\/tyohuone-huhtikuu16-4-768x1024.jpg 768w, https:\/\/blogit-cdn.a-lehdet.fi\/uploads\/sites\/4\/2016\/04\/tyohuone-huhtikuu16-4-300x400.jpg 300w\" sizes=\"(max-width: 900px) 100vw, 900px\" \/><\/a><\/p>\n<p>Mun pit\u00e4isi kyll\u00e4 kuvata miehen valmis ty\u00f6huone, mutta sen sijaan innostuin kuvaamaan omaa ty\u00f6huonettani. Pakkailin tuossa kirppikselle menev\u00e4\u00e4 tavaraa (ep\u00e4toivoinen yritys saada v\u00e4h\u00e4n lomakassaa kasaan) ja samalla kuvasin joka nurkan. Vihdoin l\u00e4mp\u00f6tila mun huoneessa on jotenkin siedett\u00e4v\u00e4 (no yht\u00e4 matala kuin muuallakin talossa) niin siel\u00e4 tulee edes v\u00e4h\u00e4n oltua. Tuolla puuhastelu kun on sellaista harvinaista arjen luksusta. P\u00e4\u00e4osin kun m\u00e4 viet\u00e4n aikaani kotit\u00f6iden lis\u00e4ksi olohuoneen lattialla Nestorin kanssa. No onhan se Nestorinkin seura oikein kivaa. V\u00e4lill\u00e4 on vaan ihan kiva mietti\u00e4 muutakin kuin &#8220;prum prum, auto tulee! Katso kukka, KUK-KA! Nestori s\u00f6i juuri, en\u00e4\u00e4 ei kaiveta rusinoita laatikosta.&#8221; Jos ei pidemm\u00e4lle jaksa l\u00e4hte\u00e4 n\u00e4it\u00e4 toistuvia keskusteluja tauolle, niin oma huone kelpaa paremmin kuin hyvin.<\/p>\n<p><a rel=\"nofollow\" href=\"https:\/\/a-lehdet-blogs.s3.eu-central-1.amazonaws.com\/uploads\/sites\/4\/2016\/04\/tyohuone-huhtikuu16-5.jpg\"><img decoding=\"async\" loading=\"lazy\" class=\"aligncenter size-full wp-image-4665\" src=\"https:\/\/a-lehdet-blogs.s3.eu-central-1.amazonaws.com\/uploads\/sites\/4\/2016\/04\/tyohuone-huhtikuu16-5.jpg\" alt=\"\" width=\"900\" height=\"1200\" srcset=\"https:\/\/blogit-cdn.a-lehdet.fi\/uploads\/sites\/4\/2016\/04\/tyohuone-huhtikuu16-5.jpg 900w, https:\/\/blogit-cdn.a-lehdet.fi\/uploads\/sites\/4\/2016\/04\/tyohuone-huhtikuu16-5-225x300.jpg 225w, https:\/\/blogit-cdn.a-lehdet.fi\/uploads\/sites\/4\/2016\/04\/tyohuone-huhtikuu16-5-768x1024.jpg 768w, https:\/\/blogit-cdn.a-lehdet.fi\/uploads\/sites\/4\/2016\/04\/tyohuone-huhtikuu16-5-300x400.jpg 300w\" sizes=\"(max-width: 900px) 100vw, 900px\" \/><\/a> <a rel=\"nofollow\" href=\"https:\/\/a-lehdet-blogs.s3.eu-central-1.amazonaws.com\/uploads\/sites\/4\/2016\/04\/tyohuone-huhtikuu16-6.jpg\"><img decoding=\"async\" loading=\"lazy\" class=\"aligncenter size-full wp-image-4666\" src=\"https:\/\/a-lehdet-blogs.s3.eu-central-1.amazonaws.com\/uploads\/sites\/4\/2016\/04\/tyohuone-huhtikuu16-6.jpg\" alt=\"\" width=\"900\" height=\"1200\" srcset=\"https:\/\/blogit-cdn.a-lehdet.fi\/uploads\/sites\/4\/2016\/04\/tyohuone-huhtikuu16-6.jpg 900w, https:\/\/blogit-cdn.a-lehdet.fi\/uploads\/sites\/4\/2016\/04\/tyohuone-huhtikuu16-6-225x300.jpg 225w, https:\/\/blogit-cdn.a-lehdet.fi\/uploads\/sites\/4\/2016\/04\/tyohuone-huhtikuu16-6-768x1024.jpg 768w, https:\/\/blogit-cdn.a-lehdet.fi\/uploads\/sites\/4\/2016\/04\/tyohuone-huhtikuu16-6-300x400.jpg 300w\" sizes=\"(max-width: 900px) 100vw, 900px\" \/><\/a> <a rel=\"nofollow\" href=\"https:\/\/a-lehdet-blogs.s3.eu-central-1.amazonaws.com\/uploads\/sites\/4\/2016\/04\/tyohuone-huhtikuu16-7.jpg\"><img decoding=\"async\" loading=\"lazy\" class=\"aligncenter size-full wp-image-4667\" src=\"https:\/\/a-lehdet-blogs.s3.eu-central-1.amazonaws.com\/uploads\/sites\/4\/2016\/04\/tyohuone-huhtikuu16-7.jpg\" alt=\"\" width=\"900\" height=\"1200\" srcset=\"https:\/\/blogit-cdn.a-lehdet.fi\/uploads\/sites\/4\/2016\/04\/tyohuone-huhtikuu16-7.jpg 900w, https:\/\/blogit-cdn.a-lehdet.fi\/uploads\/sites\/4\/2016\/04\/tyohuone-huhtikuu16-7-225x300.jpg 225w, https:\/\/blogit-cdn.a-lehdet.fi\/uploads\/sites\/4\/2016\/04\/tyohuone-huhtikuu16-7-768x1024.jpg 768w, https:\/\/blogit-cdn.a-lehdet.fi\/uploads\/sites\/4\/2016\/04\/tyohuone-huhtikuu16-7-300x400.jpg 300w\" sizes=\"(max-width: 900px) 100vw, 900px\" \/><\/a><\/p>\n<p>Mun ty\u00f6huone on kyll\u00e4 mainio sekoitus tavaraa. Korkkarit ja likaiset maalipurkit sulassa sovussa. Just niin parasta. Parasta on my\u00f6s mun huoneen vieraileva asukki. Jos mun huoneen ovet on auki, voi olla varma ett\u00e4 Oskun l\u00f6yt\u00e4\u00e4 sielt\u00e4 nautinnollisesti nukkumassa. Yksi niit\u00e4 harvoja paikkoja joissa se saa rauhassa nukkua Nestorin uteliailta k\u00e4silt\u00e4 kaukana.<\/p>\n<p><a rel=\"nofollow\" href=\"https:\/\/a-lehdet-blogs.s3.eu-central-1.amazonaws.com\/uploads\/sites\/4\/2016\/04\/tyohuone-huhtikuu16-8.jpg\"><img decoding=\"async\" loading=\"lazy\" class=\"aligncenter size-full wp-image-4668\" src=\"https:\/\/a-lehdet-blogs.s3.eu-central-1.amazonaws.com\/uploads\/sites\/4\/2016\/04\/tyohuone-huhtikuu16-8.jpg\" alt=\"\" width=\"900\" height=\"1200\" srcset=\"https:\/\/blogit-cdn.a-lehdet.fi\/uploads\/sites\/4\/2016\/04\/tyohuone-huhtikuu16-8.jpg 900w, https:\/\/blogit-cdn.a-lehdet.fi\/uploads\/sites\/4\/2016\/04\/tyohuone-huhtikuu16-8-225x300.jpg 225w, https:\/\/blogit-cdn.a-lehdet.fi\/uploads\/sites\/4\/2016\/04\/tyohuone-huhtikuu16-8-768x1024.jpg 768w, https:\/\/blogit-cdn.a-lehdet.fi\/uploads\/sites\/4\/2016\/04\/tyohuone-huhtikuu16-8-300x400.jpg 300w\" sizes=\"(max-width: 900px) 100vw, 900px\" \/><\/a> <a rel=\"nofollow\" href=\"https:\/\/a-lehdet-blogs.s3.eu-central-1.amazonaws.com\/uploads\/sites\/4\/2016\/04\/tyohuone-huhtikuu16-9.jpg\"><img decoding=\"async\" loading=\"lazy\" class=\"aligncenter size-full wp-image-4669\" src=\"https:\/\/a-lehdet-blogs.s3.eu-central-1.amazonaws.com\/uploads\/sites\/4\/2016\/04\/tyohuone-huhtikuu16-9.jpg\" alt=\"\" width=\"900\" height=\"1200\" srcset=\"https:\/\/blogit-cdn.a-lehdet.fi\/uploads\/sites\/4\/2016\/04\/tyohuone-huhtikuu16-9.jpg 900w, https:\/\/blogit-cdn.a-lehdet.fi\/uploads\/sites\/4\/2016\/04\/tyohuone-huhtikuu16-9-225x300.jpg 225w, https:\/\/blogit-cdn.a-lehdet.fi\/uploads\/sites\/4\/2016\/04\/tyohuone-huhtikuu16-9-768x1024.jpg 768w, https:\/\/blogit-cdn.a-lehdet.fi\/uploads\/sites\/4\/2016\/04\/tyohuone-huhtikuu16-9-300x400.jpg 300w\" sizes=\"(max-width: 900px) 100vw, 900px\" \/><\/a><\/p>\n<p>Mun huone on hyv\u00e4 esimerkki siit\u00e4 mit\u00e4 alunperin kodiltani toivoin. Kun huoneen &#8220;pohja&#8221; eli tapetit ym on kauniita ja v\u00e4rikk\u00e4it\u00e4, ei ole niin v\u00e4li\u00e4 miten tavarat on, v\u00e4h\u00e4n hujanhajankin. Sek\u00e4 ne likaiset maalipurkit joukossa. Ne ei pomppaa silmille niin pahasti kun j\u00e4\u00e4 vaan katsomaan tapetteja tai muita kauniita asioita. Syy my\u00f6s siihen miksi en halua valkoisia seini\u00e4. Vaikka v\u00e4lill\u00e4 ihan pieni\u00e4 hetki\u00e4 mietin ett\u00e4 olisi ihanaa kun olisi valkoista niin jokainen kaunis esine erottuisi hyvin. Totta, mutta niin my\u00f6s ruma. Meill\u00e4 ainakin tavarat on jatkuvasti &#8220;matkalla&#8221;. Tied\u00e4ttek\u00f6, sillain ett\u00e4 yksi pyykkipino j\u00e4\u00e4 tuohon lipaston p\u00e4\u00e4lle ja vied\u00e4\u00e4n kaappiin kun ehdit\u00e4\u00e4n ja muistetaan. Lompakko j\u00e4\u00e4 keitti\u00f6n p\u00f6yd\u00e4lle kauppareissun j\u00e4lkeen, yksi Nestorin palikka l\u00f6ytyi ja vied\u00e4\u00e4n kohta laatikkoonsa jne. Sit\u00e4 tavaroiden vaeltelua siet\u00e4\u00e4 paremmin kun ne v\u00e4h\u00e4n niinkuin katoaa t\u00e4nne. Varsinkin kun meill\u00e4 on paljon tavaraa kaikkialla. En tied\u00e4 oliko t\u00e4ss\u00e4 mit\u00e4\u00e4n j\u00e4rke\u00e4 mit\u00e4 selit\u00e4n. Ehk\u00e4 joku ymm\u00e4rsi mit\u00e4 tarkoitan. Joka tapauksessa, m\u00e4 rehellisesti rakastan mun huonetta.<\/p>\n<p>Nestorista viel\u00e4. Poika on nyt pari kuukautta imenyt tosi paljon sanastoa itseens\u00e4, joten kyll\u00e4 m\u00e4 oikeasti rakastan sit\u00e4 kun poika harjoittelee ja oppii. Kun illalla luetaan kirjaa ja tuo osaa jo itse sanoa sanoja per\u00e4ss\u00e4 ja osoittaa kirjasta miss\u00e4 on omena, miss\u00e4 pupu. M\u00e4 niin pid\u00e4n t\u00e4st\u00e4 suuresta oppimisen vaiheesta, todella kiehtovaa seurata miten nopeasti pieni ihminen oppii uutta. Sek\u00e4 verrata miten 1,5 vuotias ja 8-vuotias on niin eri vaiheessa el\u00e4m\u00e4ss\u00e4\u00e4n. Pieni harjoittelee sanoja turvassa \u00e4idin kanssa ja iso menn\u00e4 viilett\u00e4\u00e4 kavereiden kanssa. Opettelee my\u00f6s uusia asioita el\u00e4m\u00e4ss\u00e4\u00e4n.<\/p>\n<p>Lupaan pian kuvata sen Samin ty\u00f6huoneen, oikeasti! V\u00e4h\u00e4n vaan j\u00e4nnit\u00e4n osaanko kuvata huoneen tunnelman vai n\u00e4ytt\u00e4\u00e4k\u00f6 se vain kasalta laatikoita ja tietokoneen johtoja. Koska oikeasti huone on aika kiva. Katsotaan miten mun k\u00e4y.<\/p>\n<p>-Henna-<\/p>\n","protected":false},"excerpt":{"rendered":"<p>Mun pit\u00e4isi kyll\u00e4 kuvata miehen valmis ty\u00f6huone, mutta sen sijaan innostuin kuvaamaan&hellip;<\/p>\n","protected":false},"author":8,"featured_media":4666,"comment_status":"open","ping_status":"open","sticky":false,"template":"","format":"standard","meta":{"footnotes":""},"categories":[7,8],"tags":[88,273],"acf":[],"platta":{"numLikes":0,"numComments":7,"category":null,"themes":[],"commercial_partner":null,"thumbnail":"https:\/\/blogit-cdn.a-lehdet.fi\/uploads\/sites\/4\/2016\/04\/tyohuone-huhtikuu16-6.jpg","blog_id":4},"jetpack_featured_media_url":"https:\/\/blogit-cdn.a-lehdet.fi\/uploads\/sites\/4\/2016\/04\/tyohuone-huhtikuu16-6.jpg","_links":{"self":[{"href":"https:\/\/blogit.meillakotona.fi\/kotiasemalla\/api\/wp\/v2\/posts\/4661"}],"collection":[{"href":"https:\/\/blogit.meillakotona.fi\/kotiasemalla\/api\/wp\/v2\/posts"}],"about":[{"href":"https:\/\/blogit.meillakotona.fi\/kotiasemalla\/api\/wp\/v2\/types\/post"}],"author":[{"embeddable":true,"href":"https:\/\/blogit.meillakotona.fi\/kotiasemalla\/api\/wp\/v2\/users\/8"}],"replies":[{"embeddable":true,"href":"https:\/\/blogit.meillakotona.fi\/kotiasemalla\/api\/wp\/v2\/comments?post=4661"}],"version-history":[{"count":1,"href":"https:\/\/blogit.meillakotona.fi\/kotiasemalla\/api\/wp\/v2\/posts\/4661\/revisions"}],"predecessor-version":[{"id":4670,"href":"https:\/\/blogit.meillakotona.fi\/kotiasemalla\/api\/wp\/v2\/posts\/4661\/revisions\/4670"}],"wp:featuredmedia":[{"embeddable":true,"href":"https:\/\/blogit.meillakotona.fi\/kotiasemalla\/api\/wp\/v2\/media\/4666"}],"wp:attachment":[{"href":"https:\/\/blogit.meillakotona.fi\/kotiasemalla\/api\/wp\/v2\/media?parent=4661"}],"wp:term":[{"taxonomy":"category","embeddable":true,"href":"https:\/\/blogit.meillakotona.fi\/kotiasemalla\/api\/wp\/v2\/categories?post=4661"},{"taxonomy":"post_tag","embeddable":true,"href":"https:\/\/blogit.meillakotona.fi\/kotiasemalla\/api\/wp\/v2\/tags?post=4661"}],"curies":[{"name":"wp","href":"https:\/\/api.w.org\/{rel}","templated":true}]}}