{"id":4586,"date":"2016-03-31T21:29:54","date_gmt":"2016-03-31T18:29:54","guid":{"rendered":"http:\/\/blogit.meillakotona.fi\/kotiasemalla\/?p=4586"},"modified":"2016-03-31T21:29:54","modified_gmt":"2016-03-31T18:29:54","slug":"kesainen-tyohuoneeni","status":"publish","type":"post","link":"https:\/\/blogit.meillakotona.fi\/kotiasemalla\/kesainen-tyohuoneeni\/","title":{"rendered":"Kes\u00e4inen ty\u00f6huoneeni"},"content":{"rendered":"<figure id=\"attachment_4590\" aria-describedby=\"caption-attachment-4590\" style=\"width: 900px\" class=\"wp-caption aligncenter\"><a rel=\"nofollow\" href=\"https:\/\/a-lehdet-blogs.s3.eu-central-1.amazonaws.com\/uploads\/sites\/4\/2016\/03\/ateljee-maaliskuussa4.jpg\"><img decoding=\"async\" loading=\"lazy\" class=\"wp-image-4590 size-full\" src=\"https:\/\/a-lehdet-blogs.s3.eu-central-1.amazonaws.com\/uploads\/sites\/4\/2016\/03\/ateljee-maaliskuussa4.jpg\" alt=\"\" width=\"900\" height=\"1200\" srcset=\"https:\/\/blogit-cdn.a-lehdet.fi\/uploads\/sites\/4\/2016\/03\/ateljee-maaliskuussa4.jpg 900w, https:\/\/blogit-cdn.a-lehdet.fi\/uploads\/sites\/4\/2016\/03\/ateljee-maaliskuussa4-225x300.jpg 225w, https:\/\/blogit-cdn.a-lehdet.fi\/uploads\/sites\/4\/2016\/03\/ateljee-maaliskuussa4-768x1024.jpg 768w, https:\/\/blogit-cdn.a-lehdet.fi\/uploads\/sites\/4\/2016\/03\/ateljee-maaliskuussa4-300x400.jpg 300w\" sizes=\"(max-width: 900px) 100vw, 900px\" \/><\/a><figcaption id=\"caption-attachment-4590\" class=\"wp-caption-text\">Sein\u00e4ll\u00e4 Sandbergin liljekonv\u00e4lj-tapetti<\/figcaption><\/figure>\n<p><a rel=\"nofollow\" href=\"https:\/\/a-lehdet-blogs.s3.eu-central-1.amazonaws.com\/uploads\/sites\/4\/2016\/03\/ateljee-maaliskuussa-1.jpg\"><img decoding=\"async\" loading=\"lazy\" class=\"aligncenter size-full wp-image-4587\" src=\"https:\/\/a-lehdet-blogs.s3.eu-central-1.amazonaws.com\/uploads\/sites\/4\/2016\/03\/ateljee-maaliskuussa-1.jpg\" alt=\"\" width=\"900\" height=\"1200\" srcset=\"https:\/\/blogit-cdn.a-lehdet.fi\/uploads\/sites\/4\/2016\/03\/ateljee-maaliskuussa-1.jpg 900w, https:\/\/blogit-cdn.a-lehdet.fi\/uploads\/sites\/4\/2016\/03\/ateljee-maaliskuussa-1-225x300.jpg 225w, https:\/\/blogit-cdn.a-lehdet.fi\/uploads\/sites\/4\/2016\/03\/ateljee-maaliskuussa-1-768x1024.jpg 768w, https:\/\/blogit-cdn.a-lehdet.fi\/uploads\/sites\/4\/2016\/03\/ateljee-maaliskuussa-1-300x400.jpg 300w\" sizes=\"(max-width: 900px) 100vw, 900px\" \/><\/a> <a rel=\"nofollow\" href=\"https:\/\/a-lehdet-blogs.s3.eu-central-1.amazonaws.com\/uploads\/sites\/4\/2016\/03\/ateljee-maaliskuussa2.jpg\"><img decoding=\"async\" loading=\"lazy\" class=\"aligncenter size-full wp-image-4588\" src=\"https:\/\/a-lehdet-blogs.s3.eu-central-1.amazonaws.com\/uploads\/sites\/4\/2016\/03\/ateljee-maaliskuussa2.jpg\" alt=\"\" width=\"900\" height=\"1200\" srcset=\"https:\/\/blogit-cdn.a-lehdet.fi\/uploads\/sites\/4\/2016\/03\/ateljee-maaliskuussa2.jpg 900w, https:\/\/blogit-cdn.a-lehdet.fi\/uploads\/sites\/4\/2016\/03\/ateljee-maaliskuussa2-225x300.jpg 225w, https:\/\/blogit-cdn.a-lehdet.fi\/uploads\/sites\/4\/2016\/03\/ateljee-maaliskuussa2-768x1024.jpg 768w, https:\/\/blogit-cdn.a-lehdet.fi\/uploads\/sites\/4\/2016\/03\/ateljee-maaliskuussa2-300x400.jpg 300w\" sizes=\"(max-width: 900px) 100vw, 900px\" \/><\/a> <a rel=\"nofollow\" href=\"https:\/\/a-lehdet-blogs.s3.eu-central-1.amazonaws.com\/uploads\/sites\/4\/2016\/03\/ateljee-maaliskuussa3.jpg\"><img decoding=\"async\" loading=\"lazy\" class=\"aligncenter size-full wp-image-4589\" src=\"https:\/\/a-lehdet-blogs.s3.eu-central-1.amazonaws.com\/uploads\/sites\/4\/2016\/03\/ateljee-maaliskuussa3.jpg\" alt=\"\" width=\"900\" height=\"1200\" srcset=\"https:\/\/blogit-cdn.a-lehdet.fi\/uploads\/sites\/4\/2016\/03\/ateljee-maaliskuussa3.jpg 900w, https:\/\/blogit-cdn.a-lehdet.fi\/uploads\/sites\/4\/2016\/03\/ateljee-maaliskuussa3-225x300.jpg 225w, https:\/\/blogit-cdn.a-lehdet.fi\/uploads\/sites\/4\/2016\/03\/ateljee-maaliskuussa3-768x1024.jpg 768w, https:\/\/blogit-cdn.a-lehdet.fi\/uploads\/sites\/4\/2016\/03\/ateljee-maaliskuussa3-300x400.jpg 300w\" sizes=\"(max-width: 900px) 100vw, 900px\" \/><\/a> <a rel=\"nofollow\" href=\"https:\/\/a-lehdet-blogs.s3.eu-central-1.amazonaws.com\/uploads\/sites\/4\/2016\/03\/ateljee-maaliskuussa5.jpg\"><img decoding=\"async\" loading=\"lazy\" class=\"aligncenter size-full wp-image-4591\" src=\"https:\/\/a-lehdet-blogs.s3.eu-central-1.amazonaws.com\/uploads\/sites\/4\/2016\/03\/ateljee-maaliskuussa5.jpg\" alt=\"\" width=\"900\" height=\"1200\" srcset=\"https:\/\/blogit-cdn.a-lehdet.fi\/uploads\/sites\/4\/2016\/03\/ateljee-maaliskuussa5.jpg 900w, https:\/\/blogit-cdn.a-lehdet.fi\/uploads\/sites\/4\/2016\/03\/ateljee-maaliskuussa5-225x300.jpg 225w, https:\/\/blogit-cdn.a-lehdet.fi\/uploads\/sites\/4\/2016\/03\/ateljee-maaliskuussa5-768x1024.jpg 768w, https:\/\/blogit-cdn.a-lehdet.fi\/uploads\/sites\/4\/2016\/03\/ateljee-maaliskuussa5-300x400.jpg 300w\" sizes=\"(max-width: 900px) 100vw, 900px\" \/><\/a>Mulla on jo niiin ik\u00e4v\u00e4 mun ty\u00f6huonetta, joka on siis Samin tavaroiden valtaamana ollut nyt muutaman viikon. Lattia ja sohva on t\u00e4ynn\u00e4 tavaraa. K\u00e4vin siel\u00e4 t\u00e4n\u00e4\u00e4n py\u00f6rim\u00e4ss\u00e4, ja oli ihan pakko ottaa muutama kuva edes joistain kulmista, mist\u00e4 nyt pystyi ilman tavaravuorta.<\/p>\n<p>Onneksi tuo huone alkaa nyt viikonloppuna tyhjenty\u00e4. Eilen mies haki vaneria K-raudasta hyllyihin ja p\u00f6yt\u00e4levyyn, ja nyt just k\u00e4sittelee p\u00f6yt\u00e4\u00e4 tummaksi vahalla. Eilen k\u00e4ytiin my\u00f6s Ikeassa ostamassa iso pino s\u00e4ilytyslaatikoita sun muuta tarpeellista. Kotiin kun p\u00e4\u00e4stiin, niin tottakai hyllyjen kannattimet unohtui Ikeassa ostaa! Se kun just on sellainen kauppa josta on tosi &#8220;kivaa&#8221; hakea joku yksi juttu&#8230;. Eli eikun uudestaan viikonloppuna, ja sitten vihdoin tavaroita hyllyyn.<\/p>\n<p>Mulla oli t\u00e4n\u00e4\u00e4n perinteisesti \u00e4iti, sisko ja veli ikkunanpesutalkoissa. Ollaan jo pari vuotta just ennen Mikin syntt\u00e4reit\u00e4 vedetty tuo ikkuna-urakka. \u00c4iti tuo oman K\u00e4rcher-ikkunapesurinsa (joka on muuten maailman k\u00e4tevin laite!!) ja min\u00e4 kaivan esille omani ja isken lataukseen. Mun oma laturi on kadonnut, joten t\u00e4ytyy lainata aina \u00e4idin&#8230; Sitten \u00e4iti ja broidi pesee ja min\u00e4 raivaan ikkunalautoja tyhjiksi, ja imuroin ja pyyhin p\u00f6lyj\u00e4 ymp\u00e4rilt\u00e4. Kyll\u00e4 nyt kuulkaa n\u00e4kyy ulos! Jestas mik\u00e4 ero entiseen! Meid\u00e4n ikkunat on niin kauheat pest\u00e4 ett\u00e4 ikin\u00e4 en yksin selvi\u00e4isi t\u00e4st\u00e4 urakasta. Porukalla ikkunat pesee iltap\u00e4iv\u00e4ss\u00e4. Ty\u00f6huoneiden ikkunat j\u00e4i rempan takia viel\u00e4 odottamaan mutta muut huoneet on kunnossa.<\/p>\n<p>Samalla otettiin pitsiverhot makuuhuoneen ikkunan edest\u00e4 pois, ja valoa tulvii nyt ihanasti huoneeseen. Ajattelin tuunata v\u00e4h\u00e4n makkarin verhoja, joten ihan erityisesti tarttisin tuon ty\u00f6huoneen taas k\u00e4ytt\u00f6\u00f6n. Muutenkin n\u00e4in kev\u00e4\u00e4ll\u00e4 sit\u00e4 haluaa touhuta tuolla ty\u00f6huoneessa, se kun on v\u00e4h\u00e4n kes\u00e4huone my\u00f6s samalla. Tunnelmaltaan kovin kes\u00e4inen, sek\u00e4 kovin kylm\u00e4 talvisin. Ei ole kauheasti huvittanut siel\u00e4 siis aikaa viett\u00e4\u00e4 nyt talvella. Kes\u00e4ll\u00e4 pit\u00e4\u00e4 korvata menetetty aika.<\/p>\n<p>No joo, onhan tuolla p\u00f6yt\u00e4 t\u00e4ynn\u00e4 mun omiakin tavaroita, mutta niinh\u00e4n sit\u00e4 sen verran saakin olla. Kankaita, tapettirullia, kyni\u00e4, pensseleit\u00e4&#8230; Suunnittelen tekev\u00e4ni my\u00f6s Nestorille hauskan leve\u00e4n kes\u00e4paidan, ja pari muutakin ideaa olisi. Viiiitsii, en malta odottaa!<\/p>\n<p>Yksi odotus sent\u00e4\u00e4n loppui vihdoin, kun uusin Unelmien Talo ja Koti-lehti tipahti postista. Jokos ootte sen n\u00e4hnyt? Siel\u00e4 on nimitt\u00e4in meid\u00e4n koti, ja niin ihana kes\u00e4inen tunnelma, pikkuinen Nestori ja ensimm\u00e4ist\u00e4 kertaa lehdess\u00e4 my\u00f6s t\u00e4m\u00e4 mun ty\u00f6huone. Tuli ik\u00e4v\u00e4 j\u00e4\u00e4tel\u00f6\u00e4 ja shortseja! Kannattaa muuten seurata Unelmien talo ja koti-lehte\u00e4 my\u00f6s Instagramin ja Facebookin puolella. Varmaan niihin tulossa kuvia joita lehteen ei mahtunut.<\/p>\n<p>-Henna-<\/p>\n<p>&nbsp;<\/p>\n<p>&nbsp;<\/p>\n","protected":false},"excerpt":{"rendered":"<p>Mulla on jo niiin ik\u00e4v\u00e4 mun ty\u00f6huonetta, joka on siis Samin tavaroiden&hellip;<\/p>\n","protected":false},"author":8,"featured_media":4590,"comment_status":"open","ping_status":"open","sticky":false,"template":"","format":"standard","meta":{"footnotes":""},"categories":[16,7,8],"tags":[274,88,273],"acf":[],"platta":{"numLikes":0,"numComments":0,"category":null,"themes":[],"commercial_partner":null,"thumbnail":"https:\/\/blogit-cdn.a-lehdet.fi\/uploads\/sites\/4\/2016\/03\/ateljee-maaliskuussa4.jpg","blog_id":4},"jetpack_featured_media_url":"https:\/\/blogit-cdn.a-lehdet.fi\/uploads\/sites\/4\/2016\/03\/ateljee-maaliskuussa4.jpg","_links":{"self":[{"href":"https:\/\/blogit.meillakotona.fi\/kotiasemalla\/api\/wp\/v2\/posts\/4586"}],"collection":[{"href":"https:\/\/blogit.meillakotona.fi\/kotiasemalla\/api\/wp\/v2\/posts"}],"about":[{"href":"https:\/\/blogit.meillakotona.fi\/kotiasemalla\/api\/wp\/v2\/types\/post"}],"author":[{"embeddable":true,"href":"https:\/\/blogit.meillakotona.fi\/kotiasemalla\/api\/wp\/v2\/users\/8"}],"replies":[{"embeddable":true,"href":"https:\/\/blogit.meillakotona.fi\/kotiasemalla\/api\/wp\/v2\/comments?post=4586"}],"version-history":[{"count":1,"href":"https:\/\/blogit.meillakotona.fi\/kotiasemalla\/api\/wp\/v2\/posts\/4586\/revisions"}],"predecessor-version":[{"id":4592,"href":"https:\/\/blogit.meillakotona.fi\/kotiasemalla\/api\/wp\/v2\/posts\/4586\/revisions\/4592"}],"wp:featuredmedia":[{"embeddable":true,"href":"https:\/\/blogit.meillakotona.fi\/kotiasemalla\/api\/wp\/v2\/media\/4590"}],"wp:attachment":[{"href":"https:\/\/blogit.meillakotona.fi\/kotiasemalla\/api\/wp\/v2\/media?parent=4586"}],"wp:term":[{"taxonomy":"category","embeddable":true,"href":"https:\/\/blogit.meillakotona.fi\/kotiasemalla\/api\/wp\/v2\/categories?post=4586"},{"taxonomy":"post_tag","embeddable":true,"href":"https:\/\/blogit.meillakotona.fi\/kotiasemalla\/api\/wp\/v2\/tags?post=4586"}],"curies":[{"name":"wp","href":"https:\/\/api.w.org\/{rel}","templated":true}]}}