{"id":336,"date":"2013-10-15T12:30:00","date_gmt":"2013-10-15T09:30:00","guid":{"rendered":"http:\/\/blogit.meillakotona.fi\/kotiasemalla\/kiiretta-pitaa-ja-tyot-etenee-vauhdilla\/"},"modified":"2016-01-14T12:39:19","modified_gmt":"2016-01-14T10:39:19","slug":"kiiretta-pitaa-ja-tyot-etenee-vauhdilla","status":"publish","type":"post","link":"https:\/\/blogit.meillakotona.fi\/kotiasemalla\/kiiretta-pitaa-ja-tyot-etenee-vauhdilla\/","title":{"rendered":"Kiirett\u00e4 pit\u00e4\u00e4 ja ty\u00f6t etenee vauhdilla"},"content":{"rendered":"<div class=\"separator\" style=\"clear: both; text-align: center;\">\n<a rel=\"nofollow\" href=\"http:\/\/1.bp.blogspot.com\/-AXPFAUrJRrk\/Ul0weQA0h3I\/AAAAAAAAGG0\/FQKX3KQjFKI\/s1600\/lokakuu.JPG\" imageanchor=\"1\" style=\"margin-left: 1em; margin-right: 1em;\"><img decoding=\"async\" loading=\"lazy\" border=\"0\" height=\"640\" src=\"https:\/\/a-lehdet-blogs.s3.eu-central-1.amazonaws.com\/uploads\/sites\/4\/2013\/10\/lokakuu.jpg\" width=\"428\" \/><\/a><\/div>\n<p>\nHuh heijaa, kyll\u00e4 on taas ollut kaikenlaista. Ei paljon ehdi blogia kirjoittaa ja koneella istua muutenkaan. Mik\u00e4 on sin\u00e4ns\u00e4 kivaa, sin\u00e4ns\u00e4 ei.<br \/>\nT\u00e4ss\u00e4 viikon sis\u00e4ll\u00e4 on ty\u00f6t loppunut ja uudet alkanut, hesarista k\u00e4yty tekem\u00e4ss\u00e4 haastattelu jossa kerromme mun ty\u00f6st\u00e4, kuvaaja k\u00e4ynyt samaa asiaa koskien, mulla on ollut p\u00e4iv\u00e4n mittainen koulutus.<\/p>\n<div class=\"separator\" style=\"clear: both; text-align: center;\">\n<a rel=\"nofollow\" href=\"http:\/\/3.bp.blogspot.com\/-wpkQYYHvu-g\/Ul0weQhGahI\/AAAAAAAAGGw\/mDuMZEcXcaE\/s1600\/Mikin+huone+loka13.JPG\" imageanchor=\"1\" style=\"margin-left: 1em; margin-right: 1em;\"><img decoding=\"async\" loading=\"lazy\" border=\"0\" height=\"640\" src=\"https:\/\/a-lehdet-blogs.s3.eu-central-1.amazonaws.com\/uploads\/sites\/4\/2013\/10\/Mikin-huone-loka13.jpg\" width=\"428\" \/><\/a><\/div>\n<div class=\"separator\" style=\"clear: both; text-align: center;\">\n<\/div>\n<p>&nbsp;Lis\u00e4ksi Mikin huoneen lattia on nyt maalattu ja muutakin rempattu ja maalattu. Kaiken huipuksi mun l\u00e4pp\u00e4ri posahti. J\u00e4lleen. Kuvat onneksi s\u00e4ilyi ja talossa on mies joka taikoo mulle kaikki pian uudestaan. Silti multa puuttuu j\u00e4lleen kaikki netin kirjanmerkit, kuvanmuokkausohjelman fontit jne jne. Hemmetti sanon min\u00e4. Olisin seonnut jos ei olisi tota miest\u00e4 joka korjaa. Eli j\u00e4lleen muistutus, kopsatkaa ne koneen kuvat ja t\u00e4rke\u00e4t tiedot ettei tuu itku!<br \/>\nTosiaan Mikin lattiassa on nyt pari kerrosta Uulan puulattiamaalia. Mik\u00e4h\u00e4n toi s\u00e4vy nyt oli, oisko ollut Usva. Ensin j\u00e4rkytyin, ett\u00e4 t\u00e4\u00e4h\u00e4n on ihan sininen! No, tokan kerroksen j\u00e4lkeen se on edelleen siniharmaa mutta ei yht\u00e4\u00e4n paha. Huoneeseen tulee muutakin harmaata ja t\u00e4\u00e4 harmaa oli ihanan peitt\u00e4v\u00e4 jotenkin.<br \/>\nOllaan jo sovittu ett\u00e4 ens kuun alussa Miki menee hoitoon p\u00e4iv\u00e4ksi ja sill\u00e4 aikaa me vied\u00e4\u00e4n kalusteet ym sis\u00e4\u00e4n ja yll\u00e4tet\u00e4\u00e4n poika!:) Sit\u00e4 ennen tietysti, lattian kuivuessa lopulliseen kovuuteensa, t\u00e4ytyy tapetoida, paneloida, laittaa s\u00e4hk\u00f6t, pesuallas, kaakeloida&#8230;.Puuh&#8230; no kaikkea ei varmasti ehdit\u00e4 mutta kunhan ne sein\u00e4t olisi kunnossa niin saa ne kalusteet tuonne. Can\u00b4t wait!:):)<\/p>\n<div class=\"separator\" style=\"clear: both; text-align: center;\">\n<a rel=\"nofollow\" href=\"http:\/\/1.bp.blogspot.com\/-ZAJ35YH_5yY\/Ul0wd0usJ7I\/AAAAAAAAGGo\/0qLli8zxR6k\/s1600\/mikin+vaatekaappi+ty%C3%B6nalla.JPG\" imageanchor=\"1\" style=\"margin-left: 1em; margin-right: 1em;\"><img decoding=\"async\" loading=\"lazy\" border=\"0\" height=\"640\" src=\"https:\/\/a-lehdet-blogs.s3.eu-central-1.amazonaws.com\/uploads\/sites\/4\/2013\/10\/mikin-vaatekaappi-ty%C3%B6nalla.jpg\" width=\"428\" \/><\/a><\/div>\n<div class=\"separator\" style=\"clear: both; text-align: center;\">\n<\/div>\n<p>Mikin vaatekaappi on my\u00f6s ty\u00f6n alla, sekin aiheutti v\u00e4h\u00e4n pulmia. Ensin meinasin maalata pellava\u00f6ljymaalilla kaikki osat erikseen. Kuivuminen kuitenkin kesti ikuisuuden ja kissat hyppi m\u00e4r\u00e4n ty\u00f6n p\u00e4\u00e4ll\u00e4. Lis\u00e4ksi maali olikin kiilt\u00e4v\u00e4\u00e4, mit\u00e4 en halunnut! Lopulta illan h\u00e4m\u00e4r\u00e4ss\u00e4 kasattiin kaappi, min\u00e4 kaivoin tutun ja turvallisen Uulan into-kalustemaalin ja aloin sutimaan. Nyt tulee hyv\u00e4! Kaunis matta pinta. Tuon kaapin ostin pari vuotta sitten ja en ollut sit\u00e4 kasannut aiemmin. Nyt huomattiin ett\u00e4 sen ruuvit puuttuu, kiinnikkeet sis\u00e4ll\u00e4 on mit\u00e4 sattuu ym. Hyllyt ja tanko puuttuu, mik\u00e4 kyll\u00e4 oli tiedossa. Tekemist\u00e4 siis riitt\u00e4\u00e4 viel\u00e4 tuossakin! Sis\u00e4lt\u00e4 se j\u00e4\u00e4 tuollaiseksi k\u00e4sittelem\u00e4tt\u00f6m\u00e4ksi. Viel\u00e4 kun keksisi mill\u00e4 ne hyllyt k\u00e4sittelee sopivaksi&#8230;<br \/>\nUlkoa maalaan tuon siksi koska siin\u00e4 oli melko ruma ootraus ja keltainen paksu lakkapinta.<br \/>\nAllaskalustekin on kasattuna, paneelit leikattuna, lakanat, taulut, p\u00e4iv\u00e4peitto, kaikki odottaa vaan sit\u00e4 THE hetke\u00e4. Ett\u00e4 milloin p\u00e4\u00e4st\u00e4\u00e4n sisustamaan???<\/p>\n<p>-Henna-<\/p>\n","protected":false},"excerpt":{"rendered":"<p>Huh heijaa, kyll\u00e4 on taas ollut kaikenlaista. Ei paljon ehdi blogia kirjoittaa&hellip;<\/p>\n","protected":false},"author":8,"featured_media":2323,"comment_status":"open","ping_status":"open","sticky":false,"template":"","format":"standard","meta":{"footnotes":""},"categories":[1],"tags":[52,178,76,142],"acf":[],"platta":{"numLikes":0,"numComments":6,"category":null,"themes":[],"commercial_partner":null,"thumbnail":"https:\/\/blogit-cdn.a-lehdet.fi\/uploads\/sites\/4\/2013\/10\/lokakuu.jpg","blog_id":4},"jetpack_featured_media_url":"https:\/\/blogit-cdn.a-lehdet.fi\/uploads\/sites\/4\/2013\/10\/lokakuu.jpg","_links":{"self":[{"href":"https:\/\/blogit.meillakotona.fi\/kotiasemalla\/api\/wp\/v2\/posts\/336"}],"collection":[{"href":"https:\/\/blogit.meillakotona.fi\/kotiasemalla\/api\/wp\/v2\/posts"}],"about":[{"href":"https:\/\/blogit.meillakotona.fi\/kotiasemalla\/api\/wp\/v2\/types\/post"}],"author":[{"embeddable":true,"href":"https:\/\/blogit.meillakotona.fi\/kotiasemalla\/api\/wp\/v2\/users\/8"}],"replies":[{"embeddable":true,"href":"https:\/\/blogit.meillakotona.fi\/kotiasemalla\/api\/wp\/v2\/comments?post=336"}],"version-history":[{"count":1,"href":"https:\/\/blogit.meillakotona.fi\/kotiasemalla\/api\/wp\/v2\/posts\/336\/revisions"}],"predecessor-version":[{"id":2326,"href":"https:\/\/blogit.meillakotona.fi\/kotiasemalla\/api\/wp\/v2\/posts\/336\/revisions\/2326"}],"wp:featuredmedia":[{"embeddable":true,"href":"https:\/\/blogit.meillakotona.fi\/kotiasemalla\/api\/wp\/v2\/media\/2323"}],"wp:attachment":[{"href":"https:\/\/blogit.meillakotona.fi\/kotiasemalla\/api\/wp\/v2\/media?parent=336"}],"wp:term":[{"taxonomy":"category","embeddable":true,"href":"https:\/\/blogit.meillakotona.fi\/kotiasemalla\/api\/wp\/v2\/categories?post=336"},{"taxonomy":"post_tag","embeddable":true,"href":"https:\/\/blogit.meillakotona.fi\/kotiasemalla\/api\/wp\/v2\/tags?post=336"}],"curies":[{"name":"wp","href":"https:\/\/api.w.org\/{rel}","templated":true}]}}