{"id":334,"date":"2013-10-23T12:25:00","date_gmt":"2013-10-23T09:25:00","guid":{"rendered":"http:\/\/blogit.meillakotona.fi\/kotiasemalla\/siela-ne-joulutahdet-nyt-on\/"},"modified":"2016-01-14T12:39:18","modified_gmt":"2016-01-14T10:39:18","slug":"siela-ne-joulutahdet-nyt-on","status":"publish","type":"post","link":"https:\/\/blogit.meillakotona.fi\/kotiasemalla\/siela-ne-joulutahdet-nyt-on\/","title":{"rendered":"Siel\u00e4 ne joulut\u00e4hdet nyt on!"},"content":{"rendered":"<div class=\"separator\" style=\"clear: both; text-align: center;\">\n<a rel=\"nofollow\" href=\"http:\/\/4.bp.blogspot.com\/-c_v-gdxQdVc\/Ume4U5DClXI\/AAAAAAAAGIA\/lR1yiJ2sjEw\/s1600\/Joulut%C3%A4hdet.JPG\" imageanchor=\"1\" style=\"margin-left: 1em; margin-right: 1em;\"><img decoding=\"async\" loading=\"lazy\" border=\"0\" height=\"640\" src=\"https:\/\/a-lehdet-blogs.s3.eu-central-1.amazonaws.com\/uploads\/sites\/4\/2013\/10\/Joulut%C3%A4hdet.jpg\" width=\"434\" \/><\/a><\/div>\n<p>\nAlkuun iso kiitos edelliseen kommentoineille! Niit\u00e4 oli hauska lukea ja n\u00e4hd\u00e4 ett\u00e4 muutkin ymm\u00e4rt\u00e4\u00e4 mit\u00e4 tarkoittaa joulumieli ja sen puuttuminen. No, eih\u00e4n n\u00e4m\u00e4 nyt kauhean vakavia asioita ole mutta er\u00e4s mun vakkarilukija (jolla on v\u00e4lill\u00e4 pelottavan samanlaiset ajatukset kuin mulla,heh!) kirjoitti hyvin. Joulufiilis ja joulun odotus on t\u00e4rkeit\u00e4 koska niiden avulla p\u00e4\u00e4see mukavasti ja hyvill\u00e4 fiiliksill\u00e4 t\u00e4m\u00e4n pimenev\u00e4n ajan yli. Miten sit\u00e4 jaksaisikaan koko talven ilman joulua??<br \/>\nM\u00e4 tosiaan teid\u00e4n kommenttien j\u00e4lkeen pistin Bublen joululaulut soimaan, otin ekan lasin gl\u00f6gi\u00e4 ja l\u00f6ysin vihdoin ne t\u00e4hdet! No, joulufiilis ei t\u00e4ysill\u00e4 iskenyt mutta eik\u00f6h\u00e4n se sielt\u00e4 viimeist\u00e4\u00e4n lumien tultua tule.:) Nyt on ty\u00f6tkin pit\u00e4nyt niin kiireisen\u00e4 ja vienyt kaikki ajatukset mutta nekin pit\u00e4isi t\u00e4ss\u00e4 nyt tasoittua. <\/p>\n<p>Joulut\u00e4hdet sun muuthan kuuluu n\u00e4ihin ikuisiin &#8221;voiko ne jo nyt laittaa&#8221;-kysymyksiin. M\u00e4 taas olen sit\u00e4 mielt\u00e4 ett\u00e4 ne on talvit\u00e4hdet. Niiss\u00e4 on ensinn\u00e4kin iso ty\u00f6 saada ne ikkunaan, joten ne saa luvan roikkua siin\u00e4 sitten lokakuusta tammikuuhun. Lis\u00e4ksi ne tuo kivaa valoa ja tunnelmaa nyt kun illat on niin kamalan pimeit\u00e4. T\u00e4n\u00e4\u00e4n ollu koko p\u00e4iv\u00e4.<\/p>\n<div class=\"separator\" style=\"clear: both; text-align: center;\">\n<a rel=\"nofollow\" href=\"http:\/\/1.bp.blogspot.com\/-D_VXO6EbO7c\/Ume4bjYgH4I\/AAAAAAAAGIM\/_ZjpLLE-VQY\/s1600\/jouluvalot.JPG\" imageanchor=\"1\" style=\"margin-left: 1em; margin-right: 1em;\"><img decoding=\"async\" loading=\"lazy\" border=\"0\" height=\"640\" src=\"https:\/\/a-lehdet-blogs.s3.eu-central-1.amazonaws.com\/uploads\/sites\/4\/2013\/10\/jouluvalot.jpg\" width=\"432\" \/><\/a><\/div>\n<p>\nHuomaan my\u00f6s ett\u00e4 j\u00e4lleen olen niit\u00e4 harvoja blogimaailmassa jotka laittaa oikeasti kunnon punaisen joulun t\u00e4n\u00e4kin vuonna. Monilla joulukoristeet on tyyliin sit\u00e4 ett\u00e4 laitetaan valoja, kuusi ja kynttil\u00f6it\u00e4 tms. Mik\u00e4 on tosi kaunista my\u00f6s! No, m\u00e4 en osaa sisustaa niin hillitysti ja olen jouluhullu, joten t\u00e4n\u00e4kin vuonna meill\u00e4 on tiedossa kunnon joulukoristelut, ja t\u00e4n\u00e4 vuonna hankitaan se kuusikin. Vuosi sitten ei jaksettu kun oli juuri tullut koiranpentu taloon ja my\u00f6s muutto oli juuri takana. Saa n\u00e4hd\u00e4 mit\u00e4 se koira ja koiran huiskiva h\u00e4nt\u00e4 tykk\u00e4\u00e4 kuusesta&#8230;.<\/p>\n<div class=\"separator\" style=\"clear: both; text-align: center;\">\n<a rel=\"nofollow\" href=\"http:\/\/1.bp.blogspot.com\/-rPX9rtt-xK0\/Ume4b72lWQI\/AAAAAAAAGIU\/H1SNpyRjp1Q\/s1600\/mikin+tapetit+ja+paneeli.JPG\" imageanchor=\"1\" style=\"margin-left: 1em; margin-right: 1em;\"><img decoding=\"async\" loading=\"lazy\" border=\"0\" height=\"640\" src=\"https:\/\/a-lehdet-blogs.s3.eu-central-1.amazonaws.com\/uploads\/sites\/4\/2013\/10\/mikin-tapetit-ja-paneeli.jpg\" width=\"432\" \/><\/a><\/div>\n<p>&nbsp;Meinasin laittaa t\u00e4h\u00e4n Mikin huoneen kuvia mutta tosiaan huone n\u00e4ytt\u00e4\u00e4 kuvissa tosi ankealta vaikka oikeasti se ei sit\u00e4 en\u00e4\u00e4 ole.<br \/>\nT\u00e4n\u00e4\u00e4n varmaan laitetaan viimeiset vuodat sein\u00e4lle kun viikonloppuna loppui liisteri kesken. Meill\u00e4 on t\u00e4ll\u00e4 hetkell\u00e4 toinen lastenhuone niin ahdas ja kovalla k\u00e4yt\u00f6ll\u00e4 mun t\u00f6iden takia, joten Mikin huoneen valmistuminen tulee eritt\u00e4in sopivaan saumaan! Nytkin lelut on vallannut niin isosti olohuoneenkin ett\u00e4 hyv\u00e4 kun liikkumaan mahtuu.<\/p>\n<div class=\"separator\" style=\"clear: both; text-align: center;\">\n<a rel=\"nofollow\" href=\"http:\/\/3.bp.blogspot.com\/-IRFS2PAw3xo\/Ume4bKEE4EI\/AAAAAAAAGII\/M_BRJuWRXDE\/s1600\/Mikin+tapetit+leikkauksessa.JPG\" imageanchor=\"1\" style=\"margin-left: 1em; margin-right: 1em;\"><img decoding=\"async\" loading=\"lazy\" border=\"0\" height=\"640\" src=\"https:\/\/a-lehdet-blogs.s3.eu-central-1.amazonaws.com\/uploads\/sites\/4\/2013\/10\/Mikin-tapetit-leikkauksessa.jpg\" width=\"432\" \/><\/a><\/div>\n<p>Ai juu, t\u00f6ist\u00e4 puheenollen, huomisessa Hesarissa olisi juttu meist\u00e4, t\u00e4ll\u00e4 kertaa aiheena meid\u00e4n ty\u00f6 vastaanottoperheen\u00e4. Kiva juttu siit\u00e4 mit\u00e4 kaikkea t\u00e4m\u00e4 ty\u00f6 onkaan n\u00e4in meid\u00e4n n\u00e4k\u00f6kulmasta.:)<\/p>\n<p>-Henna-<\/p>\n<p>Ps. Lupaan ettei joulujuttuja nyt enemp\u00e4\u00e4 v\u00e4h\u00e4\u00e4n aikaan. \ud83d\ude42<\/p>\n","protected":false},"excerpt":{"rendered":"<p>Alkuun iso kiitos edelliseen kommentoineille! Niit\u00e4 oli hauska lukea ja n\u00e4hd\u00e4 ett\u00e4&hellip;<\/p>\n","protected":false},"author":8,"featured_media":2312,"comment_status":"open","ping_status":"open","sticky":false,"template":"","format":"standard","meta":{"footnotes":""},"categories":[1],"tags":[32,76],"acf":[],"platta":{"numLikes":0,"numComments":33,"category":null,"themes":[],"commercial_partner":null,"thumbnail":"https:\/\/blogit-cdn.a-lehdet.fi\/uploads\/sites\/4\/2013\/10\/Joulut\u00e4hdet.jpg","blog_id":4},"jetpack_featured_media_url":"https:\/\/blogit-cdn.a-lehdet.fi\/uploads\/sites\/4\/2013\/10\/Joulut\u00e4hdet.jpg","_links":{"self":[{"href":"https:\/\/blogit.meillakotona.fi\/kotiasemalla\/api\/wp\/v2\/posts\/334"}],"collection":[{"href":"https:\/\/blogit.meillakotona.fi\/kotiasemalla\/api\/wp\/v2\/posts"}],"about":[{"href":"https:\/\/blogit.meillakotona.fi\/kotiasemalla\/api\/wp\/v2\/types\/post"}],"author":[{"embeddable":true,"href":"https:\/\/blogit.meillakotona.fi\/kotiasemalla\/api\/wp\/v2\/users\/8"}],"replies":[{"embeddable":true,"href":"https:\/\/blogit.meillakotona.fi\/kotiasemalla\/api\/wp\/v2\/comments?post=334"}],"version-history":[{"count":1,"href":"https:\/\/blogit.meillakotona.fi\/kotiasemalla\/api\/wp\/v2\/posts\/334\/revisions"}],"predecessor-version":[{"id":2316,"href":"https:\/\/blogit.meillakotona.fi\/kotiasemalla\/api\/wp\/v2\/posts\/334\/revisions\/2316"}],"wp:featuredmedia":[{"embeddable":true,"href":"https:\/\/blogit.meillakotona.fi\/kotiasemalla\/api\/wp\/v2\/media\/2312"}],"wp:attachment":[{"href":"https:\/\/blogit.meillakotona.fi\/kotiasemalla\/api\/wp\/v2\/media?parent=334"}],"wp:term":[{"taxonomy":"category","embeddable":true,"href":"https:\/\/blogit.meillakotona.fi\/kotiasemalla\/api\/wp\/v2\/categories?post=334"},{"taxonomy":"post_tag","embeddable":true,"href":"https:\/\/blogit.meillakotona.fi\/kotiasemalla\/api\/wp\/v2\/tags?post=334"}],"curies":[{"name":"wp","href":"https:\/\/api.w.org\/{rel}","templated":true}]}}