{"id":9219,"date":"2021-07-30T11:02:09","date_gmt":"2021-07-30T08:02:09","guid":{"rendered":"http:\/\/blogit.meillakotona.fi\/keittiossakotonajapuutarhassa\/?p=9219"},"modified":"2021-07-30T11:02:09","modified_gmt":"2021-07-30T08:02:09","slug":"vatkattu-feta-ja-zaatar-pitat","status":"publish","type":"post","link":"https:\/\/blogit.meillakotona.fi\/keittiossakotonajapuutarhassa\/vatkattu-feta-ja-zaatar-pitat\/","title":{"rendered":"Vatkattu feta ja za\u2019atar pitat"},"content":{"rendered":"<p><img decoding=\"async\" loading=\"lazy\" class=\"aligncenter size-large wp-image-9221\" src=\"https:\/\/blogit-cdn.a-lehdet.fi\/uploads\/sites\/26\/2021\/07\/vispattu-feta-683x1024.jpg\" alt=\"\" width=\"683\" height=\"1024\" srcset=\"https:\/\/blogit-cdn.a-lehdet.fi\/uploads\/sites\/26\/2021\/07\/vispattu-feta-683x1024.jpg 683w, https:\/\/blogit-cdn.a-lehdet.fi\/uploads\/sites\/26\/2021\/07\/vispattu-feta-200x300.jpg 200w, https:\/\/blogit-cdn.a-lehdet.fi\/uploads\/sites\/26\/2021\/07\/vispattu-feta-768x1152.jpg 768w, https:\/\/blogit-cdn.a-lehdet.fi\/uploads\/sites\/26\/2021\/07\/vispattu-feta-1024x1536.jpg 1024w, https:\/\/blogit-cdn.a-lehdet.fi\/uploads\/sites\/26\/2021\/07\/vispattu-feta-1365x2048.jpg 1365w, https:\/\/blogit-cdn.a-lehdet.fi\/uploads\/sites\/26\/2021\/07\/vispattu-feta-scaled.jpg 1707w\" sizes=\"(max-width: 683px) 100vw, 683px\" \/><img decoding=\"async\" loading=\"lazy\" class=\"aligncenter size-large wp-image-9220\" src=\"https:\/\/blogit-cdn.a-lehdet.fi\/uploads\/sites\/26\/2021\/07\/vatkattu-feta-683x1024.jpg\" alt=\"\" width=\"683\" height=\"1024\" srcset=\"https:\/\/blogit-cdn.a-lehdet.fi\/uploads\/sites\/26\/2021\/07\/vatkattu-feta-683x1024.jpg 683w, https:\/\/blogit-cdn.a-lehdet.fi\/uploads\/sites\/26\/2021\/07\/vatkattu-feta-200x300.jpg 200w, https:\/\/blogit-cdn.a-lehdet.fi\/uploads\/sites\/26\/2021\/07\/vatkattu-feta-768x1152.jpg 768w, https:\/\/blogit-cdn.a-lehdet.fi\/uploads\/sites\/26\/2021\/07\/vatkattu-feta-1024x1536.jpg 1024w, https:\/\/blogit-cdn.a-lehdet.fi\/uploads\/sites\/26\/2021\/07\/vatkattu-feta-1365x2048.jpg 1365w, https:\/\/blogit-cdn.a-lehdet.fi\/uploads\/sites\/26\/2021\/07\/vatkattu-feta-scaled.jpg 1707w\" sizes=\"(max-width: 683px) 100vw, 683px\" \/><img decoding=\"async\" loading=\"lazy\" class=\"aligncenter size-large wp-image-9222\" src=\"https:\/\/blogit-cdn.a-lehdet.fi\/uploads\/sites\/26\/2021\/07\/zataar-pita-683x1024.jpg\" alt=\"\" width=\"683\" height=\"1024\" srcset=\"https:\/\/blogit-cdn.a-lehdet.fi\/uploads\/sites\/26\/2021\/07\/zataar-pita-683x1024.jpg 683w, https:\/\/blogit-cdn.a-lehdet.fi\/uploads\/sites\/26\/2021\/07\/zataar-pita-200x300.jpg 200w, https:\/\/blogit-cdn.a-lehdet.fi\/uploads\/sites\/26\/2021\/07\/zataar-pita-768x1152.jpg 768w, https:\/\/blogit-cdn.a-lehdet.fi\/uploads\/sites\/26\/2021\/07\/zataar-pita-1024x1536.jpg 1024w, https:\/\/blogit-cdn.a-lehdet.fi\/uploads\/sites\/26\/2021\/07\/zataar-pita-1365x2048.jpg 1365w, https:\/\/blogit-cdn.a-lehdet.fi\/uploads\/sites\/26\/2021\/07\/zataar-pita-scaled.jpg 1707w\" sizes=\"(max-width: 683px) 100vw, 683px\" \/><\/p>\n<p>Vatkattu feta oli muutama vuosi sitten niin sanottu hittiresepti. Vatkattu feta j\u00e4i tuolloin kokeilematta, mutta resepti muistui nyt lomalla mieleeni. Kes\u00e4lomalla on riitt\u00e4nyt hellett\u00e4 miltei joka p\u00e4iv\u00e4lle. Valitettavasti itsell\u00e4ni ruokahalu katoaa t\u00e4ysin kovilla helteill\u00e4 ja n\u00e4lk\u00e4 ilmoittaa olemassa olostaan yleens\u00e4 vasta illalla ilman viiletess\u00e4. Hellep\u00e4ivien lounaat ovat koostuneet p\u00e4\u00e4asiassa tuoreista kasviksista kootuista salaateista.<\/p>\n<p>Rakastan za\u2019atar mausteseosta ja etenkin kes\u00e4isin sit\u00e4 tulee k\u00e4ytetty\u00e4 ruokien maustamiseen. <a href=\"https:\/\/blogit.meillakotona.fi\/keittiossakotonajapuutarhassa\/zaatarilla-maustettu-kesakurpitsa-tahinikastikkeella\/\"><strong>Za\u2019atarilla maustetut kes\u00e4kurpitsat ovat muuten my\u00f6s todella herkullisia (resepti l\u00f6ytyy linkist\u00e4).<\/strong><\/a> Sumakkia ei v\u00e4ltt\u00e4m\u00e4tt\u00e4 kaikista ruokakaupoista l\u00f6ydy, mutta <a rel=\"nofollow\" href=\"https:\/\/www.ruohonjuuri.fi\/products\/al-fez-sumakkirouhe-38-g?variant=34522297499781\" target=\"_blank\" rel=\"noreferrer noopener\">Ruohonjuuren verkkokaupasta sit\u00e4 voi ainakin tilata kotiin.<\/a><\/p>\n<p>Yhten\u00e4 helteisen\u00e4 kes\u00e4lomap\u00e4iv\u00e4n\u00e4 valmistin vatkattua fetaa ja za\u2019atar mausteseoksella maustettuja pitaleipi\u00e4. Niiden lis\u00e4ksi oli tarjolla kirsikkaatomaatti-sipulisalaattia, kurkkua kasvihuoneesta, oliiveja ja paahdettua tahinilla maustettua kukkakaalia. Kevyt lounas maistui erinomaisesti koko perheelle ja etenkin vatkattua fetaa pyydettiin tekem\u00e4\u00e4n pian uudestaan.<\/p>\n<p>Kes\u00e4lomalla olemme keskittyneet makumatkailuun kotoa k\u00e4sin vallitsevasta korona tilanteesta johtuen ja on ollut mukava kokeilla lasten kanssa uusia reseptej\u00e4.<\/p>\n<p><img decoding=\"async\" loading=\"lazy\" class=\"aligncenter size-large wp-image-9223\" src=\"https:\/\/blogit-cdn.a-lehdet.fi\/uploads\/sites\/26\/2021\/07\/zataar-pitat-683x1024.jpg\" alt=\"\" width=\"683\" height=\"1024\" srcset=\"https:\/\/blogit-cdn.a-lehdet.fi\/uploads\/sites\/26\/2021\/07\/zataar-pitat-683x1024.jpg 683w, https:\/\/blogit-cdn.a-lehdet.fi\/uploads\/sites\/26\/2021\/07\/zataar-pitat-200x300.jpg 200w, https:\/\/blogit-cdn.a-lehdet.fi\/uploads\/sites\/26\/2021\/07\/zataar-pitat-768x1152.jpg 768w, https:\/\/blogit-cdn.a-lehdet.fi\/uploads\/sites\/26\/2021\/07\/zataar-pitat-1024x1536.jpg 1024w, https:\/\/blogit-cdn.a-lehdet.fi\/uploads\/sites\/26\/2021\/07\/zataar-pitat-1365x2048.jpg 1365w, https:\/\/blogit-cdn.a-lehdet.fi\/uploads\/sites\/26\/2021\/07\/zataar-pitat-scaled.jpg 1707w\" sizes=\"(max-width: 683px) 100vw, 683px\" \/><\/p>\n","protected":false},"excerpt":{"rendered":"<p>Vatkattu feta oli muutama vuosi sitten niin sanottu hittiresepti. Vatkattu feta j\u00e4i&hellip;<\/p>\n","protected":false},"author":32,"featured_media":0,"comment_status":"open","ping_status":"closed","sticky":false,"template":"","format":"standard","meta":{"footnotes":""},"categories":[1],"tags":[71,139,16],"acf":[],"platta":{"numLikes":8,"numComments":0,"category":"ruoka","themes":["alkuruoat","salaatit","lisukkeet"],"commercial_partner":null,"thumbnail":"https:\/\/blogit-cdn.a-lehdet.fi\/uploads\/sites\/26\/2021\/07\/vispattu-feta-683x1024.jpg","blog_id":26},"jetpack_featured_media_url":"","_links":{"self":[{"href":"https:\/\/blogit.meillakotona.fi\/keittiossakotonajapuutarhassa\/api\/wp\/v2\/posts\/9219"}],"collection":[{"href":"https:\/\/blogit.meillakotona.fi\/keittiossakotonajapuutarhassa\/api\/wp\/v2\/posts"}],"about":[{"href":"https:\/\/blogit.meillakotona.fi\/keittiossakotonajapuutarhassa\/api\/wp\/v2\/types\/post"}],"author":[{"embeddable":true,"href":"https:\/\/blogit.meillakotona.fi\/keittiossakotonajapuutarhassa\/api\/wp\/v2\/users\/32"}],"replies":[{"embeddable":true,"href":"https:\/\/blogit.meillakotona.fi\/keittiossakotonajapuutarhassa\/api\/wp\/v2\/comments?post=9219"}],"version-history":[{"count":5,"href":"https:\/\/blogit.meillakotona.fi\/keittiossakotonajapuutarhassa\/api\/wp\/v2\/posts\/9219\/revisions"}],"predecessor-version":[{"id":9228,"href":"https:\/\/blogit.meillakotona.fi\/keittiossakotonajapuutarhassa\/api\/wp\/v2\/posts\/9219\/revisions\/9228"}],"wp:attachment":[{"href":"https:\/\/blogit.meillakotona.fi\/keittiossakotonajapuutarhassa\/api\/wp\/v2\/media?parent=9219"}],"wp:term":[{"taxonomy":"category","embeddable":true,"href":"https:\/\/blogit.meillakotona.fi\/keittiossakotonajapuutarhassa\/api\/wp\/v2\/categories?post=9219"},{"taxonomy":"post_tag","embeddable":true,"href":"https:\/\/blogit.meillakotona.fi\/keittiossakotonajapuutarhassa\/api\/wp\/v2\/tags?post=9219"}],"curies":[{"name":"wp","href":"https:\/\/api.w.org\/{rel}","templated":true}]}}