{"id":7825,"date":"2018-03-19T16:56:20","date_gmt":"2018-03-19T14:56:20","guid":{"rendered":"http:\/\/blogit.meillakotona.fi\/keittiossakotonajapuutarhassa\/?p=7825"},"modified":"2018-03-19T16:56:20","modified_gmt":"2018-03-19T14:56:20","slug":"puutarhassa-siemeninventaario","status":"publish","type":"post","link":"https:\/\/blogit.meillakotona.fi\/keittiossakotonajapuutarhassa\/puutarhassa-siemeninventaario\/","title":{"rendered":"Puutarhassa: Siemeninventaario"},"content":{"rendered":"<p><img decoding=\"async\" loading=\"lazy\" class=\"alignnone size-large wp-image-7828 aligncenter\" src=\"https:\/\/blogit-cdn.a-lehdet.fi\/uploads\/sites\/26\/2018\/03\/siemen-inventaario-683x1024.jpg\" alt=\"\" width=\"640\" height=\"960\" srcset=\"https:\/\/blogit-cdn.a-lehdet.fi\/uploads\/sites\/26\/2018\/03\/siemen-inventaario-683x1024.jpg 683w, https:\/\/blogit-cdn.a-lehdet.fi\/uploads\/sites\/26\/2018\/03\/siemen-inventaario-200x300.jpg 200w, https:\/\/blogit-cdn.a-lehdet.fi\/uploads\/sites\/26\/2018\/03\/siemen-inventaario-768x1152.jpg 768w, https:\/\/blogit-cdn.a-lehdet.fi\/uploads\/sites\/26\/2018\/03\/siemen-inventaario.jpg 1365w\" sizes=\"(max-width: 640px) 100vw, 640px\" \/><\/p>\n<p>Maaliskuussa p\u00e4ivitt\u00e4in lis\u00e4\u00e4ntyv\u00e4 valon m\u00e4\u00e4r\u00e4 k\u00e4\u00e4nt\u00e4\u00e4 ajatukset v\u00e4\u00e4j\u00e4\u00e4m\u00e4tt\u00e4 kohti puutarhaa, vaikka puutarha lep\u00e4\u00e4kin t\u00e4ll\u00e4 hetkell\u00e4 paksun lumivaipan alla. Nyt on hyv\u00e4 hetki ottaa esille lempi puutarhakirjat ja lehdet, kun maa on sulanut lukemiseen ei en\u00e4\u00e4 ole aikaa. Kaikki liikenev\u00e4 aika kuluu ainakin itsell\u00e4ni puutarhassa sormet onnellisesti mullassa. T\u00e4ll\u00e4 hetkell\u00e4 y\u00f6p\u00f6yd\u00e4lt\u00e4 l\u00f6ytyy iltalukemisena <a rel=\"nofollow\" href=\"https:\/\/www.adlibris.com\/fi\/kirja\/lavatarhuri-9789513180980\" target=\"_blank\" rel=\"noopener\">lavatarhuri<\/a>, <a rel=\"nofollow\" href=\"https:\/\/www.adlibris.com\/fi\/kirja\/makutarhuri-9789513187972?campaignId=e7ebecef-ee0c-43ad-982f-4df5bb9f9ed1\">makutarhuri<\/a> ja <a rel=\"nofollow\" href=\"https:\/\/www.adlibris.com\/fi\/kirja\/satoa-saunan-takaa-9789513165642\" target=\"_blank\" rel=\"noopener\">satoa saunan takaa<\/a>.<\/p>\n<p>Viimeist\u00e4\u00e4n maaliskuun lopulla on teht\u00e4v\u00e4 siemeninventaario. Siemenpussit olen koonnut yhteen laatikkoon, mutta talven aikana on p\u00e4\u00e4ssyt t\u00e4ysin unohtumaan mit\u00e4 siemeni\u00e4 l\u00f6ytyy laatikosta. Siemeninventaarion j\u00e4lkeen p\u00e4\u00e4see yhteen lempi puuhista eli siementen tilaamiseen.<\/p>\n<p>Tosin ennen siementen tilaamista teen kylv\u00f6suunnitelman viime kes\u00e4n\u00e4 perustettuun lavatarhaan. Lavatarhan suunnittelusta ja perustamisesta voit lukea seuraavista postauksista:\u00a0<a href=\"https:\/\/blogit.meillakotona.fi\/keittiossakotonajapuutarhassa\/puutarha-suunnitelmissa-lavatarha\/\">Suunnitelmissa lavatarha<\/a>, <a href=\"https:\/\/blogit.meillakotona.fi\/keittiossakotonajapuutarhassa\/puutarhassa-lavatarhan-perustaminen-osa1\/\">lavatarhan perustaminen osa 1<\/a>, <a href=\"https:\/\/blogit.meillakotona.fi\/keittiossakotonajapuutarhassa\/puutarhassa-lavatarhan-perustaminen-osa2\/\">lavatarhan perustaminen osa 2<\/a> ja <a href=\"https:\/\/blogit.meillakotona.fi\/keittiossakotonajapuutarhassa\/puutarhassa-lavatarhan-perustaminen-osa3\/\">lavatarhan perustaminen osa 3<\/a>.<\/p>\n<p>Kylv\u00f6suunnitelman ansiosta mopo ei yleens\u00e4 l\u00e4hde kovin pahasti k\u00e4sist\u00e4 siementilausta tehdess\u00e4. Se on sitten asia erikseen tuleeko kylv\u00f6suunnitelmaa noudatettua, kun vihdoin ja viimein p\u00e4\u00e4st\u00e4\u00e4n kylv\u00e4miseen asti. Suurimman osan siemenist\u00e4 olen tilannut <a rel=\"nofollow\" href=\"https:\/\/hyotykasviyhdistys.fi\/\" target=\"_blank\" rel=\"noopener\">hy\u00f6tykasviyhdistykselt\u00e4<\/a> ja niin taidan tehd\u00e4 t\u00e4n\u00e4kin vuonna. Kaupassa k\u00e4ydess\u00e4 muutama siemenpussi saattaa kev\u00e4\u00e4n aikana her\u00e4teostoksena tarttua mukaan.<\/p>\n<p><img decoding=\"async\" loading=\"lazy\" class=\"size-large wp-image-7827 aligncenter\" src=\"https:\/\/blogit-cdn.a-lehdet.fi\/uploads\/sites\/26\/2018\/03\/kylvosuunnitelma-683x1024.jpg\" alt=\"\" width=\"640\" height=\"960\" srcset=\"https:\/\/blogit-cdn.a-lehdet.fi\/uploads\/sites\/26\/2018\/03\/kylvosuunnitelma-683x1024.jpg 683w, https:\/\/blogit-cdn.a-lehdet.fi\/uploads\/sites\/26\/2018\/03\/kylvosuunnitelma-200x300.jpg 200w, https:\/\/blogit-cdn.a-lehdet.fi\/uploads\/sites\/26\/2018\/03\/kylvosuunnitelma-768x1152.jpg 768w, https:\/\/blogit-cdn.a-lehdet.fi\/uploads\/sites\/26\/2018\/03\/kylvosuunnitelma.jpg 1365w\" sizes=\"(max-width: 640px) 100vw, 640px\" \/><\/p>\n<p>Viime vuonna viljelin yhdess\u00e4 lavassa kasvikumppaneita porkkanaa ja sipulia. Porkkana ja sipuli sato oli eritt\u00e4in onnistunut, joten n\u00e4m\u00e4 kasvikumppanit p\u00e4\u00e4tyv\u00e4t t\u00e4n\u00e4kin vuonna samaan lavaan kasvamaan. Porkkanan siemeni\u00e4 ei tavitse t\u00e4n\u00e4 vuonna tilata, sill\u00e4 tilasin niit\u00e4 syksyll\u00e4 syyskylv\u00f6\u00e4 varten joka j\u00e4i tekem\u00e4tt\u00e4. Syksyll\u00e4 piti siis tehd\u00e4 syyskylv\u00f6 ja kylv\u00e4\u00e4 porkkanaa, palsternakkaa ja valkosipulia suurimpaan lavaan. Pakkaset ehtiv\u00e4t ennen minua ja syyskylv\u00f6 j\u00e4i tekem\u00e4tt\u00e4. Erityisesti harmittaa etten ehtinyt laittaa valkosipulia kasvamaan. T\u00e4ytyy siis t\u00e4n\u00e4kin vuonna esikasvattaa valkosipulia, ett\u00e4 saadaan kunnon sato. Miten t\u00e4ss\u00e4 malttaa odottaa, ett\u00e4 p\u00e4\u00e4see puutarhaan puuhailemaan&#8230;<\/p>\n<p><img decoding=\"async\" loading=\"lazy\" class=\"size-large wp-image-7826 aligncenter\" src=\"https:\/\/blogit-cdn.a-lehdet.fi\/uploads\/sites\/26\/2018\/03\/kumppanuuskasvit-683x1024.jpg\" alt=\"\" width=\"640\" height=\"960\" srcset=\"https:\/\/blogit-cdn.a-lehdet.fi\/uploads\/sites\/26\/2018\/03\/kumppanuuskasvit-683x1024.jpg 683w, https:\/\/blogit-cdn.a-lehdet.fi\/uploads\/sites\/26\/2018\/03\/kumppanuuskasvit-200x300.jpg 200w, https:\/\/blogit-cdn.a-lehdet.fi\/uploads\/sites\/26\/2018\/03\/kumppanuuskasvit-768x1152.jpg 768w, https:\/\/blogit-cdn.a-lehdet.fi\/uploads\/sites\/26\/2018\/03\/kumppanuuskasvit.jpg 1365w\" sizes=\"(max-width: 640px) 100vw, 640px\" \/><\/p>\n","protected":false},"excerpt":{"rendered":"<p>Maaliskuussa p\u00e4ivitt\u00e4in lis\u00e4\u00e4ntyv\u00e4 valon m\u00e4\u00e4r\u00e4 k\u00e4\u00e4nt\u00e4\u00e4 ajatukset v\u00e4\u00e4j\u00e4\u00e4m\u00e4tt\u00e4 kohti puutarhaa, vaikka puutarha&hellip;<\/p>\n","protected":false},"author":32,"featured_media":0,"comment_status":"open","ping_status":"closed","sticky":false,"template":"","format":"standard","meta":{"footnotes":""},"categories":[296],"tags":[24,243],"acf":[],"platta":{"numLikes":0,"numComments":0,"category":null,"themes":[],"commercial_partner":null,"thumbnail":"https:\/\/blogit-cdn.a-lehdet.fi\/uploads\/sites\/26\/2018\/03\/siemen-inventaario-683x1024.jpg","blog_id":26},"jetpack_featured_media_url":"","_links":{"self":[{"href":"https:\/\/blogit.meillakotona.fi\/keittiossakotonajapuutarhassa\/api\/wp\/v2\/posts\/7825"}],"collection":[{"href":"https:\/\/blogit.meillakotona.fi\/keittiossakotonajapuutarhassa\/api\/wp\/v2\/posts"}],"about":[{"href":"https:\/\/blogit.meillakotona.fi\/keittiossakotonajapuutarhassa\/api\/wp\/v2\/types\/post"}],"author":[{"embeddable":true,"href":"https:\/\/blogit.meillakotona.fi\/keittiossakotonajapuutarhassa\/api\/wp\/v2\/users\/32"}],"replies":[{"embeddable":true,"href":"https:\/\/blogit.meillakotona.fi\/keittiossakotonajapuutarhassa\/api\/wp\/v2\/comments?post=7825"}],"version-history":[{"count":2,"href":"https:\/\/blogit.meillakotona.fi\/keittiossakotonajapuutarhassa\/api\/wp\/v2\/posts\/7825\/revisions"}],"predecessor-version":[{"id":7831,"href":"https:\/\/blogit.meillakotona.fi\/keittiossakotonajapuutarhassa\/api\/wp\/v2\/posts\/7825\/revisions\/7831"}],"wp:attachment":[{"href":"https:\/\/blogit.meillakotona.fi\/keittiossakotonajapuutarhassa\/api\/wp\/v2\/media?parent=7825"}],"wp:term":[{"taxonomy":"category","embeddable":true,"href":"https:\/\/blogit.meillakotona.fi\/keittiossakotonajapuutarhassa\/api\/wp\/v2\/categories?post=7825"},{"taxonomy":"post_tag","embeddable":true,"href":"https:\/\/blogit.meillakotona.fi\/keittiossakotonajapuutarhassa\/api\/wp\/v2\/tags?post=7825"}],"curies":[{"name":"wp","href":"https:\/\/api.w.org\/{rel}","templated":true}]}}