{"id":7730,"date":"2018-02-18T18:12:45","date_gmt":"2018-02-18T16:12:45","guid":{"rendered":"http:\/\/blogit.meillakotona.fi\/keittiossakotonajapuutarhassa\/?p=7730"},"modified":"2018-02-18T18:12:45","modified_gmt":"2018-02-18T16:12:45","slug":"hiihtolomalla-ulkoillaan-ja-syodaan-hyvin","status":"publish","type":"post","link":"https:\/\/blogit.meillakotona.fi\/keittiossakotonajapuutarhassa\/hiihtolomalla-ulkoillaan-ja-syodaan-hyvin\/","title":{"rendered":"Hiihtolomalla ulkoillaan ja sy\u00f6d\u00e4\u00e4n hyvin!"},"content":{"rendered":"<p><img decoding=\"async\" loading=\"lazy\" class=\"aligncenter size-large wp-image-7731\" src=\"https:\/\/a-lehdet-blogs.s3.eu-central-1.amazonaws.com\/uploads\/sites\/26\/2018\/02\/blinit-682x1024.jpg\" alt=\"\" width=\"640\" height=\"961\" srcset=\"https:\/\/blogit-cdn.a-lehdet.fi\/uploads\/sites\/26\/2018\/02\/blinit-682x1024.jpg 682w, https:\/\/blogit-cdn.a-lehdet.fi\/uploads\/sites\/26\/2018\/02\/blinit-200x300.jpg 200w, https:\/\/blogit-cdn.a-lehdet.fi\/uploads\/sites\/26\/2018\/02\/blinit-768x1152.jpg 768w, https:\/\/blogit-cdn.a-lehdet.fi\/uploads\/sites\/26\/2018\/02\/blinit.jpg 933w\" sizes=\"(max-width: 640px) 100vw, 640px\" \/> <img decoding=\"async\" loading=\"lazy\" class=\"aligncenter size-large wp-image-7732\" src=\"https:\/\/a-lehdet-blogs.s3.eu-central-1.amazonaws.com\/uploads\/sites\/26\/2018\/02\/kylmasavulohi_porkkanasta_0-682x1024.jpg\" alt=\"\" width=\"640\" height=\"961\" srcset=\"https:\/\/blogit-cdn.a-lehdet.fi\/uploads\/sites\/26\/2018\/02\/kylmasavulohi_porkkanasta_0-682x1024.jpg 682w, https:\/\/blogit-cdn.a-lehdet.fi\/uploads\/sites\/26\/2018\/02\/kylmasavulohi_porkkanasta_0-200x300.jpg 200w, https:\/\/blogit-cdn.a-lehdet.fi\/uploads\/sites\/26\/2018\/02\/kylmasavulohi_porkkanasta_0-768x1152.jpg 768w, https:\/\/blogit-cdn.a-lehdet.fi\/uploads\/sites\/26\/2018\/02\/kylmasavulohi_porkkanasta_0.jpg 933w\" sizes=\"(max-width: 640px) 100vw, 640px\" \/><\/p>\n<p>Hiihtolomalla ulkoillaan usein miltei koko p\u00e4iv\u00e4 pakkass\u00e4\u00e4ss\u00e4. Lapsuudessani hiihtolomat vietimme miltei aina lapissa. Hiihtoloma kului nopeasti hiiht\u00e4en ja lasketellen. Kun on viett\u00e4nyt koko p\u00e4iv\u00e4n ulkoillen voi hyv\u00e4ll\u00e4 omalla tunnolla illallisella sy\u00f6d\u00e4 hyvin ja nauttia ruoasta.<\/p>\n<p>Blinit kruunaavat taatusti ulkoilmassa vietetyn talvisen pakkasp\u00e4iv\u00e4n. <a href=\"https:\/\/blogit.meillakotona.fi\/keittiossakotonajapuutarhassa\/blinit-krapin-tapaan\/\">Blogista l\u00f6ytyy resepti, jolla valmistat blinit ravintola Krapihovin tapaan<\/a>. Kala- ja \u00e4yri\u00e4isallergian takia meid\u00e4n perheen blinien lisukkeet eroavat perinteisist\u00e4. Blinien kanssa meill\u00e4 on\u00a0 perinteisesti tarjolla <a rel=\"nofollow\" href=\"http:\/\/www.maku.fi\/blogit\/keittiossa-kotona-ja-puutarhassa\/joulun-suuri-herkku-sienisalaatti\">sienisalaattia<\/a>, <a rel=\"nofollow\" href=\"http:\/\/www.maku.fi\/reseptit\/rieskakupit-ja-savuporotayte\">savuporomoussea<\/a>, ven\u00e4l\u00e4isi\u00e4 suolakurkkuja, hunajaa, smetanaa ja hienonnettua punasipulia sek\u00e4 tilli\u00e4.<\/p>\n<p>Nyky\u00e4\u00e4n blinien kanssa tarjotaan my\u00f6s somehitiksi noussutta <a rel=\"nofollow\" href=\"http:\/\/www.maku.fi\/blogit\/keittiossa-kotona-ja-puutarhassa\/porkkala\">porkkalaa<\/a> ja sek\u00e4 porkkalan tapaan valmistettua <a rel=\"nofollow\" href=\"http:\/\/www.maku.fi\/blogit\/keittiossa-kotona-ja-puutarhassa\/vegaaninen-kylmasavuporo\">punajuurta<\/a>.\u00a0 <a href=\"https:\/\/blogit.meillakotona.fi\/keittiossakotonajapuutarhassa\/punajuurisalaatti-x2\/\">Paahdetuista punajuurista valmistetut salaatit<\/a> sopisivat varmasti my\u00f6s blinien kera tarjottavaksi. Itse ajattelin n\u00e4it\u00e4 punajuurisalaatteja tarjota seuraavan kerran blinien kanssa.<img decoding=\"async\" loading=\"lazy\" class=\"aligncenter size-large wp-image-7733\" src=\"https:\/\/a-lehdet-blogs.s3.eu-central-1.amazonaws.com\/uploads\/sites\/26\/2018\/02\/kylmasavuporo_punajuuresta_0-682x1024.jpg\" alt=\"\" width=\"640\" height=\"961\" srcset=\"https:\/\/blogit-cdn.a-lehdet.fi\/uploads\/sites\/26\/2018\/02\/kylmasavuporo_punajuuresta_0-682x1024.jpg 682w, https:\/\/blogit-cdn.a-lehdet.fi\/uploads\/sites\/26\/2018\/02\/kylmasavuporo_punajuuresta_0-200x300.jpg 200w, https:\/\/blogit-cdn.a-lehdet.fi\/uploads\/sites\/26\/2018\/02\/kylmasavuporo_punajuuresta_0-768x1152.jpg 768w, https:\/\/blogit-cdn.a-lehdet.fi\/uploads\/sites\/26\/2018\/02\/kylmasavuporo_punajuuresta_0.jpg 933w\" sizes=\"(max-width: 640px) 100vw, 640px\" \/> <img decoding=\"async\" loading=\"lazy\" class=\"aligncenter size-large wp-image-7734\" src=\"https:\/\/a-lehdet-blogs.s3.eu-central-1.amazonaws.com\/uploads\/sites\/26\/2018\/02\/punajuurisalaatti-paahdetuista-punajuurista-683x1024-683x1024.jpg\" alt=\"\" width=\"640\" height=\"960\" srcset=\"https:\/\/blogit-cdn.a-lehdet.fi\/uploads\/sites\/26\/2018\/02\/punajuurisalaatti-paahdetuista-punajuurista-683x1024.jpg 683w, https:\/\/blogit-cdn.a-lehdet.fi\/uploads\/sites\/26\/2018\/02\/punajuurisalaatti-paahdetuista-punajuurista-683x1024-200x300.jpg 200w\" sizes=\"(max-width: 640px) 100vw, 640px\" \/><\/p>\n<p>Raclette ja m\u00f6kin nurkissa paukkuva pakkanen sopivat yhteen kuin nen\u00e4 p\u00e4\u00e4h\u00e4n. <a href=\"https:\/\/blogit.meillakotona.fi\/keittiossakotonajapuutarhassa\/raclette-ilta\/\">Blogista l\u00f6ytyy vinkit raclette iltaan ja lisukkeisiin<\/a>. Jos illalliselta j\u00e4\u00e4 racletjuustoa yli voi seuraavana p\u00e4iv\u00e4n\u00e4 valmistaa <a href=\"https:\/\/blogit.meillakotona.fi\/keittiossakotonajapuutarhassa\/raclet-uuniperunat\/\">raclet-uuniperunoita<\/a>. Racleten yst\u00e4ville maistuu taatusti my\u00f6s <a href=\"https:\/\/blogit.meillakotona.fi\/keittiossakotonajapuutarhassa\/tartiflette\/\">herkullinen tartiflette<\/a>. Tartifletteen k\u00e4ytett\u00e4v\u00e4\u00e4 reblochon juustoa on ollut silloin t\u00e4ll\u00f6in tarjolla Lidliss\u00e4. Tarvittaessa reblochon juuston voi korvata raclette juustolla. Tartifleten kanssa olen usein tarjonnut miltei samoja lisukkeita kuin racleten kera. Tartifletta on my\u00f6s siit\u00e4 k\u00e4tev\u00e4, ett\u00e4 se valmistuu uunivuoassa ja et tarvitse raclette grilli\u00e4.<\/p>\n<p><img decoding=\"async\" loading=\"lazy\" class=\"aligncenter size-large wp-image-7735\" src=\"https:\/\/a-lehdet-blogs.s3.eu-central-1.amazonaws.com\/uploads\/sites\/26\/2018\/02\/raclette_illallinen-682x1024.jpg\" alt=\"\" width=\"640\" height=\"961\" srcset=\"https:\/\/blogit-cdn.a-lehdet.fi\/uploads\/sites\/26\/2018\/02\/raclette_illallinen-682x1024.jpg 682w, https:\/\/blogit-cdn.a-lehdet.fi\/uploads\/sites\/26\/2018\/02\/raclette_illallinen-200x300.jpg 200w, https:\/\/blogit-cdn.a-lehdet.fi\/uploads\/sites\/26\/2018\/02\/raclette_illallinen-768x1152.jpg 768w, https:\/\/blogit-cdn.a-lehdet.fi\/uploads\/sites\/26\/2018\/02\/raclette_illallinen.jpg 933w\" sizes=\"(max-width: 640px) 100vw, 640px\" \/> <img decoding=\"async\" loading=\"lazy\" class=\"aligncenter size-large wp-image-7736\" src=\"https:\/\/a-lehdet-blogs.s3.eu-central-1.amazonaws.com\/uploads\/sites\/26\/2018\/02\/tartiflette-682x1024.jpg\" alt=\"\" width=\"640\" height=\"961\" srcset=\"https:\/\/blogit-cdn.a-lehdet.fi\/uploads\/sites\/26\/2018\/02\/tartiflette-682x1024.jpg 682w, https:\/\/blogit-cdn.a-lehdet.fi\/uploads\/sites\/26\/2018\/02\/tartiflette-200x300.jpg 200w, https:\/\/blogit-cdn.a-lehdet.fi\/uploads\/sites\/26\/2018\/02\/tartiflette-768x1152.jpg 768w, https:\/\/blogit-cdn.a-lehdet.fi\/uploads\/sites\/26\/2018\/02\/tartiflette.jpg 933w\" sizes=\"(max-width: 640px) 100vw, 640px\" \/> <img decoding=\"async\" loading=\"lazy\" class=\"aligncenter size-large wp-image-7737\" src=\"https:\/\/a-lehdet-blogs.s3.eu-central-1.amazonaws.com\/uploads\/sites\/26\/2018\/02\/tartiflette_illallinen-682x1024.jpg\" alt=\"\" width=\"640\" height=\"961\" srcset=\"https:\/\/blogit-cdn.a-lehdet.fi\/uploads\/sites\/26\/2018\/02\/tartiflette_illallinen-682x1024.jpg 682w, https:\/\/blogit-cdn.a-lehdet.fi\/uploads\/sites\/26\/2018\/02\/tartiflette_illallinen-200x300.jpg 200w, https:\/\/blogit-cdn.a-lehdet.fi\/uploads\/sites\/26\/2018\/02\/tartiflette_illallinen-768x1152.jpg 768w, https:\/\/blogit-cdn.a-lehdet.fi\/uploads\/sites\/26\/2018\/02\/tartiflette_illallinen.jpg 933w\" sizes=\"(max-width: 640px) 100vw, 640px\" \/><\/p>\n","protected":false},"excerpt":{"rendered":"<p>Hiihtolomalla ulkoillaan usein miltei koko p\u00e4iv\u00e4 pakkass\u00e4\u00e4ss\u00e4. Lapsuudessani hiihtolomat vietimme miltei aina&hellip;<\/p>\n","protected":false},"author":32,"featured_media":0,"comment_status":"open","ping_status":"closed","sticky":false,"template":"","format":"standard","meta":{"footnotes":""},"categories":[314],"tags":[315],"acf":[],"platta":{"numLikes":0,"numComments":0,"category":"ruoka","themes":["blinit"],"commercial_partner":null,"thumbnail":"https:\/\/a-lehdet-blogs.s3.eu-central-1.amazonaws.com\/uploads\/sites\/26\/2018\/02\/blinit-682x1024.jpg","blog_id":26},"jetpack_featured_media_url":"","_links":{"self":[{"href":"https:\/\/blogit.meillakotona.fi\/keittiossakotonajapuutarhassa\/api\/wp\/v2\/posts\/7730"}],"collection":[{"href":"https:\/\/blogit.meillakotona.fi\/keittiossakotonajapuutarhassa\/api\/wp\/v2\/posts"}],"about":[{"href":"https:\/\/blogit.meillakotona.fi\/keittiossakotonajapuutarhassa\/api\/wp\/v2\/types\/post"}],"author":[{"embeddable":true,"href":"https:\/\/blogit.meillakotona.fi\/keittiossakotonajapuutarhassa\/api\/wp\/v2\/users\/32"}],"replies":[{"embeddable":true,"href":"https:\/\/blogit.meillakotona.fi\/keittiossakotonajapuutarhassa\/api\/wp\/v2\/comments?post=7730"}],"version-history":[{"count":1,"href":"https:\/\/blogit.meillakotona.fi\/keittiossakotonajapuutarhassa\/api\/wp\/v2\/posts\/7730\/revisions"}],"predecessor-version":[{"id":7738,"href":"https:\/\/blogit.meillakotona.fi\/keittiossakotonajapuutarhassa\/api\/wp\/v2\/posts\/7730\/revisions\/7738"}],"wp:attachment":[{"href":"https:\/\/blogit.meillakotona.fi\/keittiossakotonajapuutarhassa\/api\/wp\/v2\/media?parent=7730"}],"wp:term":[{"taxonomy":"category","embeddable":true,"href":"https:\/\/blogit.meillakotona.fi\/keittiossakotonajapuutarhassa\/api\/wp\/v2\/categories?post=7730"},{"taxonomy":"post_tag","embeddable":true,"href":"https:\/\/blogit.meillakotona.fi\/keittiossakotonajapuutarhassa\/api\/wp\/v2\/tags?post=7730"}],"curies":[{"name":"wp","href":"https:\/\/api.w.org\/{rel}","templated":true}]}}