{"id":4325,"date":"2017-05-21T18:19:33","date_gmt":"2017-05-21T15:19:33","guid":{"rendered":"http:\/\/blogit.meillakotona.fi\/keittiossakotonajapuutarhassa\/puutarhassa-lavatarhan-perustaminen-osa3\/"},"modified":"2017-11-01T12:30:03","modified_gmt":"2017-11-01T10:30:03","slug":"puutarhassa-lavatarhan-perustaminen-osa3","status":"publish","type":"post","link":"https:\/\/blogit.meillakotona.fi\/keittiossakotonajapuutarhassa\/puutarhassa-lavatarhan-perustaminen-osa3\/","title":{"rendered":"Puutarhassa: Lavatarhan perustaminen osa3"},"content":{"rendered":"<p><img decoding=\"async\" loading=\"lazy\" width=\"933\" height=\"1400\" src=\"https:\/\/i2.wp.com\/a-lehdet-blogs.s3.amazonaws.com\/uploads\/sites\/26\/2017\/05\/porkkana_sipuli_lava.jpg?fit=933%2C1400&amp;ssl=1\" class=\"attachment-full size-full\" alt=\"\" srcset=\"https:\/\/i2.wp.com\/a-lehdet-blogs.s3.amazonaws.com\/uploads\/sites\/26\/2017\/05\/porkkana_sipuli_lava.jpg?w=933&amp;ssl=1 933w, https:\/\/i2.wp.com\/a-lehdet-blogs.s3.amazonaws.com\/uploads\/sites\/26\/2017\/05\/porkkana_sipuli_lava.jpg?resize=200%2C300&amp;ssl=1 200w, https:\/\/i2.wp.com\/a-lehdet-blogs.s3.amazonaws.com\/uploads\/sites\/26\/2017\/05\/porkkana_sipuli_lava.jpg?resize=768%2C1152&amp;ssl=1 768w, https:\/\/i2.wp.com\/a-lehdet-blogs.s3.amazonaws.com\/uploads\/sites\/26\/2017\/05\/porkkana_sipuli_lava.jpg?resize=682%2C1024&amp;ssl=1 682w\" sizes=\"(max-width: 933px) 100vw, 933px\" data-attachment-id=\"4791\" data-permalink=\"http:\/\/blogit.meillakotona.fi\/keittiossakotonajapuutarhassa\/porkkana_sipuli_lava-jpg\/\" data-orig-file=\"https:\/\/i2.wp.com\/a-lehdet-blogs.s3.amazonaws.com\/uploads\/sites\/26\/2017\/05\/porkkana_sipuli_lava.jpg?fit=933%2C1400&amp;ssl=1\" data-orig-size=\"933,1400\" data-comments-opened=\"1\" data-image-meta=\"{&quot;aperture&quot;:&quot;0&quot;,&quot;credit&quot;:&quot;&quot;,&quot;camera&quot;:&quot;&quot;,&quot;caption&quot;:&quot;&quot;,&quot;created_timestamp&quot;:&quot;0&quot;,&quot;copyright&quot;:&quot;&quot;,&quot;focal_length&quot;:&quot;0&quot;,&quot;iso&quot;:&quot;0&quot;,&quot;shutter_speed&quot;:&quot;0&quot;,&quot;title&quot;:&quot;&quot;,&quot;orientation&quot;:&quot;0&quot;}\" data-image-title=\"porkkana_sipuli_lava.jpg\" data-image-description=\"\" data-medium-file=\"https:\/\/i2.wp.com\/a-lehdet-blogs.s3.amazonaws.com\/uploads\/sites\/26\/2017\/05\/porkkana_sipuli_lava.jpg?fit=200%2C300&amp;ssl=1\" data-large-file=\"https:\/\/i2.wp.com\/a-lehdet-blogs.s3.amazonaws.com\/uploads\/sites\/26\/2017\/05\/porkkana_sipuli_lava.jpg?fit=682%2C1024&amp;ssl=1\" \/><\/p>\n<p><img decoding=\"async\" loading=\"lazy\" width=\"933\" height=\"1400\" src=\"https:\/\/i2.wp.com\/a-lehdet-blogs.s3.amazonaws.com\/uploads\/sites\/26\/2017\/05\/lehtikaali_kasvilava.jpg?fit=933%2C1400&amp;ssl=1\" class=\"attachment-full size-full\" alt=\"\" srcset=\"https:\/\/i2.wp.com\/a-lehdet-blogs.s3.amazonaws.com\/uploads\/sites\/26\/2017\/05\/lehtikaali_kasvilava.jpg?w=933&amp;ssl=1 933w, https:\/\/i2.wp.com\/a-lehdet-blogs.s3.amazonaws.com\/uploads\/sites\/26\/2017\/05\/lehtikaali_kasvilava.jpg?resize=200%2C300&amp;ssl=1 200w, https:\/\/i2.wp.com\/a-lehdet-blogs.s3.amazonaws.com\/uploads\/sites\/26\/2017\/05\/lehtikaali_kasvilava.jpg?resize=768%2C1152&amp;ssl=1 768w, https:\/\/i2.wp.com\/a-lehdet-blogs.s3.amazonaws.com\/uploads\/sites\/26\/2017\/05\/lehtikaali_kasvilava.jpg?resize=682%2C1024&amp;ssl=1 682w\" sizes=\"(max-width: 933px) 100vw, 933px\" data-attachment-id=\"4793\" data-permalink=\"http:\/\/blogit.meillakotona.fi\/keittiossakotonajapuutarhassa\/lehtikaali_kasvilava-jpg\/\" data-orig-file=\"https:\/\/i2.wp.com\/a-lehdet-blogs.s3.amazonaws.com\/uploads\/sites\/26\/2017\/05\/lehtikaali_kasvilava.jpg?fit=933%2C1400&amp;ssl=1\" data-orig-size=\"933,1400\" data-comments-opened=\"1\" data-image-meta=\"{&quot;aperture&quot;:&quot;0&quot;,&quot;credit&quot;:&quot;&quot;,&quot;camera&quot;:&quot;&quot;,&quot;caption&quot;:&quot;&quot;,&quot;created_timestamp&quot;:&quot;0&quot;,&quot;copyright&quot;:&quot;&quot;,&quot;focal_length&quot;:&quot;0&quot;,&quot;iso&quot;:&quot;0&quot;,&quot;shutter_speed&quot;:&quot;0&quot;,&quot;title&quot;:&quot;&quot;,&quot;orientation&quot;:&quot;0&quot;}\" data-image-title=\"lehtikaali_kasvilava.jpg\" data-image-description=\"\" data-medium-file=\"https:\/\/i2.wp.com\/a-lehdet-blogs.s3.amazonaws.com\/uploads\/sites\/26\/2017\/05\/lehtikaali_kasvilava.jpg?fit=200%2C300&amp;ssl=1\" data-large-file=\"https:\/\/i2.wp.com\/a-lehdet-blogs.s3.amazonaws.com\/uploads\/sites\/26\/2017\/05\/lehtikaali_kasvilava.jpg?fit=682%2C1024&amp;ssl=1\" \/><\/p>\n<p>Lavatarhan perustaminen on taas edennyt t\u00e4n\u00e4 viikonloppuna. Koko viikonloppu tuli oltua ulkona ja nautittua mahtavista s\u00e4ist\u00e4. Kaksi lavaa on jo kokonaan valmiina ja kolmannesta puuttuu en\u00e4\u00e4 p\u00e4\u00e4llilaudat sek\u00e4 kaaret harsojen kiinnityst\u00e4 varten.<\/p>\n<p>K\u00e4tev\u00e4t kaaret valmistuivat s\u00e4hk\u00f6asennusputkesta. Kaariin saisi tarvittaessa kiinnitetty\u00e4 my\u00f6s muovin ja n\u00e4in rakennettua minikasvihuoneen lavaan. Toistaiseksi menn\u00e4\u00e4n kuitenkin harsoilla kunnes on takuulla kokoajan tarpeeksi l\u00e4mmint\u00e4.<\/p>\n<p>Ensimm\u00e4iseen lavaan istutin valko-, kelta- ja punasipulia, porkkanaa, salaattia ja samettikukkia. Toiseen lavaan istutin valkosipuli, samettikukkia, lehtikaalta, rucolaa, aasialaista salaattisiemenseosta, fenkolia ja kyss\u00e4kaalia. T\u00e4m\u00e4n lavan meinasin suojata harsolla koko kes\u00e4n, ettei lehtikaalit ja rucolat p\u00e4\u00e4dy kirppojen, kaaliperhosten tai kaalikoiden suihin.<\/p>\n<p>Kolmanteen lavaan istutin vasta loput valkosipulit, krassia, myski- ja kes\u00e4kurpitsan. Ainakin papuja, punajuurta ja mangoldia ajattelin viel\u00e4 t\u00e4h\u00e4n lavaan laittaa.<\/p>\n<p><img decoding=\"async\" loading=\"lazy\" width=\"933\" height=\"1400\" src=\"https:\/\/i1.wp.com\/a-lehdet-blogs.s3.amazonaws.com\/uploads\/sites\/26\/2017\/05\/lavatarha_harso.jpg?fit=933%2C1400&amp;ssl=1\" class=\"attachment-full size-full\" alt=\"\" srcset=\"https:\/\/i1.wp.com\/a-lehdet-blogs.s3.amazonaws.com\/uploads\/sites\/26\/2017\/05\/lavatarha_harso.jpg?w=933&amp;ssl=1 933w, https:\/\/i1.wp.com\/a-lehdet-blogs.s3.amazonaws.com\/uploads\/sites\/26\/2017\/05\/lavatarha_harso.jpg?resize=200%2C300&amp;ssl=1 200w, https:\/\/i1.wp.com\/a-lehdet-blogs.s3.amazonaws.com\/uploads\/sites\/26\/2017\/05\/lavatarha_harso.jpg?resize=768%2C1152&amp;ssl=1 768w, https:\/\/i1.wp.com\/a-lehdet-blogs.s3.amazonaws.com\/uploads\/sites\/26\/2017\/05\/lavatarha_harso.jpg?resize=682%2C1024&amp;ssl=1 682w\" sizes=\"(max-width: 933px) 100vw, 933px\" data-attachment-id=\"4795\" data-permalink=\"http:\/\/blogit.meillakotona.fi\/keittiossakotonajapuutarhassa\/lavatarha_harso-jpg\/\" data-orig-file=\"https:\/\/i1.wp.com\/a-lehdet-blogs.s3.amazonaws.com\/uploads\/sites\/26\/2017\/05\/lavatarha_harso.jpg?fit=933%2C1400&amp;ssl=1\" data-orig-size=\"933,1400\" data-comments-opened=\"1\" data-image-meta=\"{&quot;aperture&quot;:&quot;0&quot;,&quot;credit&quot;:&quot;&quot;,&quot;camera&quot;:&quot;&quot;,&quot;caption&quot;:&quot;&quot;,&quot;created_timestamp&quot;:&quot;0&quot;,&quot;copyright&quot;:&quot;&quot;,&quot;focal_length&quot;:&quot;0&quot;,&quot;iso&quot;:&quot;0&quot;,&quot;shutter_speed&quot;:&quot;0&quot;,&quot;title&quot;:&quot;&quot;,&quot;orientation&quot;:&quot;0&quot;}\" data-image-title=\"lavatarha_harso.jpg\" data-image-description=\"\" data-medium-file=\"https:\/\/i1.wp.com\/a-lehdet-blogs.s3.amazonaws.com\/uploads\/sites\/26\/2017\/05\/lavatarha_harso.jpg?fit=200%2C300&amp;ssl=1\" data-large-file=\"https:\/\/i1.wp.com\/a-lehdet-blogs.s3.amazonaws.com\/uploads\/sites\/26\/2017\/05\/lavatarha_harso.jpg?fit=682%2C1024&amp;ssl=1\" \/><\/p>\n<p><img decoding=\"async\" loading=\"lazy\" width=\"933\" height=\"1400\" src=\"https:\/\/i0.wp.com\/a-lehdet-blogs.s3.amazonaws.com\/uploads\/sites\/26\/2017\/05\/kasvilava-2.jpg?fit=933%2C1400&amp;ssl=1\" class=\"attachment-full size-full\" alt=\"\" srcset=\"https:\/\/i0.wp.com\/a-lehdet-blogs.s3.amazonaws.com\/uploads\/sites\/26\/2017\/05\/kasvilava-2.jpg?w=933&amp;ssl=1 933w, https:\/\/i0.wp.com\/a-lehdet-blogs.s3.amazonaws.com\/uploads\/sites\/26\/2017\/05\/kasvilava-2.jpg?resize=200%2C300&amp;ssl=1 200w, https:\/\/i0.wp.com\/a-lehdet-blogs.s3.amazonaws.com\/uploads\/sites\/26\/2017\/05\/kasvilava-2.jpg?resize=768%2C1152&amp;ssl=1 768w, https:\/\/i0.wp.com\/a-lehdet-blogs.s3.amazonaws.com\/uploads\/sites\/26\/2017\/05\/kasvilava-2.jpg?resize=682%2C1024&amp;ssl=1 682w\" sizes=\"(max-width: 933px) 100vw, 933px\" data-attachment-id=\"4797\" data-permalink=\"http:\/\/blogit.meillakotona.fi\/keittiossakotonajapuutarhassa\/kasvilava-2-jpg\/\" data-orig-file=\"https:\/\/i0.wp.com\/a-lehdet-blogs.s3.amazonaws.com\/uploads\/sites\/26\/2017\/05\/kasvilava-2.jpg?fit=933%2C1400&amp;ssl=1\" data-orig-size=\"933,1400\" data-comments-opened=\"1\" data-image-meta=\"{&quot;aperture&quot;:&quot;0&quot;,&quot;credit&quot;:&quot;&quot;,&quot;camera&quot;:&quot;&quot;,&quot;caption&quot;:&quot;&quot;,&quot;created_timestamp&quot;:&quot;0&quot;,&quot;copyright&quot;:&quot;&quot;,&quot;focal_length&quot;:&quot;0&quot;,&quot;iso&quot;:&quot;0&quot;,&quot;shutter_speed&quot;:&quot;0&quot;,&quot;title&quot;:&quot;&quot;,&quot;orientation&quot;:&quot;0&quot;}\" data-image-title=\"kasvilava-2.jpg\" data-image-description=\"\" data-medium-file=\"https:\/\/i0.wp.com\/a-lehdet-blogs.s3.amazonaws.com\/uploads\/sites\/26\/2017\/05\/kasvilava-2.jpg?fit=200%2C300&amp;ssl=1\" data-large-file=\"https:\/\/i0.wp.com\/a-lehdet-blogs.s3.amazonaws.com\/uploads\/sites\/26\/2017\/05\/kasvilava-2.jpg?fit=682%2C1024&amp;ssl=1\" \/><\/p>\n<p><img decoding=\"async\" loading=\"lazy\" width=\"933\" height=\"1400\" src=\"https:\/\/i2.wp.com\/a-lehdet-blogs.s3.amazonaws.com\/uploads\/sites\/26\/2017\/05\/vesimeloni.jpg?fit=933%2C1400&amp;ssl=1\" class=\"attachment-full size-full\" alt=\"\" srcset=\"https:\/\/i2.wp.com\/a-lehdet-blogs.s3.amazonaws.com\/uploads\/sites\/26\/2017\/05\/vesimeloni.jpg?w=933&amp;ssl=1 933w, https:\/\/i2.wp.com\/a-lehdet-blogs.s3.amazonaws.com\/uploads\/sites\/26\/2017\/05\/vesimeloni.jpg?resize=200%2C300&amp;ssl=1 200w, https:\/\/i2.wp.com\/a-lehdet-blogs.s3.amazonaws.com\/uploads\/sites\/26\/2017\/05\/vesimeloni.jpg?resize=768%2C1152&amp;ssl=1 768w, https:\/\/i2.wp.com\/a-lehdet-blogs.s3.amazonaws.com\/uploads\/sites\/26\/2017\/05\/vesimeloni.jpg?resize=682%2C1024&amp;ssl=1 682w\" sizes=\"(max-width: 933px) 100vw, 933px\" data-attachment-id=\"4799\" data-permalink=\"http:\/\/blogit.meillakotona.fi\/keittiossakotonajapuutarhassa\/vesimeloni-jpg\/\" data-orig-file=\"https:\/\/i2.wp.com\/a-lehdet-blogs.s3.amazonaws.com\/uploads\/sites\/26\/2017\/05\/vesimeloni.jpg?fit=933%2C1400&amp;ssl=1\" data-orig-size=\"933,1400\" data-comments-opened=\"1\" data-image-meta=\"{&quot;aperture&quot;:&quot;0&quot;,&quot;credit&quot;:&quot;&quot;,&quot;camera&quot;:&quot;&quot;,&quot;caption&quot;:&quot;&quot;,&quot;created_timestamp&quot;:&quot;0&quot;,&quot;copyright&quot;:&quot;&quot;,&quot;focal_length&quot;:&quot;0&quot;,&quot;iso&quot;:&quot;0&quot;,&quot;shutter_speed&quot;:&quot;0&quot;,&quot;title&quot;:&quot;&quot;,&quot;orientation&quot;:&quot;0&quot;}\" data-image-title=\"vesimeloni.jpg\" data-image-description=\"\" data-medium-file=\"https:\/\/i2.wp.com\/a-lehdet-blogs.s3.amazonaws.com\/uploads\/sites\/26\/2017\/05\/vesimeloni.jpg?fit=200%2C300&amp;ssl=1\" data-large-file=\"https:\/\/i2.wp.com\/a-lehdet-blogs.s3.amazonaws.com\/uploads\/sites\/26\/2017\/05\/vesimeloni.jpg?fit=682%2C1024&amp;ssl=1\" \/><\/p>\n<p>Lasten omaan minilavaan he valitsivat yll\u00e4tt\u00e4en vesimelonin taimet. T\u00e4ytyy hiukan mietti\u00e4 miten vesimelonit suojataan ja pidet\u00e4\u00e4n l\u00e4mpimin\u00e4, jotta jaksavat kasvaa.<\/p>\n<p>Lavojen lis\u00e4ksi tuli puuhailtua muuallakin puutarhassa. Innostuin nyt totaallisesti mintuista ja istutin ruukkuihin omena-, mansikka-, suklaa-, mojito- ja marokonminttua. L\u00f6ysin t\u00e4n\u00e4\u00e4n my\u00f6s itselleni uusia yrttej\u00e4 taimistolta. Oliiviyrtti, suolayrtti, ananassalvia, vietnaminkorianteri ja japaninrantaminttu odottavat viel\u00e4 istuttamista ruukkuihin.<\/p>\n<p>Yrttimaahan istutin kahta lajiketta sirtuunatimjamia, kolmea lajiketta salviaa, ven\u00e4j\u00e4n rakuunaa, rosmariinia, lipstikkaa, lehtipersilijaa, persilijaa, korianteria ja karhunlaukkaa. Talvesta yrttimaalla olivat selvinneet vain ruohosipuli ja oregano.<\/p>\n<p>Toivottavasti hyv\u00e4t ilmat jatkuvat ja voi viett\u00e4\u00e4 kaiken liikenev\u00e4n ajan puutarhassa!<\/p>\n<p><img decoding=\"async\" loading=\"lazy\" width=\"933\" height=\"1400\" src=\"https:\/\/i2.wp.com\/a-lehdet-blogs.s3.amazonaws.com\/uploads\/sites\/26\/2017\/05\/suklaa_omena_marokko_mansikka_mojito_minttu.jpg?fit=933%2C1400&amp;ssl=1\" class=\"attachment-full size-full\" alt=\"\" srcset=\"https:\/\/i2.wp.com\/a-lehdet-blogs.s3.amazonaws.com\/uploads\/sites\/26\/2017\/05\/suklaa_omena_marokko_mansikka_mojito_minttu.jpg?w=933&amp;ssl=1 933w, https:\/\/i2.wp.com\/a-lehdet-blogs.s3.amazonaws.com\/uploads\/sites\/26\/2017\/05\/suklaa_omena_marokko_mansikka_mojito_minttu.jpg?resize=200%2C300&amp;ssl=1 200w, https:\/\/i2.wp.com\/a-lehdet-blogs.s3.amazonaws.com\/uploads\/sites\/26\/2017\/05\/suklaa_omena_marokko_mansikka_mojito_minttu.jpg?resize=768%2C1152&amp;ssl=1 768w, https:\/\/i2.wp.com\/a-lehdet-blogs.s3.amazonaws.com\/uploads\/sites\/26\/2017\/05\/suklaa_omena_marokko_mansikka_mojito_minttu.jpg?resize=682%2C1024&amp;ssl=1 682w\" sizes=\"(max-width: 933px) 100vw, 933px\" data-attachment-id=\"4801\" data-permalink=\"http:\/\/blogit.meillakotona.fi\/keittiossakotonajapuutarhassa\/suklaa_omena_marokko_mansikka_mojito_minttu-jpg\/\" data-orig-file=\"https:\/\/i2.wp.com\/a-lehdet-blogs.s3.amazonaws.com\/uploads\/sites\/26\/2017\/05\/suklaa_omena_marokko_mansikka_mojito_minttu.jpg?fit=933%2C1400&amp;ssl=1\" data-orig-size=\"933,1400\" data-comments-opened=\"1\" data-image-meta=\"{&quot;aperture&quot;:&quot;0&quot;,&quot;credit&quot;:&quot;&quot;,&quot;camera&quot;:&quot;&quot;,&quot;caption&quot;:&quot;&quot;,&quot;created_timestamp&quot;:&quot;0&quot;,&quot;copyright&quot;:&quot;&quot;,&quot;focal_length&quot;:&quot;0&quot;,&quot;iso&quot;:&quot;0&quot;,&quot;shutter_speed&quot;:&quot;0&quot;,&quot;title&quot;:&quot;&quot;,&quot;orientation&quot;:&quot;0&quot;}\" data-image-title=\"suklaa_omena_marokko_mansikka_mojito_minttu.jpg\" data-image-description=\"\" data-medium-file=\"https:\/\/i2.wp.com\/a-lehdet-blogs.s3.amazonaws.com\/uploads\/sites\/26\/2017\/05\/suklaa_omena_marokko_mansikka_mojito_minttu.jpg?fit=200%2C300&amp;ssl=1\" data-large-file=\"https:\/\/i2.wp.com\/a-lehdet-blogs.s3.amazonaws.com\/uploads\/sites\/26\/2017\/05\/suklaa_omena_marokko_mansikka_mojito_minttu.jpg?fit=682%2C1024&amp;ssl=1\" \/><\/p>\n<p><img decoding=\"async\" loading=\"lazy\" width=\"1400\" height=\"933\" src=\"https:\/\/i2.wp.com\/a-lehdet-blogs.s3.amazonaws.com\/uploads\/sites\/26\/2017\/05\/erikoiset_yrtit.jpg?fit=1400%2C933&amp;ssl=1\" class=\"attachment-full size-full\" alt=\"\" srcset=\"https:\/\/i2.wp.com\/a-lehdet-blogs.s3.amazonaws.com\/uploads\/sites\/26\/2017\/05\/erikoiset_yrtit.jpg?w=1400&amp;ssl=1 1400w, https:\/\/i2.wp.com\/a-lehdet-blogs.s3.amazonaws.com\/uploads\/sites\/26\/2017\/05\/erikoiset_yrtit.jpg?resize=300%2C200&amp;ssl=1 300w, https:\/\/i2.wp.com\/a-lehdet-blogs.s3.amazonaws.com\/uploads\/sites\/26\/2017\/05\/erikoiset_yrtit.jpg?resize=768%2C512&amp;ssl=1 768w, https:\/\/i2.wp.com\/a-lehdet-blogs.s3.amazonaws.com\/uploads\/sites\/26\/2017\/05\/erikoiset_yrtit.jpg?resize=1024%2C682&amp;ssl=1 1024w\" sizes=\"(max-width: 1400px) 100vw, 1400px\" data-attachment-id=\"4803\" data-permalink=\"http:\/\/blogit.meillakotona.fi\/keittiossakotonajapuutarhassa\/erikoiset_yrtit-jpg\/\" data-orig-file=\"https:\/\/i2.wp.com\/a-lehdet-blogs.s3.amazonaws.com\/uploads\/sites\/26\/2017\/05\/erikoiset_yrtit.jpg?fit=1400%2C933&amp;ssl=1\" data-orig-size=\"1400,933\" data-comments-opened=\"1\" data-image-meta=\"{&quot;aperture&quot;:&quot;0&quot;,&quot;credit&quot;:&quot;&quot;,&quot;camera&quot;:&quot;&quot;,&quot;caption&quot;:&quot;&quot;,&quot;created_timestamp&quot;:&quot;0&quot;,&quot;copyright&quot;:&quot;&quot;,&quot;focal_length&quot;:&quot;0&quot;,&quot;iso&quot;:&quot;0&quot;,&quot;shutter_speed&quot;:&quot;0&quot;,&quot;title&quot;:&quot;&quot;,&quot;orientation&quot;:&quot;0&quot;}\" data-image-title=\"erikoiset_yrtit.jpg\" data-image-description=\"\" data-medium-file=\"https:\/\/i2.wp.com\/a-lehdet-blogs.s3.amazonaws.com\/uploads\/sites\/26\/2017\/05\/erikoiset_yrtit.jpg?fit=300%2C200&amp;ssl=1\" data-large-file=\"https:\/\/i2.wp.com\/a-lehdet-blogs.s3.amazonaws.com\/uploads\/sites\/26\/2017\/05\/erikoiset_yrtit.jpg?fit=1024%2C682&amp;ssl=1\" \/><\/p>\n<p><img decoding=\"async\" loading=\"lazy\" width=\"1400\" height=\"933\" src=\"https:\/\/i0.wp.com\/a-lehdet-blogs.s3.amazonaws.com\/uploads\/sites\/26\/2017\/05\/yrttimaa.jpg?fit=1400%2C933&amp;ssl=1\" class=\"attachment-full size-full\" alt=\"\" srcset=\"https:\/\/i0.wp.com\/a-lehdet-blogs.s3.amazonaws.com\/uploads\/sites\/26\/2017\/05\/yrttimaa.jpg?w=1400&amp;ssl=1 1400w, https:\/\/i0.wp.com\/a-lehdet-blogs.s3.amazonaws.com\/uploads\/sites\/26\/2017\/05\/yrttimaa.jpg?resize=300%2C200&amp;ssl=1 300w, https:\/\/i0.wp.com\/a-lehdet-blogs.s3.amazonaws.com\/uploads\/sites\/26\/2017\/05\/yrttimaa.jpg?resize=768%2C512&amp;ssl=1 768w, https:\/\/i0.wp.com\/a-lehdet-blogs.s3.amazonaws.com\/uploads\/sites\/26\/2017\/05\/yrttimaa.jpg?resize=1024%2C682&amp;ssl=1 1024w\" sizes=\"(max-width: 1400px) 100vw, 1400px\" data-attachment-id=\"4805\" data-permalink=\"http:\/\/blogit.meillakotona.fi\/keittiossakotonajapuutarhassa\/yrttimaa-jpg-5\/\" data-orig-file=\"https:\/\/i0.wp.com\/a-lehdet-blogs.s3.amazonaws.com\/uploads\/sites\/26\/2017\/05\/yrttimaa.jpg?fit=1400%2C933&amp;ssl=1\" data-orig-size=\"1400,933\" data-comments-opened=\"1\" data-image-meta=\"{&quot;aperture&quot;:&quot;0&quot;,&quot;credit&quot;:&quot;&quot;,&quot;camera&quot;:&quot;&quot;,&quot;caption&quot;:&quot;&quot;,&quot;created_timestamp&quot;:&quot;0&quot;,&quot;copyright&quot;:&quot;&quot;,&quot;focal_length&quot;:&quot;0&quot;,&quot;iso&quot;:&quot;0&quot;,&quot;shutter_speed&quot;:&quot;0&quot;,&quot;title&quot;:&quot;&quot;,&quot;orientation&quot;:&quot;0&quot;}\" data-image-title=\"yrttimaa.jpg\" data-image-description=\"\" data-medium-file=\"https:\/\/i0.wp.com\/a-lehdet-blogs.s3.amazonaws.com\/uploads\/sites\/26\/2017\/05\/yrttimaa.jpg?fit=300%2C200&amp;ssl=1\" data-large-file=\"https:\/\/i0.wp.com\/a-lehdet-blogs.s3.amazonaws.com\/uploads\/sites\/26\/2017\/05\/yrttimaa.jpg?fit=1024%2C682&amp;ssl=1\" \/><\/p>\n<p>&nbsp;<\/p>\n<p>&nbsp;<\/p>\n","protected":false},"excerpt":{"rendered":"<p>Lavatarhan perustaminen on taas edennyt t\u00e4n\u00e4 viikonloppuna. Koko viikonloppu tuli oltua ulkona&hellip;<\/p>\n","protected":false},"author":32,"featured_media":0,"comment_status":"open","ping_status":"closed","sticky":false,"template":"","format":"standard","meta":{"footnotes":""},"categories":[1],"tags":[24],"acf":[],"platta":{"numLikes":0,"numComments":0,"category":null,"themes":[],"commercial_partner":null,"thumbnail":"https:\/\/i2.wp.com\/a-lehdet-blogs.s3.amazonaws.com\/uploads\/sites\/26\/2017\/05\/porkkana_sipuli_lava.jpg","blog_id":26},"jetpack_featured_media_url":"","_links":{"self":[{"href":"https:\/\/blogit.meillakotona.fi\/keittiossakotonajapuutarhassa\/api\/wp\/v2\/posts\/4325"}],"collection":[{"href":"https:\/\/blogit.meillakotona.fi\/keittiossakotonajapuutarhassa\/api\/wp\/v2\/posts"}],"about":[{"href":"https:\/\/blogit.meillakotona.fi\/keittiossakotonajapuutarhassa\/api\/wp\/v2\/types\/post"}],"author":[{"embeddable":true,"href":"https:\/\/blogit.meillakotona.fi\/keittiossakotonajapuutarhassa\/api\/wp\/v2\/users\/32"}],"replies":[{"embeddable":true,"href":"https:\/\/blogit.meillakotona.fi\/keittiossakotonajapuutarhassa\/api\/wp\/v2\/comments?post=4325"}],"version-history":[{"count":8,"href":"https:\/\/blogit.meillakotona.fi\/keittiossakotonajapuutarhassa\/api\/wp\/v2\/posts\/4325\/revisions"}],"predecessor-version":[{"id":4806,"href":"https:\/\/blogit.meillakotona.fi\/keittiossakotonajapuutarhassa\/api\/wp\/v2\/posts\/4325\/revisions\/4806"}],"wp:attachment":[{"href":"https:\/\/blogit.meillakotona.fi\/keittiossakotonajapuutarhassa\/api\/wp\/v2\/media?parent=4325"}],"wp:term":[{"taxonomy":"category","embeddable":true,"href":"https:\/\/blogit.meillakotona.fi\/keittiossakotonajapuutarhassa\/api\/wp\/v2\/categories?post=4325"},{"taxonomy":"post_tag","embeddable":true,"href":"https:\/\/blogit.meillakotona.fi\/keittiossakotonajapuutarhassa\/api\/wp\/v2\/tags?post=4325"}],"curies":[{"name":"wp","href":"https:\/\/api.w.org\/{rel}","templated":true}]}}