{"id":4300,"date":"2017-03-23T16:16:44","date_gmt":"2017-03-23T14:16:44","guid":{"rendered":"http:\/\/blogit.meillakotona.fi\/keittiossakotonajapuutarhassa\/puutarha-suunnitelmissa-lavatarha\/"},"modified":"2017-11-01T12:38:38","modified_gmt":"2017-11-01T10:38:38","slug":"puutarha-suunnitelmissa-lavatarha","status":"publish","type":"post","link":"https:\/\/blogit.meillakotona.fi\/keittiossakotonajapuutarhassa\/puutarha-suunnitelmissa-lavatarha\/","title":{"rendered":"Puutarha: Suunnitelmissa lavatarha"},"content":{"rendered":"<p><img decoding=\"async\" loading=\"lazy\" width=\"933\" height=\"1400\" src=\"https:\/\/i1.wp.com\/a-lehdet-blogs.s3.amazonaws.com\/uploads\/sites\/26\/2017\/03\/lavatarha.jpg?fit=933%2C1400&amp;ssl=1\" class=\"attachment-full size-full\" alt=\"\" srcset=\"https:\/\/i1.wp.com\/a-lehdet-blogs.s3.amazonaws.com\/uploads\/sites\/26\/2017\/03\/lavatarha.jpg?w=933&amp;ssl=1 933w, https:\/\/i1.wp.com\/a-lehdet-blogs.s3.amazonaws.com\/uploads\/sites\/26\/2017\/03\/lavatarha.jpg?resize=200%2C300&amp;ssl=1 200w, https:\/\/i1.wp.com\/a-lehdet-blogs.s3.amazonaws.com\/uploads\/sites\/26\/2017\/03\/lavatarha.jpg?resize=768%2C1152&amp;ssl=1 768w, https:\/\/i1.wp.com\/a-lehdet-blogs.s3.amazonaws.com\/uploads\/sites\/26\/2017\/03\/lavatarha.jpg?resize=682%2C1024&amp;ssl=1 682w\" sizes=\"(max-width: 933px) 100vw, 933px\" data-attachment-id=\"4987\" data-permalink=\"http:\/\/blogit.meillakotona.fi\/keittiossakotonajapuutarhassa\/lavatarha-jpg-4\/\" data-orig-file=\"https:\/\/i1.wp.com\/a-lehdet-blogs.s3.amazonaws.com\/uploads\/sites\/26\/2017\/03\/lavatarha.jpg?fit=933%2C1400&amp;ssl=1\" data-orig-size=\"933,1400\" data-comments-opened=\"1\" data-image-meta=\"{&quot;aperture&quot;:&quot;0&quot;,&quot;credit&quot;:&quot;&quot;,&quot;camera&quot;:&quot;&quot;,&quot;caption&quot;:&quot;&quot;,&quot;created_timestamp&quot;:&quot;0&quot;,&quot;copyright&quot;:&quot;&quot;,&quot;focal_length&quot;:&quot;0&quot;,&quot;iso&quot;:&quot;0&quot;,&quot;shutter_speed&quot;:&quot;0&quot;,&quot;title&quot;:&quot;&quot;,&quot;orientation&quot;:&quot;0&quot;}\" data-image-title=\"lavatarha.jpg\" data-image-description=\"\" data-medium-file=\"https:\/\/i1.wp.com\/a-lehdet-blogs.s3.amazonaws.com\/uploads\/sites\/26\/2017\/03\/lavatarha.jpg?fit=200%2C300&amp;ssl=1\" data-large-file=\"https:\/\/i1.wp.com\/a-lehdet-blogs.s3.amazonaws.com\/uploads\/sites\/26\/2017\/03\/lavatarha.jpg?fit=682%2C1024&amp;ssl=1\" \/><\/p>\n<p><img decoding=\"async\" loading=\"lazy\" width=\"933\" height=\"1400\" src=\"https:\/\/i1.wp.com\/a-lehdet-blogs.s3.amazonaws.com\/uploads\/sites\/26\/2017\/03\/lavatarhuri.jpg?fit=933%2C1400&amp;ssl=1\" class=\"attachment-full size-full\" alt=\"\" srcset=\"https:\/\/i1.wp.com\/a-lehdet-blogs.s3.amazonaws.com\/uploads\/sites\/26\/2017\/03\/lavatarhuri.jpg?w=933&amp;ssl=1 933w, https:\/\/i1.wp.com\/a-lehdet-blogs.s3.amazonaws.com\/uploads\/sites\/26\/2017\/03\/lavatarhuri.jpg?resize=200%2C300&amp;ssl=1 200w, https:\/\/i1.wp.com\/a-lehdet-blogs.s3.amazonaws.com\/uploads\/sites\/26\/2017\/03\/lavatarhuri.jpg?resize=768%2C1152&amp;ssl=1 768w, https:\/\/i1.wp.com\/a-lehdet-blogs.s3.amazonaws.com\/uploads\/sites\/26\/2017\/03\/lavatarhuri.jpg?resize=682%2C1024&amp;ssl=1 682w\" sizes=\"(max-width: 933px) 100vw, 933px\" data-attachment-id=\"4989\" data-permalink=\"http:\/\/blogit.meillakotona.fi\/keittiossakotonajapuutarhassa\/lavatarhuri-jpg-2\/\" data-orig-file=\"https:\/\/i1.wp.com\/a-lehdet-blogs.s3.amazonaws.com\/uploads\/sites\/26\/2017\/03\/lavatarhuri.jpg?fit=933%2C1400&amp;ssl=1\" data-orig-size=\"933,1400\" data-comments-opened=\"1\" data-image-meta=\"{&quot;aperture&quot;:&quot;0&quot;,&quot;credit&quot;:&quot;&quot;,&quot;camera&quot;:&quot;&quot;,&quot;caption&quot;:&quot;&quot;,&quot;created_timestamp&quot;:&quot;0&quot;,&quot;copyright&quot;:&quot;&quot;,&quot;focal_length&quot;:&quot;0&quot;,&quot;iso&quot;:&quot;0&quot;,&quot;shutter_speed&quot;:&quot;0&quot;,&quot;title&quot;:&quot;&quot;,&quot;orientation&quot;:&quot;0&quot;}\" data-image-title=\"lavatarhuri.jpg\" data-image-description=\"\" data-medium-file=\"https:\/\/i1.wp.com\/a-lehdet-blogs.s3.amazonaws.com\/uploads\/sites\/26\/2017\/03\/lavatarhuri.jpg?fit=200%2C300&amp;ssl=1\" data-large-file=\"https:\/\/i1.wp.com\/a-lehdet-blogs.s3.amazonaws.com\/uploads\/sites\/26\/2017\/03\/lavatarhuri.jpg?fit=682%2C1024&amp;ssl=1\" \/><\/p>\n<p>Kev\u00e4\u00e4n ollassa jo ihan nurkan takana siirtyy katse ja mietteet usein pihan ja kasvimaan puoleen. Sadon kasvattaminen kasvimaalla on onnistunut meill\u00e4 vaihtelevalla menestyksell\u00e4. Kotona kasvien riesana on armeijallinnen lehtokotiloita ja m\u00f6kill\u00e4 Kustavissa kuivuus haittaa kasvien kasvamista. J\u00e4rvenp\u00e4\u00e4n opisto mainosti kev\u00e4tkursseja, joiden joukosta bongasin heti lavatarhurikurssin. Ilmoittauduin kurssille silt\u00e4 istumalta.<\/p>\n<p>T\u00e4ytyy sanoa, ett\u00e4 koskaan en ole ollut n\u00e4in iloinen maanantaista kuin lavatarhurikurssin aikana.<a rel=\"nofollow\" href=\"http:\/\/www.omaluomus.fi\/\" target=\"_blank\"> Lavatarhurikurssia veti luomupuutarhuri Suvi Lehtonen,<\/a> aivan mahtava luennoitsija! Kurssi oli todella informatiivinen ja on vaikea jaksaa odottaa maan sulamista. Niin paljon opin hy\u00f6dyllisi\u00e4 asioita lavatarhasta ja luonnonmukaisesta viljelyst\u00e4, joita palan halusta p\u00e4\u00e4st\u00e4 kokeilemaan k\u00e4yt\u00e4nn\u00f6ss\u00e4.<\/p>\n<p>Suvin vinkeist\u00e4 p\u00e4\u00e4set nauttimaan <a rel=\"nofollow\" href=\"http:\/\/hirvihaara.blogspot.fi\/\" target=\"_blank\">Hirvihaaran kartanon keitti\u00f6puutarha -blogista <\/a>ja h\u00e4nen kotipuutarhaansa p\u00e4\u00e4set kurkistamaan <a rel=\"nofollow\" href=\"http:\/\/nuppulinna.blogspot.fi\/\" target=\"_blank\">Nuppulinna -blogissa.<\/a> Hirvihaaran keitti\u00f6puutarhaan p\u00e4\u00e4see tutustumaan muuten <span class=\"rtbBox\">Kev\u00e4ttaimi-myyj\u00e4isten yhteydess\u00e4, jotka j\u00e4rjestet\u00e4\u00e4n <a rel=\"nofollow\" href=\"https:\/\/hirvihaarankartano.fi\/fi\" target=\"_blank\">Hirvihaaran kartanolla <\/a>20.5.2017 sunnuntaina klo 11 alkaen.<\/span><\/p>\n<p>Innostuin tilaamaan my\u00f6s <a rel=\"nofollow\" href=\"http:\/\/www.adlibris.com\/fi\/kirja\/lavatarhuri-9789513180980\" target=\"_blank\">Lavatarhuri kirjan,<\/a> jonka yksi kirjoittaja Suvi Lehtonen on. T\u00e4t\u00e4 tietopakettia voin suositella kaikille. Tilasin samalla Adlibriksest\u00e4 tarjouksessa olleen <a rel=\"nofollow\" href=\"http:\/\/www.adlibris.com\/fi\/kirja\/makutarhuri-9789513187972?campaignId=e7ebecef-ee0c-43ad-982f-4df5bb9f9ed1\" target=\"_blank\">Makutarhuri kirjan<\/a> ja molempia kirjoja olen tiiviisti lukenut.<\/p>\n<p><img decoding=\"async\" loading=\"lazy\" width=\"933\" height=\"1400\" src=\"https:\/\/i0.wp.com\/a-lehdet-blogs.s3.amazonaws.com\/uploads\/sites\/26\/2017\/03\/makutarhuri.jpg?fit=933%2C1400&amp;ssl=1\" class=\"attachment-full size-full\" alt=\"\" srcset=\"https:\/\/i0.wp.com\/a-lehdet-blogs.s3.amazonaws.com\/uploads\/sites\/26\/2017\/03\/makutarhuri.jpg?w=933&amp;ssl=1 933w, https:\/\/i0.wp.com\/a-lehdet-blogs.s3.amazonaws.com\/uploads\/sites\/26\/2017\/03\/makutarhuri.jpg?resize=200%2C300&amp;ssl=1 200w, https:\/\/i0.wp.com\/a-lehdet-blogs.s3.amazonaws.com\/uploads\/sites\/26\/2017\/03\/makutarhuri.jpg?resize=768%2C1152&amp;ssl=1 768w, https:\/\/i0.wp.com\/a-lehdet-blogs.s3.amazonaws.com\/uploads\/sites\/26\/2017\/03\/makutarhuri.jpg?resize=682%2C1024&amp;ssl=1 682w\" sizes=\"(max-width: 933px) 100vw, 933px\" data-attachment-id=\"4991\" data-permalink=\"http:\/\/blogit.meillakotona.fi\/keittiossakotonajapuutarhassa\/makutarhuri-jpg-3\/\" data-orig-file=\"https:\/\/i0.wp.com\/a-lehdet-blogs.s3.amazonaws.com\/uploads\/sites\/26\/2017\/03\/makutarhuri.jpg?fit=933%2C1400&amp;ssl=1\" data-orig-size=\"933,1400\" data-comments-opened=\"1\" data-image-meta=\"{&quot;aperture&quot;:&quot;0&quot;,&quot;credit&quot;:&quot;&quot;,&quot;camera&quot;:&quot;&quot;,&quot;caption&quot;:&quot;&quot;,&quot;created_timestamp&quot;:&quot;0&quot;,&quot;copyright&quot;:&quot;&quot;,&quot;focal_length&quot;:&quot;0&quot;,&quot;iso&quot;:&quot;0&quot;,&quot;shutter_speed&quot;:&quot;0&quot;,&quot;title&quot;:&quot;&quot;,&quot;orientation&quot;:&quot;0&quot;}\" data-image-title=\"makutarhuri.jpg\" data-image-description=\"\" data-medium-file=\"https:\/\/i0.wp.com\/a-lehdet-blogs.s3.amazonaws.com\/uploads\/sites\/26\/2017\/03\/makutarhuri.jpg?fit=200%2C300&amp;ssl=1\" data-large-file=\"https:\/\/i0.wp.com\/a-lehdet-blogs.s3.amazonaws.com\/uploads\/sites\/26\/2017\/03\/makutarhuri.jpg?fit=682%2C1024&amp;ssl=1\" \/><\/p>\n<p><img decoding=\"async\" loading=\"lazy\" width=\"933\" height=\"1400\" src=\"https:\/\/i1.wp.com\/a-lehdet-blogs.s3.amazonaws.com\/uploads\/sites\/26\/2017\/03\/hyotykasviyhdistys_siemenet.jpg?fit=933%2C1400&amp;ssl=1\" class=\"attachment-full size-full\" alt=\"\" srcset=\"https:\/\/i1.wp.com\/a-lehdet-blogs.s3.amazonaws.com\/uploads\/sites\/26\/2017\/03\/hyotykasviyhdistys_siemenet.jpg?w=933&amp;ssl=1 933w, https:\/\/i1.wp.com\/a-lehdet-blogs.s3.amazonaws.com\/uploads\/sites\/26\/2017\/03\/hyotykasviyhdistys_siemenet.jpg?resize=200%2C300&amp;ssl=1 200w, https:\/\/i1.wp.com\/a-lehdet-blogs.s3.amazonaws.com\/uploads\/sites\/26\/2017\/03\/hyotykasviyhdistys_siemenet.jpg?resize=768%2C1152&amp;ssl=1 768w, https:\/\/i1.wp.com\/a-lehdet-blogs.s3.amazonaws.com\/uploads\/sites\/26\/2017\/03\/hyotykasviyhdistys_siemenet.jpg?resize=682%2C1024&amp;ssl=1 682w\" sizes=\"(max-width: 933px) 100vw, 933px\" data-attachment-id=\"4993\" data-permalink=\"http:\/\/blogit.meillakotona.fi\/keittiossakotonajapuutarhassa\/hyotykasviyhdistys_siemenet-jpg-2\/\" data-orig-file=\"https:\/\/i1.wp.com\/a-lehdet-blogs.s3.amazonaws.com\/uploads\/sites\/26\/2017\/03\/hyotykasviyhdistys_siemenet.jpg?fit=933%2C1400&amp;ssl=1\" data-orig-size=\"933,1400\" data-comments-opened=\"1\" data-image-meta=\"{&quot;aperture&quot;:&quot;0&quot;,&quot;credit&quot;:&quot;&quot;,&quot;camera&quot;:&quot;&quot;,&quot;caption&quot;:&quot;&quot;,&quot;created_timestamp&quot;:&quot;0&quot;,&quot;copyright&quot;:&quot;&quot;,&quot;focal_length&quot;:&quot;0&quot;,&quot;iso&quot;:&quot;0&quot;,&quot;shutter_speed&quot;:&quot;0&quot;,&quot;title&quot;:&quot;&quot;,&quot;orientation&quot;:&quot;0&quot;}\" data-image-title=\"hyotykasviyhdistys_siemenet.jpg\" data-image-description=\"\" data-medium-file=\"https:\/\/i1.wp.com\/a-lehdet-blogs.s3.amazonaws.com\/uploads\/sites\/26\/2017\/03\/hyotykasviyhdistys_siemenet.jpg?fit=200%2C300&amp;ssl=1\" data-large-file=\"https:\/\/i1.wp.com\/a-lehdet-blogs.s3.amazonaws.com\/uploads\/sites\/26\/2017\/03\/hyotykasviyhdistys_siemenet.jpg?fit=682%2C1024&amp;ssl=1\" \/><\/p>\n<p>Lavatarhansuunnitelmat ovat jo pitk\u00e4ll\u00e4 ja odotan innolla maan sulamista, mies ei v\u00e4ltt\u00e4m\u00e4tt\u00e4 ole niin innoissaan p\u00e4\u00e4stess\u00e4\u00e4n osallistumaan vaimon projektiin. Muutama tovi tuli vietetty\u00e4 hy\u00f6tykasviyhdistyksen verkkokaupassa ja sen seurauksena hain t\u00e4n\u00e4\u00e4n postista laatikollisen siemeni\u00e4. Aikamoinen satsi siemeni\u00e4, saa n\u00e4hd\u00e4 mit\u00e4 saan suunniteltuihin lavoihin mahtumaan. Onneksi on m\u00f6kill\u00e4kin kasvimaa.<\/p>\n<p><img decoding=\"async\" loading=\"lazy\" width=\"933\" height=\"1400\" src=\"https:\/\/i0.wp.com\/a-lehdet-blogs.s3.amazonaws.com\/uploads\/sites\/26\/2017\/03\/lavatarha_siemenet.jpg?fit=933%2C1400&amp;ssl=1\" class=\"attachment-full size-full\" alt=\"\" srcset=\"https:\/\/i0.wp.com\/a-lehdet-blogs.s3.amazonaws.com\/uploads\/sites\/26\/2017\/03\/lavatarha_siemenet.jpg?w=933&amp;ssl=1 933w, https:\/\/i0.wp.com\/a-lehdet-blogs.s3.amazonaws.com\/uploads\/sites\/26\/2017\/03\/lavatarha_siemenet.jpg?resize=200%2C300&amp;ssl=1 200w, https:\/\/i0.wp.com\/a-lehdet-blogs.s3.amazonaws.com\/uploads\/sites\/26\/2017\/03\/lavatarha_siemenet.jpg?resize=768%2C1152&amp;ssl=1 768w, https:\/\/i0.wp.com\/a-lehdet-blogs.s3.amazonaws.com\/uploads\/sites\/26\/2017\/03\/lavatarha_siemenet.jpg?resize=682%2C1024&amp;ssl=1 682w\" sizes=\"(max-width: 933px) 100vw, 933px\" data-attachment-id=\"4995\" data-permalink=\"http:\/\/blogit.meillakotona.fi\/keittiossakotonajapuutarhassa\/lavatarha_siemenet-jpg-2\/\" data-orig-file=\"https:\/\/i0.wp.com\/a-lehdet-blogs.s3.amazonaws.com\/uploads\/sites\/26\/2017\/03\/lavatarha_siemenet.jpg?fit=933%2C1400&amp;ssl=1\" data-orig-size=\"933,1400\" data-comments-opened=\"1\" data-image-meta=\"{&quot;aperture&quot;:&quot;0&quot;,&quot;credit&quot;:&quot;&quot;,&quot;camera&quot;:&quot;&quot;,&quot;caption&quot;:&quot;&quot;,&quot;created_timestamp&quot;:&quot;0&quot;,&quot;copyright&quot;:&quot;&quot;,&quot;focal_length&quot;:&quot;0&quot;,&quot;iso&quot;:&quot;0&quot;,&quot;shutter_speed&quot;:&quot;0&quot;,&quot;title&quot;:&quot;&quot;,&quot;orientation&quot;:&quot;0&quot;}\" data-image-title=\"lavatarha_siemenet.jpg\" data-image-description=\"\" data-medium-file=\"https:\/\/i0.wp.com\/a-lehdet-blogs.s3.amazonaws.com\/uploads\/sites\/26\/2017\/03\/lavatarha_siemenet.jpg?fit=200%2C300&amp;ssl=1\" data-large-file=\"https:\/\/i0.wp.com\/a-lehdet-blogs.s3.amazonaws.com\/uploads\/sites\/26\/2017\/03\/lavatarha_siemenet.jpg?fit=682%2C1024&amp;ssl=1\" \/><\/p>\n<p><img decoding=\"async\" loading=\"lazy\" width=\"933\" height=\"1400\" src=\"https:\/\/i2.wp.com\/a-lehdet-blogs.s3.amazonaws.com\/uploads\/sites\/26\/2017\/03\/retikka_sitruunakurkku_parsaherne_daikon_pillisipuli_tarhasuolaheina.jpg?fit=933%2C1400&amp;ssl=1\" class=\"attachment-full size-full\" alt=\"\" srcset=\"https:\/\/i2.wp.com\/a-lehdet-blogs.s3.amazonaws.com\/uploads\/sites\/26\/2017\/03\/retikka_sitruunakurkku_parsaherne_daikon_pillisipuli_tarhasuolaheina.jpg?w=933&amp;ssl=1 933w, https:\/\/i2.wp.com\/a-lehdet-blogs.s3.amazonaws.com\/uploads\/sites\/26\/2017\/03\/retikka_sitruunakurkku_parsaherne_daikon_pillisipuli_tarhasuolaheina.jpg?resize=200%2C300&amp;ssl=1 200w, https:\/\/i2.wp.com\/a-lehdet-blogs.s3.amazonaws.com\/uploads\/sites\/26\/2017\/03\/retikka_sitruunakurkku_parsaherne_daikon_pillisipuli_tarhasuolaheina.jpg?resize=768%2C1152&amp;ssl=1 768w, https:\/\/i2.wp.com\/a-lehdet-blogs.s3.amazonaws.com\/uploads\/sites\/26\/2017\/03\/retikka_sitruunakurkku_parsaherne_daikon_pillisipuli_tarhasuolaheina.jpg?resize=682%2C1024&amp;ssl=1 682w\" sizes=\"(max-width: 933px) 100vw, 933px\" data-attachment-id=\"4997\" data-permalink=\"http:\/\/blogit.meillakotona.fi\/keittiossakotonajapuutarhassa\/retikka_sitruunakurkku_parsaherne_daikon_pillisipuli_tarhasuolaheina-jpg-2\/\" data-orig-file=\"https:\/\/i2.wp.com\/a-lehdet-blogs.s3.amazonaws.com\/uploads\/sites\/26\/2017\/03\/retikka_sitruunakurkku_parsaherne_daikon_pillisipuli_tarhasuolaheina.jpg?fit=933%2C1400&amp;ssl=1\" data-orig-size=\"933,1400\" data-comments-opened=\"1\" data-image-meta=\"{&quot;aperture&quot;:&quot;0&quot;,&quot;credit&quot;:&quot;&quot;,&quot;camera&quot;:&quot;&quot;,&quot;caption&quot;:&quot;&quot;,&quot;created_timestamp&quot;:&quot;0&quot;,&quot;copyright&quot;:&quot;&quot;,&quot;focal_length&quot;:&quot;0&quot;,&quot;iso&quot;:&quot;0&quot;,&quot;shutter_speed&quot;:&quot;0&quot;,&quot;title&quot;:&quot;&quot;,&quot;orientation&quot;:&quot;0&quot;}\" data-image-title=\"retikka_sitruunakurkku_parsaherne_daikon_pillisipuli_tarhasuolaheina.jpg\" data-image-description=\"\" data-medium-file=\"https:\/\/i2.wp.com\/a-lehdet-blogs.s3.amazonaws.com\/uploads\/sites\/26\/2017\/03\/retikka_sitruunakurkku_parsaherne_daikon_pillisipuli_tarhasuolaheina.jpg?fit=200%2C300&amp;ssl=1\" data-large-file=\"https:\/\/i2.wp.com\/a-lehdet-blogs.s3.amazonaws.com\/uploads\/sites\/26\/2017\/03\/retikka_sitruunakurkku_parsaherne_daikon_pillisipuli_tarhasuolaheina.jpg?fit=682%2C1024&amp;ssl=1\" \/><\/p>\n<p>P\u00e4\u00e4tin t\u00e4n\u00e4 vuonna kokeilla muutamia kasveja, joita en ole aimmein kasvattanut. P\u00e4\u00e4dyin laajasta valikoimasta hankkimaan sitruunakurkun, py\u00f6re\u00e4n kes\u00e4kurpitsan, punaparsaherneen, retikan, daikonin, spagettikurpitsan, pillisipulin ja tarhasuolahein\u00e4n siemeni\u00e4.<\/p>\n<p>Halusin lavoihin my\u00f6s sy\u00f6t\u00e4vi\u00e4 kukkasia, joilla olisi ihana koristella ruokia kes\u00e4ll\u00e4. T\u00e4h\u00e4n menness\u00e4 l\u00f6ytyy eri v\u00e4risi\u00e4 samettikukkia, k\u00e4\u00e4pi\u00f6samettikukkia, ruiskukkia ja erilaisia krasseja. Ruusupapua ajattelin my\u00f6s laittaa kasvamaan ja hankin jo siemeni\u00e4 lohen- ja tummanpunaisella kukalla.<\/p>\n<p>Vitsit miten t\u00e4ss\u00e4 malttaa odottaa&#8230;<\/p>\n<p><img decoding=\"async\" loading=\"lazy\" width=\"933\" height=\"1400\" src=\"https:\/\/i2.wp.com\/a-lehdet-blogs.s3.amazonaws.com\/uploads\/sites\/26\/2017\/03\/syotavat_kukat_kasvimaalle.jpg?fit=933%2C1400&amp;ssl=1\" class=\"attachment-full size-full\" alt=\"\" srcset=\"https:\/\/i2.wp.com\/a-lehdet-blogs.s3.amazonaws.com\/uploads\/sites\/26\/2017\/03\/syotavat_kukat_kasvimaalle.jpg?w=933&amp;ssl=1 933w, https:\/\/i2.wp.com\/a-lehdet-blogs.s3.amazonaws.com\/uploads\/sites\/26\/2017\/03\/syotavat_kukat_kasvimaalle.jpg?resize=200%2C300&amp;ssl=1 200w, https:\/\/i2.wp.com\/a-lehdet-blogs.s3.amazonaws.com\/uploads\/sites\/26\/2017\/03\/syotavat_kukat_kasvimaalle.jpg?resize=768%2C1152&amp;ssl=1 768w, https:\/\/i2.wp.com\/a-lehdet-blogs.s3.amazonaws.com\/uploads\/sites\/26\/2017\/03\/syotavat_kukat_kasvimaalle.jpg?resize=682%2C1024&amp;ssl=1 682w\" sizes=\"(max-width: 933px) 100vw, 933px\" data-attachment-id=\"4999\" data-permalink=\"http:\/\/blogit.meillakotona.fi\/keittiossakotonajapuutarhassa\/syotavat_kukat_kasvimaalle-jpg-2\/\" data-orig-file=\"https:\/\/i2.wp.com\/a-lehdet-blogs.s3.amazonaws.com\/uploads\/sites\/26\/2017\/03\/syotavat_kukat_kasvimaalle.jpg?fit=933%2C1400&amp;ssl=1\" data-orig-size=\"933,1400\" data-comments-opened=\"1\" data-image-meta=\"{&quot;aperture&quot;:&quot;0&quot;,&quot;credit&quot;:&quot;&quot;,&quot;camera&quot;:&quot;&quot;,&quot;caption&quot;:&quot;&quot;,&quot;created_timestamp&quot;:&quot;0&quot;,&quot;copyright&quot;:&quot;&quot;,&quot;focal_length&quot;:&quot;0&quot;,&quot;iso&quot;:&quot;0&quot;,&quot;shutter_speed&quot;:&quot;0&quot;,&quot;title&quot;:&quot;&quot;,&quot;orientation&quot;:&quot;0&quot;}\" data-image-title=\"syotavat_kukat_kasvimaalle.jpg\" data-image-description=\"\" data-medium-file=\"https:\/\/i2.wp.com\/a-lehdet-blogs.s3.amazonaws.com\/uploads\/sites\/26\/2017\/03\/syotavat_kukat_kasvimaalle.jpg?fit=200%2C300&amp;ssl=1\" data-large-file=\"https:\/\/i2.wp.com\/a-lehdet-blogs.s3.amazonaws.com\/uploads\/sites\/26\/2017\/03\/syotavat_kukat_kasvimaalle.jpg?fit=682%2C1024&amp;ssl=1\" \/><\/p>\n<p>&nbsp;<\/p>\n","protected":false},"excerpt":{"rendered":"<p>Kev\u00e4\u00e4n ollassa jo ihan nurkan takana siirtyy katse ja mietteet usein pihan&hellip;<\/p>\n","protected":false},"author":32,"featured_media":0,"comment_status":"open","ping_status":"closed","sticky":false,"template":"","format":"standard","meta":{"footnotes":""},"categories":[1],"tags":[24],"acf":[],"platta":{"numLikes":0,"numComments":2,"category":null,"themes":[],"commercial_partner":null,"thumbnail":"https:\/\/i1.wp.com\/a-lehdet-blogs.s3.amazonaws.com\/uploads\/sites\/26\/2017\/03\/lavatarha.jpg","blog_id":26},"jetpack_featured_media_url":"","_links":{"self":[{"href":"https:\/\/blogit.meillakotona.fi\/keittiossakotonajapuutarhassa\/api\/wp\/v2\/posts\/4300"}],"collection":[{"href":"https:\/\/blogit.meillakotona.fi\/keittiossakotonajapuutarhassa\/api\/wp\/v2\/posts"}],"about":[{"href":"https:\/\/blogit.meillakotona.fi\/keittiossakotonajapuutarhassa\/api\/wp\/v2\/types\/post"}],"author":[{"embeddable":true,"href":"https:\/\/blogit.meillakotona.fi\/keittiossakotonajapuutarhassa\/api\/wp\/v2\/users\/32"}],"replies":[{"embeddable":true,"href":"https:\/\/blogit.meillakotona.fi\/keittiossakotonajapuutarhassa\/api\/wp\/v2\/comments?post=4300"}],"version-history":[{"count":7,"href":"https:\/\/blogit.meillakotona.fi\/keittiossakotonajapuutarhassa\/api\/wp\/v2\/posts\/4300\/revisions"}],"predecessor-version":[{"id":5000,"href":"https:\/\/blogit.meillakotona.fi\/keittiossakotonajapuutarhassa\/api\/wp\/v2\/posts\/4300\/revisions\/5000"}],"wp:attachment":[{"href":"https:\/\/blogit.meillakotona.fi\/keittiossakotonajapuutarhassa\/api\/wp\/v2\/media?parent=4300"}],"wp:term":[{"taxonomy":"category","embeddable":true,"href":"https:\/\/blogit.meillakotona.fi\/keittiossakotonajapuutarhassa\/api\/wp\/v2\/categories?post=4300"},{"taxonomy":"post_tag","embeddable":true,"href":"https:\/\/blogit.meillakotona.fi\/keittiossakotonajapuutarhassa\/api\/wp\/v2\/tags?post=4300"}],"curies":[{"name":"wp","href":"https:\/\/api.w.org\/{rel}","templated":true}]}}