{"id":3992,"date":"2015-04-03T07:29:40","date_gmt":"2015-04-03T04:29:40","guid":{"rendered":"http:\/\/blogit.meillakotona.fi\/keittiossakotonajapuutarhassa\/paasiaismenu-ehdotus\/"},"modified":"2017-11-01T14:12:07","modified_gmt":"2017-11-01T12:12:07","slug":"paasiaismenu-ehdotus","status":"publish","type":"post","link":"https:\/\/blogit.meillakotona.fi\/keittiossakotonajapuutarhassa\/paasiaismenu-ehdotus\/","title":{"rendered":"P\u00e4\u00e4si\u00e4ismenu ehdotus"},"content":{"rendered":"<p>Hyv\u00e4\u00e4 p\u00e4\u00e4si\u00e4ist\u00e4! T\u00e4ss\u00e4 ehk\u00e4 hiukan my\u00f6h\u00e4ss\u00e4 minun ehdotukseni p\u00e4\u00e4si\u00e4ismenuksi. Huomenna tosin ehtii viel\u00e4 kauppaan.<br \/><img decoding=\"async\" loading=\"lazy\" width=\"933\" height=\"1400\" src=\"https:\/\/i0.wp.com\/a-lehdet-blogs.s3.amazonaws.com\/uploads\/sites\/26\/2015\/04\/paasiaisen_alkupala.jpg?fit=933%2C1400&amp;ssl=1\" class=\"attachment-full size-full\" alt=\"\" srcset=\"https:\/\/i0.wp.com\/a-lehdet-blogs.s3.amazonaws.com\/uploads\/sites\/26\/2015\/04\/paasiaisen_alkupala.jpg?w=933&amp;ssl=1 933w, https:\/\/i0.wp.com\/a-lehdet-blogs.s3.amazonaws.com\/uploads\/sites\/26\/2015\/04\/paasiaisen_alkupala.jpg?resize=200%2C300&amp;ssl=1 200w, https:\/\/i0.wp.com\/a-lehdet-blogs.s3.amazonaws.com\/uploads\/sites\/26\/2015\/04\/paasiaisen_alkupala.jpg?resize=768%2C1152&amp;ssl=1 768w, https:\/\/i0.wp.com\/a-lehdet-blogs.s3.amazonaws.com\/uploads\/sites\/26\/2015\/04\/paasiaisen_alkupala.jpg?resize=682%2C1024&amp;ssl=1 682w\" sizes=\"(max-width: 933px) 100vw, 933px\" data-attachment-id=\"7014\" data-permalink=\"http:\/\/blogit.meillakotona.fi\/keittiossakotonajapuutarhassa\/paasiaisen_alkupala-jpg-6\/\" data-orig-file=\"https:\/\/i0.wp.com\/a-lehdet-blogs.s3.amazonaws.com\/uploads\/sites\/26\/2015\/04\/paasiaisen_alkupala.jpg?fit=933%2C1400&amp;ssl=1\" data-orig-size=\"933,1400\" data-comments-opened=\"1\" data-image-meta=\"{&quot;aperture&quot;:&quot;0&quot;,&quot;credit&quot;:&quot;&quot;,&quot;camera&quot;:&quot;&quot;,&quot;caption&quot;:&quot;&quot;,&quot;created_timestamp&quot;:&quot;0&quot;,&quot;copyright&quot;:&quot;&quot;,&quot;focal_length&quot;:&quot;0&quot;,&quot;iso&quot;:&quot;0&quot;,&quot;shutter_speed&quot;:&quot;0&quot;,&quot;title&quot;:&quot;&quot;,&quot;orientation&quot;:&quot;0&quot;}\" data-image-title=\"paasiaisen_alkupala.jpg\" data-image-description=\"\" data-medium-file=\"https:\/\/i0.wp.com\/a-lehdet-blogs.s3.amazonaws.com\/uploads\/sites\/26\/2015\/04\/paasiaisen_alkupala.jpg?fit=200%2C300&amp;ssl=1\" data-large-file=\"https:\/\/i0.wp.com\/a-lehdet-blogs.s3.amazonaws.com\/uploads\/sites\/26\/2015\/04\/paasiaisen_alkupala.jpg?fit=682%2C1024&amp;ssl=1\" \/>width=&#8221;730&#8243;><\/p>\n<p>Ilallisen alkuun suosittelen&nbsp;<a rel=\"nofollow\" href=\"http:\/\/www.maku.fi\/blogit\/keittiossa-kotona-ja-puutarhassa\/paasiaisen-herkullinen-alkuruoka-marinoitua-keltajuurta-ja\">Marinoitua keltajuurta ja fetaa<\/a>. Keltajuuren mahtava v\u00e4ri sopii hyvin p\u00e4\u00e4si\u00e4iseen. Alkuruoan voi suurelta osin valmistaa etuk\u00e4teen edellisen\u00e4 p\u00e4iv\u00e4n\u00e4.&nbsp;<\/p>\n<p><img decoding=\"async\" loading=\"lazy\" width=\"933\" height=\"1400\" src=\"https:\/\/i2.wp.com\/a-lehdet-blogs.s3.amazonaws.com\/uploads\/sites\/26\/2015\/04\/revitty_lammas.jpg?fit=933%2C1400&amp;ssl=1\" class=\"attachment-full size-full\" alt=\"\" srcset=\"https:\/\/i2.wp.com\/a-lehdet-blogs.s3.amazonaws.com\/uploads\/sites\/26\/2015\/04\/revitty_lammas.jpg?w=933&amp;ssl=1 933w, https:\/\/i2.wp.com\/a-lehdet-blogs.s3.amazonaws.com\/uploads\/sites\/26\/2015\/04\/revitty_lammas.jpg?resize=200%2C300&amp;ssl=1 200w, https:\/\/i2.wp.com\/a-lehdet-blogs.s3.amazonaws.com\/uploads\/sites\/26\/2015\/04\/revitty_lammas.jpg?resize=768%2C1152&amp;ssl=1 768w, https:\/\/i2.wp.com\/a-lehdet-blogs.s3.amazonaws.com\/uploads\/sites\/26\/2015\/04\/revitty_lammas.jpg?resize=682%2C1024&amp;ssl=1 682w\" sizes=\"(max-width: 933px) 100vw, 933px\" data-attachment-id=\"7016\" data-permalink=\"http:\/\/blogit.meillakotona.fi\/keittiossakotonajapuutarhassa\/revitty_lammas-jpg-7\/\" data-orig-file=\"https:\/\/i2.wp.com\/a-lehdet-blogs.s3.amazonaws.com\/uploads\/sites\/26\/2015\/04\/revitty_lammas.jpg?fit=933%2C1400&amp;ssl=1\" data-orig-size=\"933,1400\" data-comments-opened=\"1\" data-image-meta=\"{&quot;aperture&quot;:&quot;0&quot;,&quot;credit&quot;:&quot;&quot;,&quot;camera&quot;:&quot;&quot;,&quot;caption&quot;:&quot;&quot;,&quot;created_timestamp&quot;:&quot;0&quot;,&quot;copyright&quot;:&quot;&quot;,&quot;focal_length&quot;:&quot;0&quot;,&quot;iso&quot;:&quot;0&quot;,&quot;shutter_speed&quot;:&quot;0&quot;,&quot;title&quot;:&quot;&quot;,&quot;orientation&quot;:&quot;0&quot;}\" data-image-title=\"revitty_lammas.jpg\" data-image-description=\"\" data-medium-file=\"https:\/\/i2.wp.com\/a-lehdet-blogs.s3.amazonaws.com\/uploads\/sites\/26\/2015\/04\/revitty_lammas.jpg?fit=200%2C300&amp;ssl=1\" data-large-file=\"https:\/\/i2.wp.com\/a-lehdet-blogs.s3.amazonaws.com\/uploads\/sites\/26\/2015\/04\/revitty_lammas.jpg?fit=682%2C1024&amp;ssl=1\" \/>width=&#8221;730&#8243;><\/p>\n<p>P\u00e4\u00e4ruoaksi sopii erinomaisesti&nbsp;<a rel=\"nofollow\" href=\"http:\/\/www.maku.fi\/blogit\/keittiossa-kotona-ja-puutarhassa\/paasiaisillallinen-nyhtokaritsaa-valkosipuliperunoita-ja\">Nyht\u00f6karitsa, valkosipuliperunoita ja hunajajuureksia<\/a>. Nyht\u00f6karitsa oli taivaallista.<\/p>\n<p><img decoding=\"async\" loading=\"lazy\" width=\"933\" height=\"1400\" src=\"https:\/\/i2.wp.com\/a-lehdet-blogs.s3.amazonaws.com\/uploads\/sites\/26\/2015\/04\/grillattu_lampaan_ulkofilee.jpg?fit=933%2C1400&amp;ssl=1\" class=\"attachment-full size-full\" alt=\"\" srcset=\"https:\/\/i2.wp.com\/a-lehdet-blogs.s3.amazonaws.com\/uploads\/sites\/26\/2015\/04\/grillattu_lampaan_ulkofilee.jpg?w=933&amp;ssl=1 933w, https:\/\/i2.wp.com\/a-lehdet-blogs.s3.amazonaws.com\/uploads\/sites\/26\/2015\/04\/grillattu_lampaan_ulkofilee.jpg?resize=200%2C300&amp;ssl=1 200w, https:\/\/i2.wp.com\/a-lehdet-blogs.s3.amazonaws.com\/uploads\/sites\/26\/2015\/04\/grillattu_lampaan_ulkofilee.jpg?resize=768%2C1152&amp;ssl=1 768w, https:\/\/i2.wp.com\/a-lehdet-blogs.s3.amazonaws.com\/uploads\/sites\/26\/2015\/04\/grillattu_lampaan_ulkofilee.jpg?resize=682%2C1024&amp;ssl=1 682w\" sizes=\"(max-width: 933px) 100vw, 933px\" data-attachment-id=\"7018\" data-permalink=\"http:\/\/blogit.meillakotona.fi\/keittiossakotonajapuutarhassa\/grillattu_lampaan_ulkofilee-jpg-8\/\" data-orig-file=\"https:\/\/i2.wp.com\/a-lehdet-blogs.s3.amazonaws.com\/uploads\/sites\/26\/2015\/04\/grillattu_lampaan_ulkofilee.jpg?fit=933%2C1400&amp;ssl=1\" data-orig-size=\"933,1400\" data-comments-opened=\"1\" data-image-meta=\"{&quot;aperture&quot;:&quot;0&quot;,&quot;credit&quot;:&quot;&quot;,&quot;camera&quot;:&quot;&quot;,&quot;caption&quot;:&quot;&quot;,&quot;created_timestamp&quot;:&quot;0&quot;,&quot;copyright&quot;:&quot;&quot;,&quot;focal_length&quot;:&quot;0&quot;,&quot;iso&quot;:&quot;0&quot;,&quot;shutter_speed&quot;:&quot;0&quot;,&quot;title&quot;:&quot;&quot;,&quot;orientation&quot;:&quot;0&quot;}\" data-image-title=\"grillattu_lampaan_ulkofilee.jpg\" data-image-description=\"\" data-medium-file=\"https:\/\/i2.wp.com\/a-lehdet-blogs.s3.amazonaws.com\/uploads\/sites\/26\/2015\/04\/grillattu_lampaan_ulkofilee.jpg?fit=200%2C300&amp;ssl=1\" data-large-file=\"https:\/\/i2.wp.com\/a-lehdet-blogs.s3.amazonaws.com\/uploads\/sites\/26\/2015\/04\/grillattu_lampaan_ulkofilee.jpg?fit=682%2C1024&amp;ssl=1\" \/>width=&#8221;730&#8243;><span style=\"font-size: 1em; line-height: 1.4;\">P\u00e4\u00e4si\u00e4isen\u00e4 voi my\u00f6s hyvin grillata. Vaihtoehtoiseksi p\u00e4\u00e4ruoksiaksi suosittelen l\u00e4mpim\u00e4sti &nbsp;<\/span><a rel=\"nofollow\" href=\"http:\/\/www.maku.fi\/blogit\/keittiossa-kotona-ja-puutarhassa\/paasiaisateria-grillattu-lampaan-ulkofile-ja-granaattiomena\" style=\"font-size: 1em; line-height: 1.4;\">Grillattua lampaan ulkofilett\u00e4 ja granaattiomena-couscousia<\/a>.<\/p>\n<p><img decoding=\"async\" loading=\"lazy\" width=\"933\" height=\"1400\" src=\"https:\/\/i0.wp.com\/a-lehdet-blogs.s3.amazonaws.com\/uploads\/sites\/26\/2015\/04\/passion_pannacotta.jpg?fit=933%2C1400&amp;ssl=1\" class=\"attachment-full size-full\" alt=\"\" srcset=\"https:\/\/i0.wp.com\/a-lehdet-blogs.s3.amazonaws.com\/uploads\/sites\/26\/2015\/04\/passion_pannacotta.jpg?w=933&amp;ssl=1 933w, https:\/\/i0.wp.com\/a-lehdet-blogs.s3.amazonaws.com\/uploads\/sites\/26\/2015\/04\/passion_pannacotta.jpg?resize=200%2C300&amp;ssl=1 200w, https:\/\/i0.wp.com\/a-lehdet-blogs.s3.amazonaws.com\/uploads\/sites\/26\/2015\/04\/passion_pannacotta.jpg?resize=768%2C1152&amp;ssl=1 768w, https:\/\/i0.wp.com\/a-lehdet-blogs.s3.amazonaws.com\/uploads\/sites\/26\/2015\/04\/passion_pannacotta.jpg?resize=682%2C1024&amp;ssl=1 682w\" sizes=\"(max-width: 933px) 100vw, 933px\" data-attachment-id=\"7020\" data-permalink=\"http:\/\/blogit.meillakotona.fi\/keittiossakotonajapuutarhassa\/passion_pannacotta-jpg-9\/\" data-orig-file=\"https:\/\/i0.wp.com\/a-lehdet-blogs.s3.amazonaws.com\/uploads\/sites\/26\/2015\/04\/passion_pannacotta.jpg?fit=933%2C1400&amp;ssl=1\" data-orig-size=\"933,1400\" data-comments-opened=\"1\" data-image-meta=\"{&quot;aperture&quot;:&quot;0&quot;,&quot;credit&quot;:&quot;&quot;,&quot;camera&quot;:&quot;&quot;,&quot;caption&quot;:&quot;&quot;,&quot;created_timestamp&quot;:&quot;0&quot;,&quot;copyright&quot;:&quot;&quot;,&quot;focal_length&quot;:&quot;0&quot;,&quot;iso&quot;:&quot;0&quot;,&quot;shutter_speed&quot;:&quot;0&quot;,&quot;title&quot;:&quot;&quot;,&quot;orientation&quot;:&quot;0&quot;}\" data-image-title=\"passion_pannacotta.jpg\" data-image-description=\"\" data-medium-file=\"https:\/\/i0.wp.com\/a-lehdet-blogs.s3.amazonaws.com\/uploads\/sites\/26\/2015\/04\/passion_pannacotta.jpg?fit=200%2C300&amp;ssl=1\" data-large-file=\"https:\/\/i0.wp.com\/a-lehdet-blogs.s3.amazonaws.com\/uploads\/sites\/26\/2015\/04\/passion_pannacotta.jpg?fit=682%2C1024&amp;ssl=1\" \/>width=&#8221;730&#8243;><\/p>\n<p>J\u00e4lkiruoaksi ehdotan herkullista&nbsp;<a rel=\"nofollow\" href=\"http:\/\/www.maku.fi\/blogit\/keittiossa-kotona-ja-puutarhassa\/passionpannacotta-marinoidulla-mangolla\">Passionpannacottaa marinoidulla mangolla<\/a>. Pannacotan voi hyvin valmistaa edellisen\u00e4 p\u00e4iv\u00e4n\u00e4.<\/p>\n<p>Toivottavasti n\u00e4ist\u00e4 ideoista oli teille iloa. Herkullista p\u00e4\u00e4si\u00e4ist\u00e4!<\/p>\n","protected":false},"excerpt":{"rendered":"<p>Hyv\u00e4\u00e4 p\u00e4\u00e4si\u00e4ist\u00e4! T\u00e4ss\u00e4 ehk\u00e4 hiukan my\u00f6h\u00e4ss\u00e4 minun ehdotukseni p\u00e4\u00e4si\u00e4ismenuksi. Huomenna tosin ehtii&hellip;<\/p>\n","protected":false},"author":32,"featured_media":0,"comment_status":"open","ping_status":"closed","sticky":false,"template":"","format":"standard","meta":{"footnotes":""},"categories":[1],"tags":[96,104],"acf":[],"platta":{"numLikes":0,"numComments":1,"category":null,"themes":[],"commercial_partner":null,"thumbnail":"https:\/\/i0.wp.com\/a-lehdet-blogs.s3.amazonaws.com\/uploads\/sites\/26\/2015\/04\/paasiaisen_alkupala.jpg","blog_id":26},"jetpack_featured_media_url":"","_links":{"self":[{"href":"https:\/\/blogit.meillakotona.fi\/keittiossakotonajapuutarhassa\/api\/wp\/v2\/posts\/3992"}],"collection":[{"href":"https:\/\/blogit.meillakotona.fi\/keittiossakotonajapuutarhassa\/api\/wp\/v2\/posts"}],"about":[{"href":"https:\/\/blogit.meillakotona.fi\/keittiossakotonajapuutarhassa\/api\/wp\/v2\/types\/post"}],"author":[{"embeddable":true,"href":"https:\/\/blogit.meillakotona.fi\/keittiossakotonajapuutarhassa\/api\/wp\/v2\/users\/32"}],"replies":[{"embeddable":true,"href":"https:\/\/blogit.meillakotona.fi\/keittiossakotonajapuutarhassa\/api\/wp\/v2\/comments?post=3992"}],"version-history":[{"count":4,"href":"https:\/\/blogit.meillakotona.fi\/keittiossakotonajapuutarhassa\/api\/wp\/v2\/posts\/3992\/revisions"}],"predecessor-version":[{"id":7021,"href":"https:\/\/blogit.meillakotona.fi\/keittiossakotonajapuutarhassa\/api\/wp\/v2\/posts\/3992\/revisions\/7021"}],"wp:attachment":[{"href":"https:\/\/blogit.meillakotona.fi\/keittiossakotonajapuutarhassa\/api\/wp\/v2\/media?parent=3992"}],"wp:term":[{"taxonomy":"category","embeddable":true,"href":"https:\/\/blogit.meillakotona.fi\/keittiossakotonajapuutarhassa\/api\/wp\/v2\/categories?post=3992"},{"taxonomy":"post_tag","embeddable":true,"href":"https:\/\/blogit.meillakotona.fi\/keittiossakotonajapuutarhassa\/api\/wp\/v2\/tags?post=3992"}],"curies":[{"name":"wp","href":"https:\/\/api.w.org\/{rel}","templated":true}]}}